{"id":42943,"date":"2022-08-01T12:31:36","date_gmt":"2022-08-01T12:31:36","guid":{"rendered":"http:\/\/elterritorialweb.com.ar\/web\/?p=42943"},"modified":"2022-08-01T12:31:37","modified_gmt":"2022-08-01T12:31:37","slug":"gran-convocatoria-en-la-actuacion-de-la-banda-de-musica-de-la-policia","status":"publish","type":"post","link":"http:\/\/elterritorialweb.com.ar\/web\/gran-convocatoria-en-la-actuacion-de-la-banda-de-musica-de-la-policia\/","title":{"rendered":"GRAN CONVOCATORIA EN LA ACTUACI\u00d3N DE LA BANDA DE M\u00daSICA DE LA POLICIA"},"content":{"rendered":"\n<p>En el \u00faltimo d\u00eda de actividades organizadas por la Municipalidad&nbsp; en el marco del mes aniversario de la Madre de Ciudades, la Banda de&nbsp; de la Polic\u00eda de la provincia tuvo una amplia convocatoria de p\u00fablico que desbord\u00f3 el \u00d3valo del Parque Sur.<\/p>\n\n\n\n<p>La banda de la instituci\u00f3n interpret\u00f3 un amplio repertorio popular con m\u00fasica de los \u00b470 y \u00b480. Tuvo como invitados a Silvana Villoslada, Ver\u00f3nica Sarda\u00f1a, Valeria Nassif y Diego Abdala.<\/p>\n","protected":false},"excerpt":{"rendered":"<p>La misma se realiz\u00f3 en el \u00d3valo del Parque Sur.<\/p>\n","protected":false},"author":2,"featured_media":42944,"comment_status":"open","ping_status":"open","sticky":false,"template":"","format":"standard","meta":{"om_disable_all_campaigns":false,"_monsterinsights_skip_tracking":false,"_monsterinsights_sitenote_active":false,"_monsterinsights_sitenote_note":"","_monsterinsights_sitenote_category":0,"_uf_show_specific_survey":0,"_uf_disable_surveys":false,"jetpack_post_was_ever_published":false,"_jetpack_newsletter_access":"","_jetpack_dont_email_post_to_subs":false,"_jetpack_newsletter_tier_id":0,"_jetpack_memberships_contains_paywalled_content":false,"_jetpack_memberships_contains_paid_content":false,"footnotes":"","jetpack_publicize_message":"","jetpack_publicize_feature_enabled":true,"jetpack_social_post_already_shared":false,"jetpack_social_options":{"image_generator_settings":{"template":"highway","default_image_id":0,"font":"","enabled":false},"version":2}},"categories":[21],"tags":[],"class_list":["post-42943","post","type-post","status-publish","format-standard","has-post-thumbnail","hentry","category-locales"],"aioseo_notices":[],"views":1,"jetpack_publicize_connections":[],"jetpack_featured_media_url":"https:\/\/i0.wp.com\/elterritorialweb.com.ar\/web\/wp-content\/uploads\/2022\/08\/banda-de-musica-parque-sur.jpeg?fit=1280%2C744","jetpack_sharing_enabled":true,"_links":{"self":[{"href":"http:\/\/elterritorialweb.com.ar\/web\/wp-json\/wp\/v2\/posts\/42943","targetHints":{"allow":["GET"]}}],"collection":[{"href":"http:\/\/elterritorialweb.com.ar\/web\/wp-json\/wp\/v2\/posts"}],"about":[{"href":"http:\/\/elterritorialweb.com.ar\/web\/wp-json\/wp\/v2\/types\/post"}],"author":[{"embeddable":true,"href":"http:\/\/elterritorialweb.com.ar\/web\/wp-json\/wp\/v2\/users\/2"}],"replies":[{"embeddable":true,"href":"http:\/\/elterritorialweb.com.ar\/web\/wp-json\/wp\/v2\/comments?post=42943"}],"version-history":[{"count":1,"href":"http:\/\/elterritorialweb.com.ar\/web\/wp-json\/wp\/v2\/posts\/42943\/revisions"}],"predecessor-version":[{"id":42945,"href":"http:\/\/elterritorialweb.com.ar\/web\/wp-json\/wp\/v2\/posts\/42943\/revisions\/42945"}],"wp:featuredmedia":[{"embeddable":true,"href":"http:\/\/elterritorialweb.com.ar\/web\/wp-json\/wp\/v2\/media\/42944"}],"wp:attachment":[{"href":"http:\/\/elterritorialweb.com.ar\/web\/wp-json\/wp\/v2\/media?parent=42943"}],"wp:term":[{"taxonomy":"category","embeddable":true,"href":"http:\/\/elterritorialweb.com.ar\/web\/wp-json\/wp\/v2\/categories?post=42943"},{"taxonomy":"post_tag","embeddable":true,"href":"http:\/\/elterritorialweb.com.ar\/web\/wp-json\/wp\/v2\/tags?post=42943"}],"curies":[{"name":"wp","href":"https:\/\/api.w.org\/{rel}","templated":true}]}}