{"id":42946,"date":"2022-08-01T13:00:14","date_gmt":"2022-08-01T13:00:14","guid":{"rendered":"http:\/\/elterritorialweb.com.ar\/web\/?p=42946"},"modified":"2022-08-01T13:11:48","modified_gmt":"2022-08-01T13:11:48","slug":"sergio-massa-raul-rigo-sera-el-secretario-de-hacienda","status":"publish","type":"post","link":"http:\/\/elterritorialweb.com.ar\/web\/sergio-massa-raul-rigo-sera-el-secretario-de-hacienda\/","title":{"rendered":"SERGIO MASSA: \u00abRAUL RIGO SER\u00c1 EL SECRETARIO DE HACIENDA\u00bb"},"content":{"rendered":"\n<p>En la jornada de este lunes, El presidente de la C\u00e1mara de Diputados, Sergio Massa, comunic\u00f3 a trav\u00e9s de Twitter que Ra\u00fal Rigo ser\u00e1 el secretario de Hacienda que lo acompa\u00f1ar\u00e1 en este nuevo desafio.<\/p>\n\n\n\n<p>Tambi\u00e9n lo acompa\u00f1aran Jorge Domper como Subsecretario de Presupuesto y Claudia Balestrini a cargo de la Subsecretar\u00eda de Ingresos P\u00fablicos.<\/p>\n\n\n\n<p><em>\u00abLes comunico que Ra\u00fal Rigo ser\u00e1 el Secretario de Hacienda. Lo acompa\u00f1ar\u00e1n Jorge Domper como Subsecretario de Presupuesto y Claudia Balestrini a cargo de la Subsecretar\u00eda de Ingresos P\u00fablicos\u00bb, inform\u00f3 Massa v\u00eda Twitter. \u00abEl objetivo es ordenar y cuidar las cuentas p\u00fablicas\u00bb, agreg\u00f3.<\/em><\/p>\n\n\n\n<figure class=\"wp-block-embed is-type-rich is-provider-twitter wp-block-embed-twitter\"><div class=\"wp-block-embed__wrapper\">\n<blockquote class=\"twitter-tweet\" data-width=\"550\" data-dnt=\"true\"><p lang=\"es\" dir=\"ltr\">Les comunico que Ra\u00fal Rigo ser\u00e1 el Secretario de Hacienda.<br>Lo acompa\u00f1ar\u00e1n Jorge Domper como Subsecretario de Presupuesto y Claudia Balestrini a cargo de la Subsecretar\u00eda de Ingresos P\u00fablicos.<br><br>El objetivo es ordenar y cuidar las cuentas p\u00fablicas.<\/p>&mdash; Sergio Massa (@SergioMassa) <a href=\"https:\/\/twitter.com\/SergioMassa\/status\/1554085719307698176?ref_src=twsrc%5Etfw\">August 1, 2022<\/a><\/blockquote><script async src=\"https:\/\/platform.twitter.com\/widgets.js\" charset=\"utf-8\"><\/script>\n<\/div><\/figure>\n\n\n\n<p>\u00abEl objetivo es ordenar y cuidar las cuentas p\u00fablicas\u00bb. dijo Massa<\/p>\n","protected":false},"excerpt":{"rendered":"<p>As\u00ed lo afirm\u00f3 el flamante superministro en sus redes sociales, antes de asumir el pr\u00f3ximo mi\u00e9rcoles como ministro de Econom\u00eda, Desarrollo Productivo y Agricultura y renunciar a la Presidencia de la C\u00e1mara de Diputados.<\/p>\n","protected":false},"author":2,"featured_media":42947,"comment_status":"open","ping_status":"open","sticky":false,"template":"","format":"standard","meta":{"om_disable_all_campaigns":false,"_monsterinsights_skip_tracking":false,"_monsterinsights_sitenote_active":false,"_monsterinsights_sitenote_note":"","_monsterinsights_sitenote_category":0,"_uf_show_specific_survey":0,"_uf_disable_surveys":false,"jetpack_post_was_ever_published":false,"_jetpack_newsletter_access":"","_jetpack_dont_email_post_to_subs":false,"_jetpack_newsletter_tier_id":0,"_jetpack_memberships_contains_paywalled_content":false,"_jetpack_memberships_contains_paid_content":false,"footnotes":"","jetpack_publicize_message":"","jetpack_publicize_feature_enabled":true,"jetpack_social_post_already_shared":false,"jetpack_social_options":{"image_generator_settings":{"template":"highway","default_image_id":0,"font":"","enabled":false},"version":2}},"categories":[4,18],"tags":[],"class_list":["post-42946","post","type-post","status-publish","format-standard","has-post-thumbnail","hentry","category-destacadas","category-politica"],"aioseo_notices":[],"views":8,"jetpack_publicize_connections":[],"jetpack_featured_media_url":"https:\/\/i0.wp.com\/elterritorialweb.com.ar\/web\/wp-content\/uploads\/2022\/08\/image.png?fit=610%2C383","jetpack_sharing_enabled":true,"_links":{"self":[{"href":"http:\/\/elterritorialweb.com.ar\/web\/wp-json\/wp\/v2\/posts\/42946","targetHints":{"allow":["GET"]}}],"collection":[{"href":"http:\/\/elterritorialweb.com.ar\/web\/wp-json\/wp\/v2\/posts"}],"about":[{"href":"http:\/\/elterritorialweb.com.ar\/web\/wp-json\/wp\/v2\/types\/post"}],"author":[{"embeddable":true,"href":"http:\/\/elterritorialweb.com.ar\/web\/wp-json\/wp\/v2\/users\/2"}],"replies":[{"embeddable":true,"href":"http:\/\/elterritorialweb.com.ar\/web\/wp-json\/wp\/v2\/comments?post=42946"}],"version-history":[{"count":2,"href":"http:\/\/elterritorialweb.com.ar\/web\/wp-json\/wp\/v2\/posts\/42946\/revisions"}],"predecessor-version":[{"id":42949,"href":"http:\/\/elterritorialweb.com.ar\/web\/wp-json\/wp\/v2\/posts\/42946\/revisions\/42949"}],"wp:featuredmedia":[{"embeddable":true,"href":"http:\/\/elterritorialweb.com.ar\/web\/wp-json\/wp\/v2\/media\/42947"}],"wp:attachment":[{"href":"http:\/\/elterritorialweb.com.ar\/web\/wp-json\/wp\/v2\/media?parent=42946"}],"wp:term":[{"taxonomy":"category","embeddable":true,"href":"http:\/\/elterritorialweb.com.ar\/web\/wp-json\/wp\/v2\/categories?post=42946"},{"taxonomy":"post_tag","embeddable":true,"href":"http:\/\/elterritorialweb.com.ar\/web\/wp-json\/wp\/v2\/tags?post=42946"}],"curies":[{"name":"wp","href":"https:\/\/api.w.org\/{rel}","templated":true}]}}