{"id":42950,"date":"2022-08-01T13:23:29","date_gmt":"2022-08-01T13:23:29","guid":{"rendered":"http:\/\/elterritorialweb.com.ar\/web\/?p=42950"},"modified":"2022-08-01T14:36:44","modified_gmt":"2022-08-01T14:36:44","slug":"violento-robo-sufrio-un-jugador-de-boca-cuando-volvia-a-su-casa","status":"publish","type":"post","link":"http:\/\/elterritorialweb.com.ar\/web\/violento-robo-sufrio-un-jugador-de-boca-cuando-volvia-a-su-casa\/","title":{"rendered":"VIOLENTO ROBO SUFRI\u00d3 UN JUGADOR DE BOCA CUANDO VOLV\u00cdA A SU CASA"},"content":{"rendered":"\n<p><strong>Agust\u00edn S\u00e1ndez, defensor de Boca Juniors, sufri\u00f3 un violento asalto este domingo por la noche mientras volv\u00eda a su casa despu\u00e9s del partido ante Patronato.<\/strong>&nbsp;Cinco delincuentes lo abordaron y le pegaron un culatazo en la cabeza para robarle su veh\u00edculo.<\/p>\n\n\n\n<p>El propio jugador lo cont\u00f3 a trav\u00e9s de sus redes sociales.&nbsp;<strong>\u00abMe acaban de robar la camioneta y todas mis pertenencias. Si les llega alg\u00fan mensaje, no soy yo\u00bb,<\/strong>&nbsp;escribi\u00f3 en una historia de Instagram que despu\u00e9s borr\u00f3.<\/p>\n\n\n\n<p>Su pareja, Nazarena Medina, tambi\u00e9n subi\u00f3 y luego elimin\u00f3 una foto donde puede verse el rostro ensangrentado del futbolista.&nbsp;<strong>\u00abLa inseguridad hoy nos toc\u00f3 a nosotros. Le robaron a Agust\u00edn. Te roban la camioneta y te rompen la cabeza de un culatazo, una locura\u00bb,<\/strong>&nbsp;se lament\u00f3.<\/p>\n\n\n\n<figure class=\"wp-block-embed is-type-rich is-provider-twitter wp-block-embed-twitter\"><div class=\"wp-block-embed__wrapper\">\n<div class=\"embed-twitter\"><blockquote class=\"twitter-tweet\" data-width=\"550\" data-dnt=\"true\"><p lang=\"es\" dir=\"ltr\">Le robaron al Gusa Sandez <a href=\"https:\/\/t.co\/jjVydscpff\">pic.twitter.com\/jjVydscpff<\/a><\/p>&mdash; \ud83c\udfc6 (@docedoce121212) <a href=\"https:\/\/twitter.com\/docedoce121212\/status\/1553967294849568768?ref_src=twsrc%5Etfw\">August 1, 2022<\/a><\/blockquote><script async src=\"https:\/\/platform.twitter.com\/widgets.js\" charset=\"utf-8\"><\/script><\/div>\n<\/div><\/figure>\n\n\n\n<p>Agust\u00edn S\u00e1ndez estuvo en el banco de suplentes en Paran\u00e1, donde Boca perdi\u00f3 3-0 ante Patronato por la fecha 11 de la Liga Profesional.&nbsp;<strong>El plantel xeneize tom\u00f3 un vuelo ch\u00e1rter hasta el aeropuerto de Ezeiza, se traslad\u00f3 al predio que el club tiene a pocos kil\u00f3metros y all\u00ed el jugador se subi\u00f3 a su camioneta Amarok color gris.<\/strong><\/p>\n\n\n\n<p><strong>Cuando el defensor lleg\u00f3 a su casa, en Lan\u00fas Oeste,<\/strong>&nbsp;<strong>fue abordado por cinco delincuentes que lo golpearon y le robaron el veh\u00edculo y todas sus pertenencias.&nbsp;<\/strong>El grupo estaba huyendo de la Polic\u00eda y se movilizaba a bordo de un Toyota Corolla blanco que hab\u00eda robado 45 minutos antes en la zona de Quilmes.<\/p>\n\n\n\n<p>El anillo digital de la Polic\u00eda de la Ciudad ubic\u00f3 el Corolla en Necochea y avenida Su\u00e1rez, en el barrio de la Boca. La camioneta fue interceptada en el Puente Avellaneda cuando intentaba regresar a la provincia de Buenos Aires.\u00a0<strong>Por el hecho hay un pr\u00f3fugo y cuatro detenidos de entre 15 y 18 a\u00f1os.<\/strong><\/p>\n\n\n\n<figure class=\"wp-block-embed is-type-rich is-provider-gestor-del-servicio wp-block-embed-gestor-del-servicio wp-embed-aspect-16-9 wp-has-aspect-ratio\"><div class=\"wp-block-embed__wrapper\">\n<iframe title=\"AS\u00cd fue el VIOLENTO ASALTO a AGUST\u00cdN S\u00c1NDEZ\" width=\"640\" height=\"360\" data-src=\"https:\/\/www.youtube.com\/embed\/v6DEiRuwOfA?feature=oembed\" frameborder=\"0\" allow=\"accelerometer; autoplay; clipboard-write; encrypted-media; gyroscope; picture-in-picture; web-share\" referrerpolicy=\"strict-origin-when-cross-origin\" allowfullscreen src=\"data:image\/svg+xml;base64,PHN2ZyB3aWR0aD0iMSIgaGVpZ2h0PSIxIiB4bWxucz0iaHR0cDovL3d3dy53My5vcmcvMjAwMC9zdmciPjwvc3ZnPg==\" class=\"lazyload\" data-load-mode=\"1\"><\/iframe>\n<\/div><\/figure>\n","protected":false},"excerpt":{"rendered":"<p>El futbolista lo cont\u00f3 a trav\u00e9s de Instagram. \u00abTe roban y te rompen la cabeza de un culatazo\u00bb, escribi\u00f3 su pareja, junto a una foto del jugador ensangrentado. Luego, ambos eliminaron las historias.<\/p>\n","protected":false},"author":2,"featured_media":42951,"comment_status":"open","ping_status":"open","sticky":false,"template":"","format":"standard","meta":{"om_disable_all_campaigns":false,"_monsterinsights_skip_tracking":false,"_monsterinsights_sitenote_active":false,"_monsterinsights_sitenote_note":"","_monsterinsights_sitenote_category":0,"_uf_show_specific_survey":0,"_uf_disable_surveys":false,"jetpack_post_was_ever_published":false,"_jetpack_newsletter_access":"","_jetpack_dont_email_post_to_subs":false,"_jetpack_newsletter_tier_id":0,"_jetpack_memberships_contains_paywalled_content":false,"_jetpack_memberships_contains_paid_content":false,"footnotes":"","jetpack_publicize_message":"","jetpack_publicize_feature_enabled":true,"jetpack_social_post_already_shared":false,"jetpack_social_options":{"image_generator_settings":{"template":"highway","default_image_id":0,"font":"","enabled":false},"version":2}},"categories":[6],"tags":[],"class_list":["post-42950","post","type-post","status-publish","format-standard","has-post-thumbnail","hentry","category-deportes"],"aioseo_notices":[],"views":6,"jetpack_publicize_connections":[],"jetpack_featured_media_url":"https:\/\/i0.wp.com\/elterritorialweb.com.ar\/web\/wp-content\/uploads\/2022\/08\/image-1.png?fit=1920%2C1080","jetpack_sharing_enabled":true,"_links":{"self":[{"href":"http:\/\/elterritorialweb.com.ar\/web\/wp-json\/wp\/v2\/posts\/42950","targetHints":{"allow":["GET"]}}],"collection":[{"href":"http:\/\/elterritorialweb.com.ar\/web\/wp-json\/wp\/v2\/posts"}],"about":[{"href":"http:\/\/elterritorialweb.com.ar\/web\/wp-json\/wp\/v2\/types\/post"}],"author":[{"embeddable":true,"href":"http:\/\/elterritorialweb.com.ar\/web\/wp-json\/wp\/v2\/users\/2"}],"replies":[{"embeddable":true,"href":"http:\/\/elterritorialweb.com.ar\/web\/wp-json\/wp\/v2\/comments?post=42950"}],"version-history":[{"count":3,"href":"http:\/\/elterritorialweb.com.ar\/web\/wp-json\/wp\/v2\/posts\/42950\/revisions"}],"predecessor-version":[{"id":42962,"href":"http:\/\/elterritorialweb.com.ar\/web\/wp-json\/wp\/v2\/posts\/42950\/revisions\/42962"}],"wp:featuredmedia":[{"embeddable":true,"href":"http:\/\/elterritorialweb.com.ar\/web\/wp-json\/wp\/v2\/media\/42951"}],"wp:attachment":[{"href":"http:\/\/elterritorialweb.com.ar\/web\/wp-json\/wp\/v2\/media?parent=42950"}],"wp:term":[{"taxonomy":"category","embeddable":true,"href":"http:\/\/elterritorialweb.com.ar\/web\/wp-json\/wp\/v2\/categories?post=42950"},{"taxonomy":"post_tag","embeddable":true,"href":"http:\/\/elterritorialweb.com.ar\/web\/wp-json\/wp\/v2\/tags?post=42950"}],"curies":[{"name":"wp","href":"https:\/\/api.w.org\/{rel}","templated":true}]}}