{"id":42954,"date":"2022-08-01T13:35:33","date_gmt":"2022-08-01T13:35:33","guid":{"rendered":"http:\/\/elterritorialweb.com.ar\/web\/?p=42954"},"modified":"2022-08-01T13:36:14","modified_gmt":"2022-08-01T13:36:14","slug":"unas-159-millones-de-personas-viajaron-por-el-pais-durante-las-vacaciones-de-invierno","status":"publish","type":"post","link":"http:\/\/elterritorialweb.com.ar\/web\/unas-159-millones-de-personas-viajaron-por-el-pais-durante-las-vacaciones-de-invierno\/","title":{"rendered":"UNAS 15,9 MILLONES DE PERSONAS VIAJARON POR EL PA\u00cdS DURANTE LAS VACACIONES DE INVIERNO"},"content":{"rendered":"\n<p>El secretario de Turismo de la Confederaci\u00f3n Argentina de la Mediana Empresa (CAME), Gregorio Werchow, destac\u00f3 hoy que la temporada invernal constituy\u00f3 un \u00abr\u00e9cord\u00bb con un movimiento por el pa\u00eds de \u00ab15,9 millones de personas\u00bb entre excursionistas (que no duermen fuera de sus domicilios) y turistas.<\/p>\n\n\n\n<p>\u201cEntre excursionistas y turistas viajaron 15,9 millones de personas por el pa\u00eds, 20,7% m\u00e1s que el a\u00f1o pasado, y gastaron $147.313 millones en las ciudades que forman parte del circuito tur\u00edstico nacional, un impacto econ\u00f3mico 95,2% mayor a 2021 a precios constantes\u201d, describi\u00f3 Werchow en declaraciones a T\u00e9lam Radio.<\/p>\n\n\n\n<p>El dirigente destac\u00f3 en el an\u00e1lisis de CAME \u201cel impacto de la visita de turistas extranjeros\u201d, m\u00e1s \u201cunos 300 mil\u201d que viajaron con el \u00faltimo tramo del programa PreViaje 2.<\/p>\n\n\n\n<p>De acuerdo con el informe citado por Werchow, \u201cel turismo creci\u00f3 25% frente a 2021, el excursionismo 18,7%\u201d, en tanto, se a\u00f1adieron \u201clas fiestas y el turismo internacional\u201d.<\/p>\n\n\n\n<p>Espec\u00edficamente sobre los turistas, el informe precisa que \u201cviajaron 5.186.281, que, con una estad\u00eda media de 4 d\u00edas y un gasto diario promedio de $5.830, dejaron ingresos directos por $120.944 millones\u201d.<\/p>\n\n\n\n<p>\u201cA precios constantes, el impacto econ\u00f3mico aument\u00f3 102,2% frente a las vacaciones de invierno 2021. La suba tan importante frente al a\u00f1o pasado ocurri\u00f3 porque creci\u00f3 24,9% la cantidad de turistas, la estad\u00eda media se increment\u00f3 5,3% y el desembolso promedio diario, a precios constantes, subi\u00f3 53,8%\u201d, indica el texto.<\/p>\n\n\n\n<p>Respecto de los excursionistas, \u201cviajaron 10.740.850, que con un gasto promedio de $2.455 cada uno, dejaron un impacto econ\u00f3mico de $23.369 millones durante las vacaciones\u201d.<\/p>\n\n\n\n<p>\u201cEl movimiento de excursionistas fue 18,7% mayor a 2021, el desembolso diario ascendi\u00f3 41,8%, y por lo que el gasto total trep\u00f3 68,4%\u201d, se remarca.<\/p>\n","protected":false},"excerpt":{"rendered":"<p>Seg\u00fan destac\u00f3 el secretario de Turismo de la Confederaci\u00f3n Argentina de la Mediana Empresa, Gregorio Werchow, se movieron uns 15,9 millones de perrsones, entre excursionistas (que no duermen fuera de sus domicilios) y turistas. <\/p>\n","protected":false},"author":2,"featured_media":42955,"comment_status":"open","ping_status":"open","sticky":false,"template":"","format":"standard","meta":{"om_disable_all_campaigns":false,"_monsterinsights_skip_tracking":false,"_monsterinsights_sitenote_active":false,"_monsterinsights_sitenote_note":"","_monsterinsights_sitenote_category":0,"_uf_show_specific_survey":0,"_uf_disable_surveys":false,"jetpack_post_was_ever_published":false,"_jetpack_newsletter_access":"","_jetpack_dont_email_post_to_subs":false,"_jetpack_newsletter_tier_id":0,"_jetpack_memberships_contains_paywalled_content":false,"_jetpack_memberships_contains_paid_content":false,"footnotes":"","jetpack_publicize_message":"","jetpack_publicize_feature_enabled":true,"jetpack_social_post_already_shared":false,"jetpack_social_options":{"image_generator_settings":{"template":"highway","default_image_id":0,"font":"","enabled":false},"version":2}},"categories":[2,29],"tags":[],"class_list":["post-42954","post","type-post","status-publish","format-standard","has-post-thumbnail","hentry","category-economia","category-turismo"],"aioseo_notices":[],"views":8,"jetpack_publicize_connections":[],"jetpack_featured_media_url":"https:\/\/i0.wp.com\/elterritorialweb.com.ar\/web\/wp-content\/uploads\/2022\/08\/VACACIONES-DE-INVIERNO.jpg?fit=860%2C452","jetpack_sharing_enabled":true,"_links":{"self":[{"href":"http:\/\/elterritorialweb.com.ar\/web\/wp-json\/wp\/v2\/posts\/42954","targetHints":{"allow":["GET"]}}],"collection":[{"href":"http:\/\/elterritorialweb.com.ar\/web\/wp-json\/wp\/v2\/posts"}],"about":[{"href":"http:\/\/elterritorialweb.com.ar\/web\/wp-json\/wp\/v2\/types\/post"}],"author":[{"embeddable":true,"href":"http:\/\/elterritorialweb.com.ar\/web\/wp-json\/wp\/v2\/users\/2"}],"replies":[{"embeddable":true,"href":"http:\/\/elterritorialweb.com.ar\/web\/wp-json\/wp\/v2\/comments?post=42954"}],"version-history":[{"count":1,"href":"http:\/\/elterritorialweb.com.ar\/web\/wp-json\/wp\/v2\/posts\/42954\/revisions"}],"predecessor-version":[{"id":42956,"href":"http:\/\/elterritorialweb.com.ar\/web\/wp-json\/wp\/v2\/posts\/42954\/revisions\/42956"}],"wp:featuredmedia":[{"embeddable":true,"href":"http:\/\/elterritorialweb.com.ar\/web\/wp-json\/wp\/v2\/media\/42955"}],"wp:attachment":[{"href":"http:\/\/elterritorialweb.com.ar\/web\/wp-json\/wp\/v2\/media?parent=42954"}],"wp:term":[{"taxonomy":"category","embeddable":true,"href":"http:\/\/elterritorialweb.com.ar\/web\/wp-json\/wp\/v2\/categories?post=42954"},{"taxonomy":"post_tag","embeddable":true,"href":"http:\/\/elterritorialweb.com.ar\/web\/wp-json\/wp\/v2\/tags?post=42954"}],"curies":[{"name":"wp","href":"https:\/\/api.w.org\/{rel}","templated":true}]}}