{"id":42966,"date":"2022-08-01T14:55:26","date_gmt":"2022-08-01T14:55:26","guid":{"rendered":"http:\/\/elterritorialweb.com.ar\/web\/?p=42966"},"modified":"2022-08-01T14:57:13","modified_gmt":"2022-08-01T14:57:13","slug":"mitre-recibe-a-deportivo-riestra-en-roca-y-3-de-febrero","status":"publish","type":"post","link":"http:\/\/elterritorialweb.com.ar\/web\/mitre-recibe-a-deportivo-riestra-en-roca-y-3-de-febrero\/","title":{"rendered":"MITRE RECIBE A DEPORTIVO RIESTRA EN ROCA Y 3 DE FEBRERO"},"content":{"rendered":"\n<p><strong>Mitre&nbsp;<\/strong>recibe a&nbsp;<strong>Deportivo Riestra<\/strong>&nbsp;en uno de los partidos correspondientes a la 27\u00aa fecha del torneo de la&nbsp;<strong>Primera Nacional<\/strong>&nbsp;con la misi\u00f3n de sumar de a tres y reencontrarse con la victoria.<\/p>\n\n\n\n<p>El partido se disputar\u00e1 en el estadio Dres. Jos\u00e9 y Antonio Castiglione desde las 16 con el arbitraje de Diego Ceballos y transmisi\u00f3n de Radio Panorama y TyC Sports Play.<\/p>\n\n\n\n<p>El conjunto santiague\u00f1o viene de empatar ante G\u00fcemes 1-1 en el cl\u00e1sico, aunque en el desarrollo del juego mereci\u00f3 m\u00e1s. Mientras que tambi\u00e9n acumula un triunfo en casa ante All Boys. El Aurinegro acumula 29 puntos y est\u00e1 en la 25\u00aa posici\u00f3n.<\/p>\n\n\n\n<p>Por su parte, el elenco bonaerense est\u00e1 18\u00ba con 33 unidades y viene de caer ante Independiente Rivadavia de Mendoza. Cabe mencionar que deb\u00eda enfrentar a Ferro entre semana, sin embargo el partido se pospuso por la intoxicaci\u00f3n del plantel Verdolaga.<\/p>\n\n\n\n<p>Este ser\u00e1 el tercer enfrentamiento entre ambos conjuntos en la Primera Nacional; en todos se impuso Deportivo Riestra.<\/p>\n","protected":false},"excerpt":{"rendered":"<p>El Aurinegro se presenta en casa frente al conjunto bonaerense buscando sumar de a tres en la Primera Nacional.<\/p>\n","protected":false},"author":2,"featured_media":41078,"comment_status":"open","ping_status":"open","sticky":false,"template":"","format":"standard","meta":{"om_disable_all_campaigns":false,"_monsterinsights_skip_tracking":false,"_monsterinsights_sitenote_active":false,"_monsterinsights_sitenote_note":"","_monsterinsights_sitenote_category":0,"_uf_show_specific_survey":0,"_uf_disable_surveys":false,"jetpack_post_was_ever_published":false,"_jetpack_newsletter_access":"","_jetpack_dont_email_post_to_subs":false,"_jetpack_newsletter_tier_id":0,"_jetpack_memberships_contains_paywalled_content":false,"_jetpack_memberships_contains_paid_content":false,"footnotes":"","jetpack_publicize_message":"","jetpack_publicize_feature_enabled":true,"jetpack_social_post_already_shared":false,"jetpack_social_options":{"image_generator_settings":{"template":"highway","default_image_id":0,"font":"","enabled":false},"version":2}},"categories":[6],"tags":[],"class_list":["post-42966","post","type-post","status-publish","format-standard","has-post-thumbnail","hentry","category-deportes"],"aioseo_notices":[],"views":14,"jetpack_publicize_connections":[],"jetpack_featured_media_url":"https:\/\/i0.wp.com\/elterritorialweb.com.ar\/web\/wp-content\/uploads\/2022\/06\/mitre-estudiantes-3-e1659365821789.jpeg?fit=777%2C687","jetpack_sharing_enabled":true,"_links":{"self":[{"href":"http:\/\/elterritorialweb.com.ar\/web\/wp-json\/wp\/v2\/posts\/42966","targetHints":{"allow":["GET"]}}],"collection":[{"href":"http:\/\/elterritorialweb.com.ar\/web\/wp-json\/wp\/v2\/posts"}],"about":[{"href":"http:\/\/elterritorialweb.com.ar\/web\/wp-json\/wp\/v2\/types\/post"}],"author":[{"embeddable":true,"href":"http:\/\/elterritorialweb.com.ar\/web\/wp-json\/wp\/v2\/users\/2"}],"replies":[{"embeddable":true,"href":"http:\/\/elterritorialweb.com.ar\/web\/wp-json\/wp\/v2\/comments?post=42966"}],"version-history":[{"count":1,"href":"http:\/\/elterritorialweb.com.ar\/web\/wp-json\/wp\/v2\/posts\/42966\/revisions"}],"predecessor-version":[{"id":42967,"href":"http:\/\/elterritorialweb.com.ar\/web\/wp-json\/wp\/v2\/posts\/42966\/revisions\/42967"}],"wp:featuredmedia":[{"embeddable":true,"href":"http:\/\/elterritorialweb.com.ar\/web\/wp-json\/wp\/v2\/media\/41078"}],"wp:attachment":[{"href":"http:\/\/elterritorialweb.com.ar\/web\/wp-json\/wp\/v2\/media?parent=42966"}],"wp:term":[{"taxonomy":"category","embeddable":true,"href":"http:\/\/elterritorialweb.com.ar\/web\/wp-json\/wp\/v2\/categories?post=42966"},{"taxonomy":"post_tag","embeddable":true,"href":"http:\/\/elterritorialweb.com.ar\/web\/wp-json\/wp\/v2\/tags?post=42966"}],"curies":[{"name":"wp","href":"https:\/\/api.w.org\/{rel}","templated":true}]}}