{"id":42976,"date":"2022-08-02T02:19:13","date_gmt":"2022-08-02T02:19:13","guid":{"rendered":"http:\/\/elterritorialweb.com.ar\/web\/?p=42976"},"modified":"2022-08-02T02:19:13","modified_gmt":"2022-08-02T02:19:13","slug":"entregaron-40-camionetas-a-la-policia-de-la-provincia","status":"publish","type":"post","link":"http:\/\/elterritorialweb.com.ar\/web\/entregaron-40-camionetas-a-la-policia-de-la-provincia\/","title":{"rendered":"ENTREGARON 40 CAMIONETAS A LA POLIC\u00cdA DE LA PROVINCIA"},"content":{"rendered":"\n<p>El acto se llev\u00f3 a cabo en la explanada de Casa de Gobierno, donde tambi\u00e9n estuvieron el secretario de Seguridad, Marcelo Pato, y el jefe de la Polic\u00eda, Roger Coronel, entre otros miembros de la fuerza.<\/p>\n\n\n\n<p>Estos veh\u00edculos se suman a las camionetas entregadas por el gobernador hace unas semanas para reforzar el trabajo de prevenci\u00f3n.<\/p>\n\n\n\n<p>En este sentido, Pato resalt\u00f3 el continuo acompa\u00f1amiento del gobernador. \u201cHace muchos a\u00f1os que estamos recibiendo distintos equipamientos, camionetas que son tan importantes para nuestro trabajo\u201d, dijo.<\/p>\n\n\n\n<figure class=\"wp-block-image size-large\"><a href=\"https:\/\/i0.wp.com\/elterritorialweb.com.ar\/web\/wp-content\/uploads\/2022\/08\/entrega.jpg\"><img data-recalc-dims=\"1\" decoding=\"async\" width=\"640\" height=\"427\" data-src=\"https:\/\/i0.wp.com\/elterritorialweb.com.ar\/web\/wp-content\/uploads\/2022\/08\/entrega.jpg?resize=640%2C427\" alt=\"\" class=\"wp-image-42977 lazyload\" data-srcset=\"https:\/\/i0.wp.com\/elterritorialweb.com.ar\/web\/wp-content\/uploads\/2022\/08\/entrega.jpg?resize=1024%2C683 1024w, https:\/\/i0.wp.com\/elterritorialweb.com.ar\/web\/wp-content\/uploads\/2022\/08\/entrega.jpg?resize=300%2C200 300w, https:\/\/i0.wp.com\/elterritorialweb.com.ar\/web\/wp-content\/uploads\/2022\/08\/entrega.jpg?resize=768%2C512 768w, https:\/\/i0.wp.com\/elterritorialweb.com.ar\/web\/wp-content\/uploads\/2022\/08\/entrega.jpg?resize=1536%2C1025 1536w, https:\/\/i0.wp.com\/elterritorialweb.com.ar\/web\/wp-content\/uploads\/2022\/08\/entrega.jpg?resize=2048%2C1367 2048w, https:\/\/i0.wp.com\/elterritorialweb.com.ar\/web\/wp-content\/uploads\/2022\/08\/entrega.jpg?w=1280 1280w, https:\/\/i0.wp.com\/elterritorialweb.com.ar\/web\/wp-content\/uploads\/2022\/08\/entrega.jpg?w=1920 1920w\" data-sizes=\"(max-width: 640px) 100vw, 640px\" src=\"data:image\/svg+xml;base64,PHN2ZyB3aWR0aD0iMSIgaGVpZ2h0PSIxIiB4bWxucz0iaHR0cDovL3d3dy53My5vcmcvMjAwMC9zdmciPjwvc3ZnPg==\" style=\"--smush-placeholder-width: 640px; --smush-placeholder-aspect-ratio: 640\/427;\" \/><\/a><\/figure>\n\n\n\n<p>A su turno, el jefe de Gabinete destac\u00f3 la permanente inversi\u00f3n en equipamiento en los distintos organismos.<\/p>\n\n\n\n<p>\u00abEstoy muy contento por la entrega de estos 40 veh\u00edculos para una mejor prestaci\u00f3n de servicio y de seguridad para todos\u201d, cerr\u00f3 Su\u00e1rez.<\/p>\n","protected":false},"excerpt":{"rendered":"<p>El jefe de Gabinete de Ministros, El\u00edas Su\u00e1rez, en nombre del gobernador Gerardo Zamora, realiz\u00f3 este lunes la entrega de 40 camionetas Renault Alaskan a la Polic\u00eda de la provincia. <\/p>\n","protected":false},"author":2,"featured_media":42978,"comment_status":"open","ping_status":"open","sticky":false,"template":"","format":"standard","meta":{"om_disable_all_campaigns":false,"_monsterinsights_skip_tracking":false,"_monsterinsights_sitenote_active":false,"_monsterinsights_sitenote_note":"","_monsterinsights_sitenote_category":0,"_uf_show_specific_survey":0,"_uf_disable_surveys":false,"jetpack_post_was_ever_published":false,"_jetpack_newsletter_access":"","_jetpack_dont_email_post_to_subs":false,"_jetpack_newsletter_tier_id":0,"_jetpack_memberships_contains_paywalled_content":false,"_jetpack_memberships_contains_paid_content":false,"footnotes":"","jetpack_publicize_message":"","jetpack_publicize_feature_enabled":true,"jetpack_social_post_already_shared":false,"jetpack_social_options":{"image_generator_settings":{"template":"highway","default_image_id":0,"font":"","enabled":false},"version":2}},"categories":[21],"tags":[],"class_list":["post-42976","post","type-post","status-publish","format-standard","has-post-thumbnail","hentry","category-locales"],"aioseo_notices":[],"views":7,"jetpack_publicize_connections":[],"jetpack_featured_media_url":"https:\/\/i0.wp.com\/elterritorialweb.com.ar\/web\/wp-content\/uploads\/2022\/08\/entrega-camionetas-1.jpg?fit=2248%2C1500","jetpack_sharing_enabled":true,"_links":{"self":[{"href":"http:\/\/elterritorialweb.com.ar\/web\/wp-json\/wp\/v2\/posts\/42976","targetHints":{"allow":["GET"]}}],"collection":[{"href":"http:\/\/elterritorialweb.com.ar\/web\/wp-json\/wp\/v2\/posts"}],"about":[{"href":"http:\/\/elterritorialweb.com.ar\/web\/wp-json\/wp\/v2\/types\/post"}],"author":[{"embeddable":true,"href":"http:\/\/elterritorialweb.com.ar\/web\/wp-json\/wp\/v2\/users\/2"}],"replies":[{"embeddable":true,"href":"http:\/\/elterritorialweb.com.ar\/web\/wp-json\/wp\/v2\/comments?post=42976"}],"version-history":[{"count":1,"href":"http:\/\/elterritorialweb.com.ar\/web\/wp-json\/wp\/v2\/posts\/42976\/revisions"}],"predecessor-version":[{"id":42980,"href":"http:\/\/elterritorialweb.com.ar\/web\/wp-json\/wp\/v2\/posts\/42976\/revisions\/42980"}],"wp:featuredmedia":[{"embeddable":true,"href":"http:\/\/elterritorialweb.com.ar\/web\/wp-json\/wp\/v2\/media\/42978"}],"wp:attachment":[{"href":"http:\/\/elterritorialweb.com.ar\/web\/wp-json\/wp\/v2\/media?parent=42976"}],"wp:term":[{"taxonomy":"category","embeddable":true,"href":"http:\/\/elterritorialweb.com.ar\/web\/wp-json\/wp\/v2\/categories?post=42976"},{"taxonomy":"post_tag","embeddable":true,"href":"http:\/\/elterritorialweb.com.ar\/web\/wp-json\/wp\/v2\/tags?post=42976"}],"curies":[{"name":"wp","href":"https:\/\/api.w.org\/{rel}","templated":true}]}}