{"id":42981,"date":"2022-08-02T02:35:21","date_gmt":"2022-08-02T02:35:21","guid":{"rendered":"http:\/\/elterritorialweb.com.ar\/web\/?p=42981"},"modified":"2022-08-02T02:35:22","modified_gmt":"2022-08-02T02:35:22","slug":"el-gobernador-inauguro-el-nuevo-edificio-del-jardin-n-237-y-entrego-viviendas-sociales-en-caspi-corral","status":"publish","type":"post","link":"http:\/\/elterritorialweb.com.ar\/web\/el-gobernador-inauguro-el-nuevo-edificio-del-jardin-n-237-y-entrego-viviendas-sociales-en-caspi-corral\/","title":{"rendered":"EL GOBERNADOR INAUGUR\u00d3 EL NUEVO EDIFICIO DEL JARD\u00cdN N\u00b0 237 Y ENTREG\u00d3 VIVIENDAS SOCIALES EN CASPI CORRAL"},"content":{"rendered":"\n<p>El gobernador lleg\u00f3 a la localidad acompa\u00f1ado por el vicegobernador Carlos Silva Neder y los ministros de Obras P\u00fablicas, Argentino Cambrini; de Desarrollo Social, \u00c1ngel Niccolai y de Educaci\u00f3n, Mariela Nassif, quienes fueron recibidos por el comisionado del lugar, Aldo Toledo. Tambi\u00e9n acompa\u00f1aron la diputada nacional Nilda Moyano y los comisionados de Villa Figueroa, El Cruce, Vaca Hua\u00f1una y La Invernada.<\/p>\n\n\n\n<p>Para dar inicio con su agenda, el mandatario realiz\u00f3 la entrega simb\u00f3lica de las viviendas sociales en el domicilio de la familia de Rosa T\u00e9vez, las que fueron construidas por la Comisi\u00f3n Municipal de Caspi Corral y la Asociaci\u00f3n Civil Renacimiento, que beneficiar\u00e1n a las familias de los parajes El Negrito, Kilometro 40, Santa Ana, Aver\u00edas, San Pablo y en el barrio Zanjitas.<\/p>\n\n\n\n<figure class=\"wp-block-image size-large\"><a href=\"https:\/\/i0.wp.com\/elterritorialweb.com.ar\/web\/wp-content\/uploads\/2022\/08\/caspi-jardin1.jpeg\"><img data-recalc-dims=\"1\" decoding=\"async\" width=\"640\" height=\"426\" data-src=\"https:\/\/i0.wp.com\/elterritorialweb.com.ar\/web\/wp-content\/uploads\/2022\/08\/caspi-jardin1.jpeg?resize=640%2C426\" alt=\"\" class=\"wp-image-42983 lazyload\" data-srcset=\"https:\/\/i0.wp.com\/elterritorialweb.com.ar\/web\/wp-content\/uploads\/2022\/08\/caspi-jardin1.jpeg?resize=1024%2C682 1024w, https:\/\/i0.wp.com\/elterritorialweb.com.ar\/web\/wp-content\/uploads\/2022\/08\/caspi-jardin1.jpeg?resize=300%2C200 300w, https:\/\/i0.wp.com\/elterritorialweb.com.ar\/web\/wp-content\/uploads\/2022\/08\/caspi-jardin1.jpeg?resize=768%2C512 768w, https:\/\/i0.wp.com\/elterritorialweb.com.ar\/web\/wp-content\/uploads\/2022\/08\/caspi-jardin1.jpeg?w=1280 1280w\" data-sizes=\"(max-width: 640px) 100vw, 640px\" src=\"data:image\/svg+xml;base64,PHN2ZyB3aWR0aD0iMSIgaGVpZ2h0PSIxIiB4bWxucz0iaHR0cDovL3d3dy53My5vcmcvMjAwMC9zdmciPjwvc3ZnPg==\" style=\"--smush-placeholder-width: 640px; --smush-placeholder-aspect-ratio: 640\/426;\" \/><\/a><\/figure>\n\n\n\n<p>\u00abEste programa brinda viviendas a personas en estado de vulnerabilidad y tiene como objetivo dar ese lazo solidario entre la posibilidad de otorgar fondos para comprar los materiales y las ONG en organizar a la comunidad para que las personas puedan construir las viviendas de otros\u00bb, destac\u00f3 Zamora, y dijo que se van a seguir construyendo m\u00e1s viviendas para toda la poblaci\u00f3n.<\/p>\n\n\n\n<p>Luego la comitiva oficial se dirigi\u00f3 al Jard\u00edn \u00abUtulitas\u00bb, donde fue recibida por la directora Gladys Toledo.<\/p>\n\n\n\n<figure class=\"wp-block-image size-large\"><a href=\"https:\/\/i0.wp.com\/elterritorialweb.com.ar\/web\/wp-content\/uploads\/2022\/08\/caspi-casa.jpeg\"><img data-recalc-dims=\"1\" decoding=\"async\" width=\"640\" height=\"426\" data-src=\"https:\/\/i0.wp.com\/elterritorialweb.com.ar\/web\/wp-content\/uploads\/2022\/08\/caspi-casa.jpeg?resize=640%2C426\" alt=\"\" class=\"wp-image-42986 lazyload\" data-srcset=\"https:\/\/i0.wp.com\/elterritorialweb.com.ar\/web\/wp-content\/uploads\/2022\/08\/caspi-casa.jpeg?resize=1024%2C682 1024w, https:\/\/i0.wp.com\/elterritorialweb.com.ar\/web\/wp-content\/uploads\/2022\/08\/caspi-casa.jpeg?resize=300%2C200 300w, https:\/\/i0.wp.com\/elterritorialweb.com.ar\/web\/wp-content\/uploads\/2022\/08\/caspi-casa.jpeg?resize=768%2C512 768w, https:\/\/i0.wp.com\/elterritorialweb.com.ar\/web\/wp-content\/uploads\/2022\/08\/caspi-casa.jpeg?w=1280 1280w\" data-sizes=\"(max-width: 640px) 100vw, 640px\" src=\"data:image\/svg+xml;base64,PHN2ZyB3aWR0aD0iMSIgaGVpZ2h0PSIxIiB4bWxucz0iaHR0cDovL3d3dy53My5vcmcvMjAwMC9zdmciPjwvc3ZnPg==\" style=\"--smush-placeholder-width: 640px; --smush-placeholder-aspect-ratio: 640\/426;\" \/><\/a><\/figure>\n\n\n\n<p>Con el corte de cintas se dej\u00f3 formalmente inauguradas las instalaciones completamente equipadas acordes a las necesidades de los 37 infantes que concurren diariamente.<\/p>\n\n\n\n<p>El terreno donde se construy\u00f3 el edificio est\u00e1 situado sobre la Ruta Provincial N\u00b0 5,&nbsp; lindante a la Escuela Primaria N\u00b0 1039 y cuenta con tres salas abiertas con sus respectivos sanitarios, sala de espera, administraci\u00f3n, sanitarios, secretar\u00eda y direcci\u00f3n. Adem\u00e1s de SUM, comedor,&nbsp; cocina, patio de servicio, dep\u00f3sito y patio de juegos.<\/p>\n\n\n\n<p>Luego de hacer un recorrido por el edificio, el gobernador agradeci\u00f3 la vocaci\u00f3n de los docentes que generan un mejor futuro para la sociedad.<\/p>\n\n\n\n<figure class=\"wp-block-image size-large\"><a href=\"https:\/\/i0.wp.com\/elterritorialweb.com.ar\/web\/wp-content\/uploads\/2022\/08\/caspi-jardin.jpeg\"><img data-recalc-dims=\"1\" decoding=\"async\" width=\"640\" height=\"427\" data-src=\"https:\/\/i0.wp.com\/elterritorialweb.com.ar\/web\/wp-content\/uploads\/2022\/08\/caspi-jardin.jpeg?resize=640%2C427\" alt=\"\" class=\"wp-image-42982 lazyload\" data-srcset=\"https:\/\/i0.wp.com\/elterritorialweb.com.ar\/web\/wp-content\/uploads\/2022\/08\/caspi-jardin.jpeg?resize=1024%2C683 1024w, https:\/\/i0.wp.com\/elterritorialweb.com.ar\/web\/wp-content\/uploads\/2022\/08\/caspi-jardin.jpeg?resize=300%2C200 300w, https:\/\/i0.wp.com\/elterritorialweb.com.ar\/web\/wp-content\/uploads\/2022\/08\/caspi-jardin.jpeg?resize=768%2C512 768w, https:\/\/i0.wp.com\/elterritorialweb.com.ar\/web\/wp-content\/uploads\/2022\/08\/caspi-jardin.jpeg?w=1124 1124w\" data-sizes=\"(max-width: 640px) 100vw, 640px\" src=\"data:image\/svg+xml;base64,PHN2ZyB3aWR0aD0iMSIgaGVpZ2h0PSIxIiB4bWxucz0iaHR0cDovL3d3dy53My5vcmcvMjAwMC9zdmciPjwvc3ZnPg==\" style=\"--smush-placeholder-width: 640px; --smush-placeholder-aspect-ratio: 640\/427;\" \/><\/a><\/figure>\n\n\n\n<p>Tambi\u00e9n inst\u00f3 a toda la poblaci\u00f3n a completar el esquema de vacunaci\u00f3n y a seguir con los cuidados correspondientes por el covid.<\/p>\n\n\n\n<p>A su turno la directora agradeci\u00f3 las inversiones que permiten darles a los alumnos del interior las mismas posibilidades de aprendizaje que cualquier alumno de la ciudad.<\/p>\n\n\n\n<p><strong>\u00a0<\/strong><\/p>\n","protected":false},"excerpt":{"rendered":"<p>El gobernador Gerardo Zamora dej\u00f3 inaugurado este lunes por la ma\u00f1ana el nuevo edificio del Jard\u00edn de Infantes N\u00b0 273 \u00abUtulitas\u00bb anexo a la Escuela N\u00b0 1.039 de Caspi Corral y entreg\u00f3 17 viviendas sociales a familias de distintos parajes del departamento Figueroa.<\/p>\n","protected":false},"author":2,"featured_media":42984,"comment_status":"open","ping_status":"open","sticky":false,"template":"","format":"standard","meta":{"om_disable_all_campaigns":false,"_monsterinsights_skip_tracking":false,"_monsterinsights_sitenote_active":false,"_monsterinsights_sitenote_note":"","_monsterinsights_sitenote_category":0,"_uf_show_specific_survey":0,"_uf_disable_surveys":false,"jetpack_post_was_ever_published":false,"_jetpack_newsletter_access":"","_jetpack_dont_email_post_to_subs":false,"_jetpack_newsletter_tier_id":0,"_jetpack_memberships_contains_paywalled_content":false,"_jetpack_memberships_contains_paid_content":false,"footnotes":"","jetpack_publicize_message":"","jetpack_publicize_feature_enabled":true,"jetpack_social_post_already_shared":false,"jetpack_social_options":{"image_generator_settings":{"template":"highway","default_image_id":0,"font":"","enabled":false},"version":2}},"categories":[21],"tags":[],"class_list":["post-42981","post","type-post","status-publish","format-standard","has-post-thumbnail","hentry","category-locales"],"aioseo_notices":[],"views":5,"jetpack_publicize_connections":[],"jetpack_featured_media_url":"https:\/\/i0.wp.com\/elterritorialweb.com.ar\/web\/wp-content\/uploads\/2022\/08\/caspi-acto.jpeg?fit=1185%2C851","jetpack_sharing_enabled":true,"_links":{"self":[{"href":"http:\/\/elterritorialweb.com.ar\/web\/wp-json\/wp\/v2\/posts\/42981","targetHints":{"allow":["GET"]}}],"collection":[{"href":"http:\/\/elterritorialweb.com.ar\/web\/wp-json\/wp\/v2\/posts"}],"about":[{"href":"http:\/\/elterritorialweb.com.ar\/web\/wp-json\/wp\/v2\/types\/post"}],"author":[{"embeddable":true,"href":"http:\/\/elterritorialweb.com.ar\/web\/wp-json\/wp\/v2\/users\/2"}],"replies":[{"embeddable":true,"href":"http:\/\/elterritorialweb.com.ar\/web\/wp-json\/wp\/v2\/comments?post=42981"}],"version-history":[{"count":1,"href":"http:\/\/elterritorialweb.com.ar\/web\/wp-json\/wp\/v2\/posts\/42981\/revisions"}],"predecessor-version":[{"id":42987,"href":"http:\/\/elterritorialweb.com.ar\/web\/wp-json\/wp\/v2\/posts\/42981\/revisions\/42987"}],"wp:featuredmedia":[{"embeddable":true,"href":"http:\/\/elterritorialweb.com.ar\/web\/wp-json\/wp\/v2\/media\/42984"}],"wp:attachment":[{"href":"http:\/\/elterritorialweb.com.ar\/web\/wp-json\/wp\/v2\/media?parent=42981"}],"wp:term":[{"taxonomy":"category","embeddable":true,"href":"http:\/\/elterritorialweb.com.ar\/web\/wp-json\/wp\/v2\/categories?post=42981"},{"taxonomy":"post_tag","embeddable":true,"href":"http:\/\/elterritorialweb.com.ar\/web\/wp-json\/wp\/v2\/tags?post=42981"}],"curies":[{"name":"wp","href":"https:\/\/api.w.org\/{rel}","templated":true}]}}