{"id":43000,"date":"2022-08-02T03:16:17","date_gmt":"2022-08-02T03:16:17","guid":{"rendered":"http:\/\/elterritorialweb.com.ar\/web\/?p=43000"},"modified":"2022-08-02T03:17:05","modified_gmt":"2022-08-02T03:17:05","slug":"gran-triunfo-de-central-cordoba-ante-rosario-central-en-el-gigante-de-arroyito","status":"publish","type":"post","link":"http:\/\/elterritorialweb.com.ar\/web\/gran-triunfo-de-central-cordoba-ante-rosario-central-en-el-gigante-de-arroyito\/","title":{"rendered":"GRAN TRIUNFO DE CENTRAL C\u00d3RDOBA ANTE ROSARIO CENTRAL EN EL GIGANTE DE ARROYITO"},"content":{"rendered":"\n<p><strong>Central C\u00f3rdoba<\/strong>&nbsp;logr\u00f3 cortar la mala racha y salir de la zona de descenso con un triunfazo por goleada 3-0 sobre&nbsp;<strong>Rosario Central&nbsp;<\/strong>en el Gigante de Arroyito, en un buen partido por la 11\u00aa fecha del campeonato de la&nbsp;<strong>Liga Profesional de F\u00fatbol<\/strong>.<\/p>\n\n\n\n<p>Los goles del elenco dirigido por\u00a0<strong>Abel Balbo<\/strong>\u00a0fueron convertidos por\u00a0<strong>Francisco Gonz\u00e1lez Metilli<\/strong>\u00a0y\u00a0<strong>Jes\u00fas Soraire<\/strong>, en el primer tiempo, y por\u00a0<strong>Alejandro Mart\u00ednez<\/strong>, de penal, en el final del encuentro.<\/p>\n\n\n\n<figure class=\"wp-block-image size-large\"><a href=\"https:\/\/i0.wp.com\/elterritorialweb.com.ar\/web\/wp-content\/uploads\/2022\/08\/WhatsApp-Image-2022-08-02-at-2.01.39-AM.jpeg\"><img data-recalc-dims=\"1\" decoding=\"async\" width=\"640\" height=\"433\" data-src=\"https:\/\/i0.wp.com\/elterritorialweb.com.ar\/web\/wp-content\/uploads\/2022\/08\/WhatsApp-Image-2022-08-02-at-2.01.39-AM.jpeg?resize=640%2C433\" alt=\"\" class=\"wp-image-43005 lazyload\" data-srcset=\"https:\/\/i0.wp.com\/elterritorialweb.com.ar\/web\/wp-content\/uploads\/2022\/08\/WhatsApp-Image-2022-08-02-at-2.01.39-AM.jpeg?resize=1024%2C693 1024w, https:\/\/i0.wp.com\/elterritorialweb.com.ar\/web\/wp-content\/uploads\/2022\/08\/WhatsApp-Image-2022-08-02-at-2.01.39-AM.jpeg?resize=300%2C203 300w, https:\/\/i0.wp.com\/elterritorialweb.com.ar\/web\/wp-content\/uploads\/2022\/08\/WhatsApp-Image-2022-08-02-at-2.01.39-AM.jpeg?resize=768%2C520 768w, https:\/\/i0.wp.com\/elterritorialweb.com.ar\/web\/wp-content\/uploads\/2022\/08\/WhatsApp-Image-2022-08-02-at-2.01.39-AM.jpeg?w=1080 1080w\" data-sizes=\"(max-width: 640px) 100vw, 640px\" src=\"data:image\/svg+xml;base64,PHN2ZyB3aWR0aD0iMSIgaGVpZ2h0PSIxIiB4bWxucz0iaHR0cDovL3d3dy53My5vcmcvMjAwMC9zdmciPjwvc3ZnPg==\" style=\"--smush-placeholder-width: 640px; --smush-placeholder-aspect-ratio: 640\/433;\" \/><\/a><\/figure>\n\n\n\n<p><strong>Rosario Central<\/strong>&nbsp;dispuso de la pelota en el comienzo y tuvo una llegada clara al minuto cuando&nbsp;<strong>Alejo Veliz<\/strong>&nbsp;gan\u00f3 de cabeza un rechazo de&nbsp;<strong>Fabio Pereyra<\/strong>&nbsp;y habilit\u00f3 a&nbsp;<strong>Ignacio Malcorra<\/strong>&nbsp;por la izquierda del \u00e1rea, quien enfrent\u00f3 al arquero y remat\u00f3 apenas desviado, junto al segundo palo.<\/p>\n\n\n\n<p>El resto perteneci\u00f3 mayoritariamente a los santiague\u00f1os, quienes se animaron a jugar desde los 15 minutos cuando Soraire la cruz\u00f3 para la entrada solitaria de&nbsp;<strong>Jonathan Bay<\/strong>&nbsp;por la izquierda del \u00e1rea, en una jugada en la que&nbsp;<strong>Javier B\u00e1ez<\/strong>&nbsp;salv\u00f3 al c\u00f3rner.<\/p>\n\n\n\n<figure class=\"wp-block-image size-large\"><a href=\"https:\/\/i0.wp.com\/elterritorialweb.com.ar\/web\/wp-content\/uploads\/2022\/08\/WhatsApp-Image-2022-08-02-at-2.01.42-AM.jpeg\"><img data-recalc-dims=\"1\" decoding=\"async\" width=\"640\" height=\"433\" data-src=\"https:\/\/i0.wp.com\/elterritorialweb.com.ar\/web\/wp-content\/uploads\/2022\/08\/WhatsApp-Image-2022-08-02-at-2.01.42-AM.jpeg?resize=640%2C433\" alt=\"\" class=\"wp-image-43004 lazyload\" data-srcset=\"https:\/\/i0.wp.com\/elterritorialweb.com.ar\/web\/wp-content\/uploads\/2022\/08\/WhatsApp-Image-2022-08-02-at-2.01.42-AM.jpeg?resize=1024%2C693 1024w, https:\/\/i0.wp.com\/elterritorialweb.com.ar\/web\/wp-content\/uploads\/2022\/08\/WhatsApp-Image-2022-08-02-at-2.01.42-AM.jpeg?resize=300%2C203 300w, https:\/\/i0.wp.com\/elterritorialweb.com.ar\/web\/wp-content\/uploads\/2022\/08\/WhatsApp-Image-2022-08-02-at-2.01.42-AM.jpeg?resize=768%2C520 768w, https:\/\/i0.wp.com\/elterritorialweb.com.ar\/web\/wp-content\/uploads\/2022\/08\/WhatsApp-Image-2022-08-02-at-2.01.42-AM.jpeg?w=1080 1080w\" data-sizes=\"(max-width: 640px) 100vw, 640px\" src=\"data:image\/svg+xml;base64,PHN2ZyB3aWR0aD0iMSIgaGVpZ2h0PSIxIiB4bWxucz0iaHR0cDovL3d3dy53My5vcmcvMjAwMC9zdmciPjwvc3ZnPg==\" style=\"--smush-placeholder-width: 640px; --smush-placeholder-aspect-ratio: 640\/433;\" \/><\/a><\/figure>\n\n\n\n<p>Central C\u00f3rdoba volvi\u00f3 a avisar a los 18 minutos con un derechazo apenas desviado de Mart\u00ednez, desde la derecha; acto seguido a los 20 con otro desborde de Mart\u00ednez por la derecha que volvi\u00f3 a sacar\u00a0<strong>Ba\u00e9z<\/strong>, tras un rebote, y a los 21 con un cabezazo desviado de\u00a0<strong>Pereyra<\/strong>.<\/p>\n\n\n\n<p>Hasta que a los 22 minutos Central C\u00f3rdoba hizo el golazo de la noche:&nbsp;<strong>Mart\u00ednez&nbsp;<\/strong>atac\u00f3 por derecha, toc\u00f3 hacia&nbsp;<strong>Renzo L\u00f3pez<\/strong>&nbsp;por el medio y \u00e9ste la cruz\u00f3 hacia&nbsp;<strong>Gonz\u00e1lez Mettili<\/strong>, por la izquierda del \u00e1rea grande, quien la empalm\u00f3 de zurda como ven\u00eda y la clav\u00f3 de emboquillada cerca del \u00e1ngulo izquierdo.<\/p>\n\n\n\n<figure class=\"wp-block-image size-large\"><a href=\"https:\/\/i0.wp.com\/elterritorialweb.com.ar\/web\/wp-content\/uploads\/2022\/08\/WhatsApp-Image-2022-08-02-at-2.01.43-AM.jpeg\"><img data-recalc-dims=\"1\" decoding=\"async\" width=\"640\" height=\"433\" data-src=\"https:\/\/i0.wp.com\/elterritorialweb.com.ar\/web\/wp-content\/uploads\/2022\/08\/WhatsApp-Image-2022-08-02-at-2.01.43-AM.jpeg?resize=640%2C433\" alt=\"\" class=\"wp-image-43003 lazyload\" data-srcset=\"https:\/\/i0.wp.com\/elterritorialweb.com.ar\/web\/wp-content\/uploads\/2022\/08\/WhatsApp-Image-2022-08-02-at-2.01.43-AM.jpeg?resize=1024%2C693 1024w, https:\/\/i0.wp.com\/elterritorialweb.com.ar\/web\/wp-content\/uploads\/2022\/08\/WhatsApp-Image-2022-08-02-at-2.01.43-AM.jpeg?resize=300%2C203 300w, https:\/\/i0.wp.com\/elterritorialweb.com.ar\/web\/wp-content\/uploads\/2022\/08\/WhatsApp-Image-2022-08-02-at-2.01.43-AM.jpeg?resize=768%2C520 768w, https:\/\/i0.wp.com\/elterritorialweb.com.ar\/web\/wp-content\/uploads\/2022\/08\/WhatsApp-Image-2022-08-02-at-2.01.43-AM.jpeg?w=1080 1080w\" data-sizes=\"(max-width: 640px) 100vw, 640px\" src=\"data:image\/svg+xml;base64,PHN2ZyB3aWR0aD0iMSIgaGVpZ2h0PSIxIiB4bWxucz0iaHR0cDovL3d3dy53My5vcmcvMjAwMC9zdmciPjwvc3ZnPg==\" style=\"--smush-placeholder-width: 640px; --smush-placeholder-aspect-ratio: 640\/433;\" \/><\/a><\/figure>\n\n\n\n<p>Lejos de amilanarse, los visitantes acentuaron su buen juego y su presi\u00f3n en el medio, donde ganaron casi todas las divididas.<\/p>\n\n\n\n<p>El local intent\u00f3 atacar por los costados, pero casi no lleg\u00f3 con peligro al extremo que su segunda llegada clara fue un zurdazo de\u00a0<strong>Marcelo Ben\u00edtez<\/strong>\u00a0que\u00a0<strong>C\u00e9sar Rigamonti<\/strong>\u00a0salv\u00f3 al c\u00f3rner a los 33 minutos.<\/p>\n\n\n\n<figure class=\"wp-block-image size-large\"><a href=\"https:\/\/i0.wp.com\/elterritorialweb.com.ar\/web\/wp-content\/uploads\/2022\/08\/WhatsApp-Image-2022-08-02-at-2.01.46-AM.jpeg\"><img data-recalc-dims=\"1\" decoding=\"async\" width=\"640\" height=\"434\" data-src=\"https:\/\/i0.wp.com\/elterritorialweb.com.ar\/web\/wp-content\/uploads\/2022\/08\/WhatsApp-Image-2022-08-02-at-2.01.46-AM.jpeg?resize=640%2C434\" alt=\"\" class=\"wp-image-43002 lazyload\" data-srcset=\"https:\/\/i0.wp.com\/elterritorialweb.com.ar\/web\/wp-content\/uploads\/2022\/08\/WhatsApp-Image-2022-08-02-at-2.01.46-AM.jpeg?resize=1024%2C694 1024w, https:\/\/i0.wp.com\/elterritorialweb.com.ar\/web\/wp-content\/uploads\/2022\/08\/WhatsApp-Image-2022-08-02-at-2.01.46-AM.jpeg?resize=300%2C203 300w, https:\/\/i0.wp.com\/elterritorialweb.com.ar\/web\/wp-content\/uploads\/2022\/08\/WhatsApp-Image-2022-08-02-at-2.01.46-AM.jpeg?resize=768%2C521 768w, https:\/\/i0.wp.com\/elterritorialweb.com.ar\/web\/wp-content\/uploads\/2022\/08\/WhatsApp-Image-2022-08-02-at-2.01.46-AM.jpeg?w=1080 1080w\" data-sizes=\"(max-width: 640px) 100vw, 640px\" src=\"data:image\/svg+xml;base64,PHN2ZyB3aWR0aD0iMSIgaGVpZ2h0PSIxIiB4bWxucz0iaHR0cDovL3d3dy53My5vcmcvMjAwMC9zdmciPjwvc3ZnPg==\" style=\"--smush-placeholder-width: 640px; --smush-placeholder-aspect-ratio: 640\/434;\" \/><\/a><\/figure>\n\n\n\n<p>Y Central C\u00f3rdoba comenz\u00f3 a definir el pleito a los 39 minutos cuando&nbsp;<strong>Gonz\u00e1lez Metilli<\/strong>&nbsp;mand\u00f3 un centro pasado desde la izquierda, que&nbsp;<strong>Renzo L\u00f3pez<\/strong>&nbsp;cabece\u00f3 hacia&nbsp;<strong>Soraire&nbsp;<\/strong>por el medio y el volante se acomod\u00f3 y meti\u00f3 un zurdazo seco, que entr\u00f3 en el medio del arco tras un desvi\u00f3 en un defensor local.<\/p>\n\n\n\n<p>El Canalla apenas volvi\u00f3 a llegar en el final de la etapa con una buena habilitaci\u00f3n de&nbsp;<strong>Ben\u00edtez&nbsp;<\/strong>a&nbsp;<strong>Lautaro Blanco<\/strong>, quien le peg\u00f3 como ven\u00eda y la pelota cay\u00f3 en el techo del arco.<\/p>\n\n\n\n<figure class=\"wp-block-image size-large\"><a href=\"https:\/\/i0.wp.com\/elterritorialweb.com.ar\/web\/wp-content\/uploads\/2022\/08\/WhatsApp-Image-2022-08-02-at-2.01.47-AM.jpeg\"><img data-recalc-dims=\"1\" decoding=\"async\" width=\"640\" height=\"433\" data-src=\"https:\/\/i0.wp.com\/elterritorialweb.com.ar\/web\/wp-content\/uploads\/2022\/08\/WhatsApp-Image-2022-08-02-at-2.01.47-AM.jpeg?resize=640%2C433\" alt=\"\" class=\"wp-image-43001 lazyload\" data-srcset=\"https:\/\/i0.wp.com\/elterritorialweb.com.ar\/web\/wp-content\/uploads\/2022\/08\/WhatsApp-Image-2022-08-02-at-2.01.47-AM.jpeg?resize=1024%2C693 1024w, https:\/\/i0.wp.com\/elterritorialweb.com.ar\/web\/wp-content\/uploads\/2022\/08\/WhatsApp-Image-2022-08-02-at-2.01.47-AM.jpeg?resize=300%2C203 300w, https:\/\/i0.wp.com\/elterritorialweb.com.ar\/web\/wp-content\/uploads\/2022\/08\/WhatsApp-Image-2022-08-02-at-2.01.47-AM.jpeg?resize=768%2C520 768w, https:\/\/i0.wp.com\/elterritorialweb.com.ar\/web\/wp-content\/uploads\/2022\/08\/WhatsApp-Image-2022-08-02-at-2.01.47-AM.jpeg?w=1080 1080w\" data-sizes=\"(max-width: 640px) 100vw, 640px\" src=\"data:image\/svg+xml;base64,PHN2ZyB3aWR0aD0iMSIgaGVpZ2h0PSIxIiB4bWxucz0iaHR0cDovL3d3dy53My5vcmcvMjAwMC9zdmciPjwvc3ZnPg==\" style=\"--smush-placeholder-width: 640px; --smush-placeholder-aspect-ratio: 640\/433;\" \/><\/a><\/figure>\n\n\n\n<p>El complemento fue otro partido porque\u00a0<strong>Rosario Central<\/strong>\u00a0sali\u00f3 a buscarlo y por momentos monopoliz\u00f3 la pelota, pero casi no lleg\u00f3, al punto que su jugada m\u00e1s clara fue un buen derechazo del ingresado delantero paraguayo\u00a0<strong>Gustavo Ram\u00edrez<\/strong>, a los 32 minutos, quien enganch\u00f3 desde afuera del \u00e1rea y le peg\u00f3 de derecha, pero\u00a0<strong>Rigamonti\u00a0<\/strong>salv\u00f3 y el atacante no lleg\u00f3 al rebote.<\/p>\n\n\n\n<p>En el final&nbsp;<strong>Central C\u00f3rdoba<\/strong>&nbsp;lo liquid\u00f3 con un contraataque de&nbsp;<strong>Renzo L\u00f3pez<\/strong>&nbsp;a quien&nbsp;<strong>Gast\u00f3n Servio<\/strong>&nbsp;derrib\u00f3, en un penal que&nbsp;<strong>Alejandro Mart\u00ednez<\/strong>&nbsp;cambi\u00f3 por gol a los 38 minutos.<\/p>\n\n\n\n<figure class=\"wp-block-embed is-type-rich is-provider-gestor-del-servicio wp-block-embed-gestor-del-servicio wp-embed-aspect-16-9 wp-has-aspect-ratio\"><div class=\"wp-block-embed__wrapper\">\n<iframe title=\"\u00a1TRIUNFO clave del FERROVIARIO ante el CANALLA!  | Rosario Central 0-3 Central C\u00f3rdoba | Resumen\" width=\"640\" height=\"360\" data-src=\"https:\/\/www.youtube.com\/embed\/bnyJE_i6U0k?feature=oembed\" frameborder=\"0\" allow=\"accelerometer; autoplay; clipboard-write; encrypted-media; gyroscope; picture-in-picture; web-share\" referrerpolicy=\"strict-origin-when-cross-origin\" allowfullscreen src=\"data:image\/svg+xml;base64,PHN2ZyB3aWR0aD0iMSIgaGVpZ2h0PSIxIiB4bWxucz0iaHR0cDovL3d3dy53My5vcmcvMjAwMC9zdmciPjwvc3ZnPg==\" class=\"lazyload\" data-load-mode=\"1\"><\/iframe>\n<\/div><\/figure>\n\n\n\n<p>As\u00ed, el Central C\u00f3rdoba de Abel Balbo le gan\u00f3 bien al Rosario Central de Tevez, que pareci\u00f3 haberse quedado en el festejo por haber ganado el cl\u00e1sico con Newell&#8217;s.<\/p>\n\n\n\n<p>Con este resultado, el conjunto Ferroviario logr\u00f3 engrosar el promedio y salir de la zona de descenso en donde se encontraba por la victoria del domingo de Aldosivi ante Lan\u00fas. Ahora el elenco santiague\u00f1o volver\u00e1 a ver acci\u00f3n el pr\u00f3ximo lunes a las 11 cuando reciba a&nbsp;<strong>Defensa y Justicia<\/strong>.<\/p>\n","protected":false},"excerpt":{"rendered":"<p>El Ferroviario se impuso con autoridad por 3-0 sobre el Canalla con goles de Gonz\u00e1lez Metilli, Soraire y Mart\u00ednez y toma aire en la lucha por la permanencia en la Liga Profesional.<\/p>\n","protected":false},"author":2,"featured_media":43006,"comment_status":"open","ping_status":"open","sticky":false,"template":"","format":"standard","meta":{"om_disable_all_campaigns":false,"_monsterinsights_skip_tracking":false,"_monsterinsights_sitenote_active":false,"_monsterinsights_sitenote_note":"","_monsterinsights_sitenote_category":0,"_uf_show_specific_survey":0,"_uf_disable_surveys":false,"jetpack_post_was_ever_published":false,"_jetpack_newsletter_access":"","_jetpack_dont_email_post_to_subs":false,"_jetpack_newsletter_tier_id":0,"_jetpack_memberships_contains_paywalled_content":false,"_jetpack_memberships_contains_paid_content":false,"footnotes":"","jetpack_publicize_message":"","jetpack_publicize_feature_enabled":true,"jetpack_social_post_already_shared":false,"jetpack_social_options":{"image_generator_settings":{"template":"highway","default_image_id":0,"font":"","enabled":false},"version":2}},"categories":[6,4],"tags":[],"class_list":["post-43000","post","type-post","status-publish","format-standard","has-post-thumbnail","hentry","category-deportes","category-destacadas"],"aioseo_notices":[],"views":4,"jetpack_publicize_connections":[],"jetpack_featured_media_url":"https:\/\/i0.wp.com\/elterritorialweb.com.ar\/web\/wp-content\/uploads\/2022\/08\/WhatsApp-Image-2022-08-02-at-12.56.15-AM.jpeg?fit=1392%2C928","jetpack_sharing_enabled":true,"_links":{"self":[{"href":"http:\/\/elterritorialweb.com.ar\/web\/wp-json\/wp\/v2\/posts\/43000","targetHints":{"allow":["GET"]}}],"collection":[{"href":"http:\/\/elterritorialweb.com.ar\/web\/wp-json\/wp\/v2\/posts"}],"about":[{"href":"http:\/\/elterritorialweb.com.ar\/web\/wp-json\/wp\/v2\/types\/post"}],"author":[{"embeddable":true,"href":"http:\/\/elterritorialweb.com.ar\/web\/wp-json\/wp\/v2\/users\/2"}],"replies":[{"embeddable":true,"href":"http:\/\/elterritorialweb.com.ar\/web\/wp-json\/wp\/v2\/comments?post=43000"}],"version-history":[{"count":1,"href":"http:\/\/elterritorialweb.com.ar\/web\/wp-json\/wp\/v2\/posts\/43000\/revisions"}],"predecessor-version":[{"id":43008,"href":"http:\/\/elterritorialweb.com.ar\/web\/wp-json\/wp\/v2\/posts\/43000\/revisions\/43008"}],"wp:featuredmedia":[{"embeddable":true,"href":"http:\/\/elterritorialweb.com.ar\/web\/wp-json\/wp\/v2\/media\/43006"}],"wp:attachment":[{"href":"http:\/\/elterritorialweb.com.ar\/web\/wp-json\/wp\/v2\/media?parent=43000"}],"wp:term":[{"taxonomy":"category","embeddable":true,"href":"http:\/\/elterritorialweb.com.ar\/web\/wp-json\/wp\/v2\/categories?post=43000"},{"taxonomy":"post_tag","embeddable":true,"href":"http:\/\/elterritorialweb.com.ar\/web\/wp-json\/wp\/v2\/tags?post=43000"}],"curies":[{"name":"wp","href":"https:\/\/api.w.org\/{rel}","templated":true}]}}