{"id":43009,"date":"2022-08-02T03:25:46","date_gmt":"2022-08-02T03:25:46","guid":{"rendered":"http:\/\/elterritorialweb.com.ar\/web\/?p=43009"},"modified":"2022-08-02T03:26:09","modified_gmt":"2022-08-02T03:26:09","slug":"fernandez-recorrio-obras-en-la-autopista-presidente-peron-y-en-la-universidad-nacional-de-jose-c-paz","status":"publish","type":"post","link":"http:\/\/elterritorialweb.com.ar\/web\/fernandez-recorrio-obras-en-la-autopista-presidente-peron-y-en-la-universidad-nacional-de-jose-c-paz\/","title":{"rendered":"FERN\u00c1NDEZ RECORRI\u00d3 OBRAS EN LA AUTOPISTA PRESIDENTE PER\u00d3N Y EN LA UNIVERSIDAD NACIONAL DE JOS\u00c9 C. PAZ"},"content":{"rendered":"\n<p>El mandatario, recorri\u00f3 las obras y dialog\u00f3 con trabajadores de la construcci\u00f3n, acompa\u00f1ado por el secretario general de la Presidencia, Julio Vitobello, el intendente local, Mario Ishii; el rector de la casa de altos estudios, Dar\u00edo Kusinsky; y la vicerrectora, Silvia Storino.<\/p>\n\n\n\n<p>Las obras de la Universidad Nacional de Jos\u00e9 C. Paz, abarcan la finalizaci\u00f3n de un nuevo edificio aulario, del comedor universitario, la construcci\u00f3n de un natatorio con pileta ol\u00edmpica cubierta, gimnasio y otros servicios para la carrera de Educaci\u00f3n F\u00edsica, con una inversi\u00f3n total de 588 millones de pesos.<\/p>\n\n\n\n<p>Luego, el presidente visit\u00f3 las obras de la nueva autopista Presidente Per\u00f3n, que se consolidar\u00e1 como un tercer anillo de circunvalaci\u00f3n del \u00e1rea metropolitana bonaerense lo que permitir\u00e1 mejorar la conectividad de 12 municipios. La inversi\u00f3n total de estos trabajos es de 43.538 millones de pesos.<\/p>\n\n\n\n<figure class=\"wp-block-image size-large\"><a href=\"https:\/\/i0.wp.com\/elterritorialweb.com.ar\/web\/wp-content\/uploads\/2022\/08\/AFobras1.jpg\"><img data-recalc-dims=\"1\" decoding=\"async\" width=\"640\" height=\"426\" data-src=\"https:\/\/i0.wp.com\/elterritorialweb.com.ar\/web\/wp-content\/uploads\/2022\/08\/AFobras1.jpg?resize=640%2C426\" alt=\"\" class=\"wp-image-43011 lazyload\" data-srcset=\"https:\/\/i0.wp.com\/elterritorialweb.com.ar\/web\/wp-content\/uploads\/2022\/08\/AFobras1.jpg?resize=1024%2C682 1024w, https:\/\/i0.wp.com\/elterritorialweb.com.ar\/web\/wp-content\/uploads\/2022\/08\/AFobras1.jpg?resize=300%2C200 300w, https:\/\/i0.wp.com\/elterritorialweb.com.ar\/web\/wp-content\/uploads\/2022\/08\/AFobras1.jpg?resize=768%2C512 768w, https:\/\/i0.wp.com\/elterritorialweb.com.ar\/web\/wp-content\/uploads\/2022\/08\/AFobras1.jpg?resize=1536%2C1024 1536w, https:\/\/i0.wp.com\/elterritorialweb.com.ar\/web\/wp-content\/uploads\/2022\/08\/AFobras1.jpg?w=1940 1940w, https:\/\/i0.wp.com\/elterritorialweb.com.ar\/web\/wp-content\/uploads\/2022\/08\/AFobras1.jpg?w=1280 1280w\" data-sizes=\"(max-width: 640px) 100vw, 640px\" src=\"data:image\/svg+xml;base64,PHN2ZyB3aWR0aD0iMSIgaGVpZ2h0PSIxIiB4bWxucz0iaHR0cDovL3d3dy53My5vcmcvMjAwMC9zdmciPjwvc3ZnPg==\" style=\"--smush-placeholder-width: 640px; --smush-placeholder-aspect-ratio: 640\/426;\" \/><\/a><\/figure>\n\n\n\n<p>\u201cEs la autopista m\u00e1s importante de los \u00faltimos 50 a\u00f1os y reafirma la decisi\u00f3n del Gobierno de que la obra p\u00fablica es una prioridad\u201d, afirm\u00f3 el ministro Katopodis, al tiempo que puso en valor esta obra que \u201cva a permitir que la gente pueda transitar de una manera m\u00e1s r\u00e1pida y segura, y fundamentalmente es importante en lo que tiene que ver con el desarrollo productivo y comercial de la zona\u201d.<\/p>\n\n\n\n<p>Los trabajos comprenden 83 kil\u00f3metros desde la Autopista Acceso Oeste hasta la Autov\u00eda Ruta Provincial N\u00b0 2 y la ejecuci\u00f3n de los tres primeros tramos generar\u00e1 2.800 empleos directos, beneficiar\u00e1 a m\u00e1s de 12 millones de habitantes y a los 50 mil veh\u00edculos que transitan diariamente.<\/p>\n\n\n\n<figure class=\"wp-block-image size-large\"><a href=\"https:\/\/i0.wp.com\/elterritorialweb.com.ar\/web\/wp-content\/uploads\/2022\/08\/afobras3.jpg\"><img data-recalc-dims=\"1\" decoding=\"async\" width=\"640\" height=\"426\" data-src=\"https:\/\/i0.wp.com\/elterritorialweb.com.ar\/web\/wp-content\/uploads\/2022\/08\/afobras3.jpg?resize=640%2C426\" alt=\"\" class=\"wp-image-43010 lazyload\" data-srcset=\"https:\/\/i0.wp.com\/elterritorialweb.com.ar\/web\/wp-content\/uploads\/2022\/08\/afobras3.jpg?resize=1024%2C682 1024w, https:\/\/i0.wp.com\/elterritorialweb.com.ar\/web\/wp-content\/uploads\/2022\/08\/afobras3.jpg?resize=300%2C200 300w, https:\/\/i0.wp.com\/elterritorialweb.com.ar\/web\/wp-content\/uploads\/2022\/08\/afobras3.jpg?resize=768%2C512 768w, https:\/\/i0.wp.com\/elterritorialweb.com.ar\/web\/wp-content\/uploads\/2022\/08\/afobras3.jpg?resize=1536%2C1024 1536w, https:\/\/i0.wp.com\/elterritorialweb.com.ar\/web\/wp-content\/uploads\/2022\/08\/afobras3.jpg?w=1940 1940w, https:\/\/i0.wp.com\/elterritorialweb.com.ar\/web\/wp-content\/uploads\/2022\/08\/afobras3.jpg?w=1280 1280w\" data-sizes=\"(max-width: 640px) 100vw, 640px\" src=\"data:image\/svg+xml;base64,PHN2ZyB3aWR0aD0iMSIgaGVpZ2h0PSIxIiB4bWxucz0iaHR0cDovL3d3dy53My5vcmcvMjAwMC9zdmciPjwvc3ZnPg==\" style=\"--smush-placeholder-width: 640px; --smush-placeholder-aspect-ratio: 640\/426;\" \/><\/a><\/figure>\n\n\n\n<p>Acompa\u00f1aron al presidente en esta recorrida: el administrador de Vialidad Nacional, Gustavo Arrieta; los intendentes de San Vicente, Nicol\u00e1s Mantegazza; Ezeiza, Alejandro Granados; La Matanza, Fernando Espinoza; y la intendenta de Ca\u00f1uelas, Marisa Fassi.<\/p>\n","protected":false},"excerpt":{"rendered":"<p>El presidente Alberto Fern\u00e1ndez supervis\u00f3 hoy, junto al ministro de Obras P\u00fablicas, Gabriel Katopodis, el avance de las obras en ejecuci\u00f3n de la nueva autopista Presidente Per\u00f3n y de la Universidad de Nacional de Jos\u00e9 C. Paz, en la provincia de Buenos Aires, que en su conjunto implican una inversi\u00f3n de $44.126 millones de pesos.<\/p>\n","protected":false},"author":2,"featured_media":43012,"comment_status":"open","ping_status":"open","sticky":false,"template":"","format":"standard","meta":{"om_disable_all_campaigns":false,"_monsterinsights_skip_tracking":false,"_monsterinsights_sitenote_active":false,"_monsterinsights_sitenote_note":"","_monsterinsights_sitenote_category":0,"_uf_show_specific_survey":0,"_uf_disable_surveys":false,"jetpack_post_was_ever_published":false,"_jetpack_newsletter_access":"","_jetpack_dont_email_post_to_subs":false,"_jetpack_newsletter_tier_id":0,"_jetpack_memberships_contains_paywalled_content":false,"_jetpack_memberships_contains_paid_content":false,"footnotes":"","jetpack_publicize_message":"","jetpack_publicize_feature_enabled":true,"jetpack_social_post_already_shared":false,"jetpack_social_options":{"image_generator_settings":{"template":"highway","default_image_id":0,"font":"","enabled":false},"version":2}},"categories":[18],"tags":[],"class_list":["post-43009","post","type-post","status-publish","format-standard","has-post-thumbnail","hentry","category-politica"],"aioseo_notices":[],"views":6,"jetpack_publicize_connections":[],"jetpack_featured_media_url":"https:\/\/i0.wp.com\/elterritorialweb.com.ar\/web\/wp-content\/uploads\/2022\/08\/AFobras2.jpg?fit=1940%2C1293","jetpack_sharing_enabled":true,"_links":{"self":[{"href":"http:\/\/elterritorialweb.com.ar\/web\/wp-json\/wp\/v2\/posts\/43009","targetHints":{"allow":["GET"]}}],"collection":[{"href":"http:\/\/elterritorialweb.com.ar\/web\/wp-json\/wp\/v2\/posts"}],"about":[{"href":"http:\/\/elterritorialweb.com.ar\/web\/wp-json\/wp\/v2\/types\/post"}],"author":[{"embeddable":true,"href":"http:\/\/elterritorialweb.com.ar\/web\/wp-json\/wp\/v2\/users\/2"}],"replies":[{"embeddable":true,"href":"http:\/\/elterritorialweb.com.ar\/web\/wp-json\/wp\/v2\/comments?post=43009"}],"version-history":[{"count":1,"href":"http:\/\/elterritorialweb.com.ar\/web\/wp-json\/wp\/v2\/posts\/43009\/revisions"}],"predecessor-version":[{"id":43013,"href":"http:\/\/elterritorialweb.com.ar\/web\/wp-json\/wp\/v2\/posts\/43009\/revisions\/43013"}],"wp:featuredmedia":[{"embeddable":true,"href":"http:\/\/elterritorialweb.com.ar\/web\/wp-json\/wp\/v2\/media\/43012"}],"wp:attachment":[{"href":"http:\/\/elterritorialweb.com.ar\/web\/wp-json\/wp\/v2\/media?parent=43009"}],"wp:term":[{"taxonomy":"category","embeddable":true,"href":"http:\/\/elterritorialweb.com.ar\/web\/wp-json\/wp\/v2\/categories?post=43009"},{"taxonomy":"post_tag","embeddable":true,"href":"http:\/\/elterritorialweb.com.ar\/web\/wp-json\/wp\/v2\/tags?post=43009"}],"curies":[{"name":"wp","href":"https:\/\/api.w.org\/{rel}","templated":true}]}}