{"id":43014,"date":"2022-08-02T03:29:40","date_gmt":"2022-08-02T03:29:40","guid":{"rendered":"http:\/\/elterritorialweb.com.ar\/web\/?p=43014"},"modified":"2022-08-02T03:29:41","modified_gmt":"2022-08-02T03:29:41","slug":"fernandez-estamos-empezando-una-etapa-distinta","status":"publish","type":"post","link":"http:\/\/elterritorialweb.com.ar\/web\/fernandez-estamos-empezando-una-etapa-distinta\/","title":{"rendered":"FERN\u00c1NDEZ: \u00abESTAMOS EMPEZANDO UNA ETAPA DISTINTA\u00bb"},"content":{"rendered":"\n<p>\u201cEstamos empezando una etapa distinta. Donde queremos darle un fuerte impulso a cuestiones que tienen que ver con la gesti\u00f3n y con la Argentina, que est\u00e1 inmersa en un mundo muy complejo como el que nos toca vivir\u201d, resalt\u00f3 el mandatario durante el acto.<\/p>\n\n\n\n<p>\u201cHemos logrado superar los tiempos de la pandemia, estamos tratando de superar los tiempos de la guerra y lo m\u00e1s importante es que podemos hacerlo en unidad. Que el Frente de Todos haya encontrado un camino para seguir trabajando juntos, es para m\u00ed un dato muy valioso\u201d, agreg\u00f3 el presidente.<\/p>\n\n\n\n<figure class=\"wp-block-image size-large\"><a href=\"https:\/\/i0.wp.com\/elterritorialweb.com.ar\/web\/wp-content\/uploads\/2022\/08\/AFMMP3.jpg\"><img data-recalc-dims=\"1\" decoding=\"async\" width=\"640\" height=\"426\" data-src=\"https:\/\/i0.wp.com\/elterritorialweb.com.ar\/web\/wp-content\/uploads\/2022\/08\/AFMMP3.jpg?resize=640%2C426\" alt=\"\" class=\"wp-image-43016 lazyload\" data-srcset=\"https:\/\/i0.wp.com\/elterritorialweb.com.ar\/web\/wp-content\/uploads\/2022\/08\/AFMMP3.jpg?resize=1024%2C682 1024w, https:\/\/i0.wp.com\/elterritorialweb.com.ar\/web\/wp-content\/uploads\/2022\/08\/AFMMP3.jpg?resize=300%2C200 300w, https:\/\/i0.wp.com\/elterritorialweb.com.ar\/web\/wp-content\/uploads\/2022\/08\/AFMMP3.jpg?resize=768%2C512 768w, https:\/\/i0.wp.com\/elterritorialweb.com.ar\/web\/wp-content\/uploads\/2022\/08\/AFMMP3.jpg?resize=1536%2C1024 1536w, https:\/\/i0.wp.com\/elterritorialweb.com.ar\/web\/wp-content\/uploads\/2022\/08\/AFMMP3.jpg?w=1940 1940w, https:\/\/i0.wp.com\/elterritorialweb.com.ar\/web\/wp-content\/uploads\/2022\/08\/AFMMP3.jpg?w=1280 1280w\" data-sizes=\"(max-width: 640px) 100vw, 640px\" src=\"data:image\/svg+xml;base64,PHN2ZyB3aWR0aD0iMSIgaGVpZ2h0PSIxIiB4bWxucz0iaHR0cDovL3d3dy53My5vcmcvMjAwMC9zdmciPjwvc3ZnPg==\" style=\"--smush-placeholder-width: 640px; --smush-placeholder-aspect-ratio: 640\/426;\" \/><\/a><\/figure>\n\n\n\n<p>Asimismo, destac\u00f3 la labor de Marc\u00f3 del Pont al frente de la AFIP y asegur\u00f3 que \u201ccon Carlos Castagneto\u201d, quien asumir\u00e1 la conducci\u00f3n del organismo tributario y ven\u00eda desempe\u00f1\u00e1ndose como director general de Recursos de Seguridad Social, \u201cvamos a seguir en la misma senda\u201d.<\/p>\n\n\n\n<p>En este marco, el Presidente puso en valor la labor de Marc\u00f3 del Pont al frente de la AFIP: \u201cMercedes ha sido en este tiempo alguien particular por la forma en que ejerci\u00f3 sus funciones al frente de la AFIP. Hoy tengo el privilegio de decir que la recaudaci\u00f3n aument\u00f3 un 87% respecto del mismo mes del a\u00f1o pasado. Y de este modo llevamos veintitr\u00e9s meses consecutivos de aumento de la recaudaci\u00f3n por arriba de la inflaci\u00f3n\u201d.<\/p>\n\n\n\n<figure class=\"wp-block-image size-large\"><a href=\"https:\/\/i0.wp.com\/elterritorialweb.com.ar\/web\/wp-content\/uploads\/2022\/08\/AFMMP2.jpg\"><img data-recalc-dims=\"1\" decoding=\"async\" width=\"640\" height=\"426\" data-src=\"https:\/\/i0.wp.com\/elterritorialweb.com.ar\/web\/wp-content\/uploads\/2022\/08\/AFMMP2.jpg?resize=640%2C426\" alt=\"\" class=\"wp-image-43015 lazyload\" data-srcset=\"https:\/\/i0.wp.com\/elterritorialweb.com.ar\/web\/wp-content\/uploads\/2022\/08\/AFMMP2.jpg?resize=1024%2C682 1024w, https:\/\/i0.wp.com\/elterritorialweb.com.ar\/web\/wp-content\/uploads\/2022\/08\/AFMMP2.jpg?resize=300%2C200 300w, https:\/\/i0.wp.com\/elterritorialweb.com.ar\/web\/wp-content\/uploads\/2022\/08\/AFMMP2.jpg?resize=768%2C512 768w, https:\/\/i0.wp.com\/elterritorialweb.com.ar\/web\/wp-content\/uploads\/2022\/08\/AFMMP2.jpg?resize=1536%2C1024 1536w, https:\/\/i0.wp.com\/elterritorialweb.com.ar\/web\/wp-content\/uploads\/2022\/08\/AFMMP2.jpg?w=1940 1940w, https:\/\/i0.wp.com\/elterritorialweb.com.ar\/web\/wp-content\/uploads\/2022\/08\/AFMMP2.jpg?w=1280 1280w\" data-sizes=\"(max-width: 640px) 100vw, 640px\" src=\"data:image\/svg+xml;base64,PHN2ZyB3aWR0aD0iMSIgaGVpZ2h0PSIxIiB4bWxucz0iaHR0cDovL3d3dy53My5vcmcvMjAwMC9zdmciPjwvc3ZnPg==\" style=\"--smush-placeholder-width: 640px; --smush-placeholder-aspect-ratio: 640\/426;\" \/><\/a><\/figure>\n\n\n\n<p>Por \u00faltimo, agradeci\u00f3 a Gustavo Beliz, quien ocup\u00f3 la Secretar\u00eda de Asuntos Estrat\u00e9gicos desde 2019. \u201cMe ha acompa\u00f1ado hasta aqu\u00ed lealmente, un hombre de una enorme capacidad y de una moral intachable que me precia con su amistad\u201d, a\u00f1adi\u00f3.<\/p>\n\n\n\n<p>Mercedes Marc\u00f3 del Pont fue diputada nacional, ejerci\u00f3 la presidencia del Banco Naci\u00f3n desde 2008 a 2010 y luego la del Banco Central de la Rep\u00fablica Argentina entre 2010 y 2013.<\/p>\n","protected":false},"excerpt":{"rendered":"<p>El presidente Alberto Fern\u00e1ndez tom\u00f3 juramento esta tarde en el Sal\u00f3n Blanco de la Casa Rosada a la nueva Secretaria de Asuntos Estrat\u00e9gicos, Mercedes Marc\u00f3 del Pont, quien ven\u00eda desempe\u00f1\u00e1ndose desde diciembre de 2019 como titular de la Administraci\u00f3n Federal de Ingresos P\u00fablico (AFIP).<\/p>\n","protected":false},"author":2,"featured_media":43017,"comment_status":"open","ping_status":"open","sticky":false,"template":"","format":"standard","meta":{"om_disable_all_campaigns":false,"_monsterinsights_skip_tracking":false,"_monsterinsights_sitenote_active":false,"_monsterinsights_sitenote_note":"","_monsterinsights_sitenote_category":0,"_uf_show_specific_survey":0,"_uf_disable_surveys":false,"jetpack_post_was_ever_published":false,"_jetpack_newsletter_access":"","_jetpack_dont_email_post_to_subs":false,"_jetpack_newsletter_tier_id":0,"_jetpack_memberships_contains_paywalled_content":false,"_jetpack_memberships_contains_paid_content":false,"footnotes":"","jetpack_publicize_message":"","jetpack_publicize_feature_enabled":true,"jetpack_social_post_already_shared":false,"jetpack_social_options":{"image_generator_settings":{"template":"highway","default_image_id":0,"font":"","enabled":false},"version":2}},"categories":[4,18],"tags":[],"class_list":["post-43014","post","type-post","status-publish","format-standard","has-post-thumbnail","hentry","category-destacadas","category-politica"],"aioseo_notices":[],"views":5,"jetpack_publicize_connections":[],"jetpack_featured_media_url":"https:\/\/i0.wp.com\/elterritorialweb.com.ar\/web\/wp-content\/uploads\/2022\/08\/AFMMP1.jpg?fit=1940%2C1294","jetpack_sharing_enabled":true,"_links":{"self":[{"href":"http:\/\/elterritorialweb.com.ar\/web\/wp-json\/wp\/v2\/posts\/43014","targetHints":{"allow":["GET"]}}],"collection":[{"href":"http:\/\/elterritorialweb.com.ar\/web\/wp-json\/wp\/v2\/posts"}],"about":[{"href":"http:\/\/elterritorialweb.com.ar\/web\/wp-json\/wp\/v2\/types\/post"}],"author":[{"embeddable":true,"href":"http:\/\/elterritorialweb.com.ar\/web\/wp-json\/wp\/v2\/users\/2"}],"replies":[{"embeddable":true,"href":"http:\/\/elterritorialweb.com.ar\/web\/wp-json\/wp\/v2\/comments?post=43014"}],"version-history":[{"count":1,"href":"http:\/\/elterritorialweb.com.ar\/web\/wp-json\/wp\/v2\/posts\/43014\/revisions"}],"predecessor-version":[{"id":43018,"href":"http:\/\/elterritorialweb.com.ar\/web\/wp-json\/wp\/v2\/posts\/43014\/revisions\/43018"}],"wp:featuredmedia":[{"embeddable":true,"href":"http:\/\/elterritorialweb.com.ar\/web\/wp-json\/wp\/v2\/media\/43017"}],"wp:attachment":[{"href":"http:\/\/elterritorialweb.com.ar\/web\/wp-json\/wp\/v2\/media?parent=43014"}],"wp:term":[{"taxonomy":"category","embeddable":true,"href":"http:\/\/elterritorialweb.com.ar\/web\/wp-json\/wp\/v2\/categories?post=43014"},{"taxonomy":"post_tag","embeddable":true,"href":"http:\/\/elterritorialweb.com.ar\/web\/wp-json\/wp\/v2\/tags?post=43014"}],"curies":[{"name":"wp","href":"https:\/\/api.w.org\/{rel}","templated":true}]}}