{"id":43019,"date":"2022-08-02T03:33:23","date_gmt":"2022-08-02T03:33:23","guid":{"rendered":"http:\/\/elterritorialweb.com.ar\/web\/?p=43019"},"modified":"2022-08-02T03:33:52","modified_gmt":"2022-08-02T03:33:52","slug":"nediani-encabezo-la-habilitacion-del-recorrido-del-tren-de-pasajeros-la-banda-fernandez","status":"publish","type":"post","link":"http:\/\/elterritorialweb.com.ar\/web\/nediani-encabezo-la-habilitacion-del-recorrido-del-tren-de-pasajeros-la-banda-fernandez\/","title":{"rendered":"NEDIANI ENCABEZ\u00d3 LA HABILITACI\u00d3N DEL RECORRIDO DEL TREN DE PASAJEROS LA BANDA -FERN\u00c1NDEZ"},"content":{"rendered":"\n<p>En la ma\u00f1ana del lunes, se realiz\u00f3 la presentaci\u00f3n oficial del mencionado servicio que beneficiar\u00e1 a los vecinos que realizan cotidianamente el recorrido que une las ciudades de Fern\u00e1ndez, La Banda, Vilmer, Beltr\u00e1n y Forres.<br>Tambi\u00e9n, dichas autoridades anunciaron la pronta implementaci\u00f3n de la Tarjeta SUBE al sistema transporte urbano de pasajeros, convirtiendo a la ciudad de La Banda pionera en poner en marcha el servicio.<br>Por su parte, el jefe comunal dijo, \u201cPara nosotros los bande\u00f1os es un acto significativo, ya que el tren significa mucho para nuestra identidad, para la reactivaci\u00f3n de todo este sector del transporte que estaba olvidado y sobre todo para el v\u00ednculo entre vecinos de las diferentes localidades del departamento Banda y del departamento Robles\u201d.<\/p>\n\n\n\n<figure class=\"wp-block-image size-large\"><a href=\"https:\/\/i0.wp.com\/elterritorialweb.com.ar\/web\/wp-content\/uploads\/2022\/08\/WhatsApp-Image-2022-08-01-at-8.10.49-PM.jpeg\"><img data-recalc-dims=\"1\" decoding=\"async\" width=\"640\" height=\"423\" data-src=\"https:\/\/i0.wp.com\/elterritorialweb.com.ar\/web\/wp-content\/uploads\/2022\/08\/WhatsApp-Image-2022-08-01-at-8.10.49-PM.jpeg?resize=640%2C423\" alt=\"\" class=\"wp-image-43021 lazyload\" data-srcset=\"https:\/\/i0.wp.com\/elterritorialweb.com.ar\/web\/wp-content\/uploads\/2022\/08\/WhatsApp-Image-2022-08-01-at-8.10.49-PM.jpeg?resize=1024%2C677 1024w, https:\/\/i0.wp.com\/elterritorialweb.com.ar\/web\/wp-content\/uploads\/2022\/08\/WhatsApp-Image-2022-08-01-at-8.10.49-PM.jpeg?resize=300%2C198 300w, https:\/\/i0.wp.com\/elterritorialweb.com.ar\/web\/wp-content\/uploads\/2022\/08\/WhatsApp-Image-2022-08-01-at-8.10.49-PM.jpeg?resize=768%2C508 768w, https:\/\/i0.wp.com\/elterritorialweb.com.ar\/web\/wp-content\/uploads\/2022\/08\/WhatsApp-Image-2022-08-01-at-8.10.49-PM.jpeg?w=1380 1380w, https:\/\/i0.wp.com\/elterritorialweb.com.ar\/web\/wp-content\/uploads\/2022\/08\/WhatsApp-Image-2022-08-01-at-8.10.49-PM.jpeg?w=1280 1280w\" data-sizes=\"(max-width: 640px) 100vw, 640px\" src=\"data:image\/svg+xml;base64,PHN2ZyB3aWR0aD0iMSIgaGVpZ2h0PSIxIiB4bWxucz0iaHR0cDovL3d3dy53My5vcmcvMjAwMC9zdmciPjwvc3ZnPg==\" style=\"--smush-placeholder-width: 640px; --smush-placeholder-aspect-ratio: 640\/423;\" \/><\/a><\/figure>\n\n\n\n<p>El presidente de Trenes Argentinos dijo: \u201cEsto es cumplir un compromiso y una obligaci\u00f3n como estado, uno presente y que tiene que estar devolviendo derechos que fueron extra\u00eddos de los ciudadanos argentinos en los a\u00f1os 60, profundizado en los 90 y tambi\u00e9n entre el 2016 y 2019, proponiendo nuevamente este medio de transporte accesible, previsible en el tiempo, ecol\u00f3gico, respondiendo al pedido del presidente de la naci\u00f3n y Sergio Massa, quien dijo que \u2018esto debe ser una pol\u00edtica de estado y no un programa de un gobierno\u201d.<br>Asimismo, el vicepresidente de FASE dijo: \u201cEs un orgullo como bande\u00f1o poder concretar esta gesti\u00f3n, ahora desde mi puesto de funcionario de la naci\u00f3n, lo cual significa un aumento de carga transportada, sino tambi\u00e9n la circulaci\u00f3n de vecinos entre las localidades, por lo que podemos decir que de esta manera se consiguen las cosas buenas para la gente, para volver a sentirse parte de la Argentina, profundizando ese federalismo que bregamos la gente del interior\u201d.<br>En este sentido, el servicio mencionado tendr\u00e1 su comienzo a partir del lunes 8 de agosto, con una frecuencia de cuatro viajes, tales as\u00ed dos por la ma\u00f1ana y dos por la tarde. El mismo, tendr\u00e1 un valor accesible de $50.<\/p>\n","protected":false},"excerpt":{"rendered":"<p>El intendente de la ciudad La Banda, Roger Nediani encabez\u00f3 la presentaci\u00f3n de la Marcha Blanca con la habilitaci\u00f3n del servicio de trenes de pasajeros La Banda-Fern\u00e1ndez, junto al Presidente de Trenes Argentinos Mart\u00edn Marinucci, el presidente de FASE, Dami\u00e1n Contreras y el vicepresidente de FASE, Pablo Mirolo.<\/p>\n","protected":false},"author":2,"featured_media":43020,"comment_status":"open","ping_status":"open","sticky":false,"template":"","format":"standard","meta":{"om_disable_all_campaigns":false,"_monsterinsights_skip_tracking":false,"_monsterinsights_sitenote_active":false,"_monsterinsights_sitenote_note":"","_monsterinsights_sitenote_category":0,"_uf_show_specific_survey":0,"_uf_disable_surveys":false,"jetpack_post_was_ever_published":false,"_jetpack_newsletter_access":"","_jetpack_dont_email_post_to_subs":false,"_jetpack_newsletter_tier_id":0,"_jetpack_memberships_contains_paywalled_content":false,"_jetpack_memberships_contains_paid_content":false,"footnotes":"","jetpack_publicize_message":"","jetpack_publicize_feature_enabled":true,"jetpack_social_post_already_shared":false,"jetpack_social_options":{"image_generator_settings":{"template":"highway","default_image_id":0,"font":"","enabled":false},"version":2}},"categories":[21],"tags":[],"class_list":["post-43019","post","type-post","status-publish","format-standard","has-post-thumbnail","hentry","category-locales"],"aioseo_notices":[],"views":9,"jetpack_publicize_connections":[],"jetpack_featured_media_url":"https:\/\/i0.wp.com\/elterritorialweb.com.ar\/web\/wp-content\/uploads\/2022\/08\/WhatsApp-Image-2022-08-01-at-8.10.49-PM-1.jpeg?fit=1205%2C912","jetpack_sharing_enabled":true,"_links":{"self":[{"href":"http:\/\/elterritorialweb.com.ar\/web\/wp-json\/wp\/v2\/posts\/43019","targetHints":{"allow":["GET"]}}],"collection":[{"href":"http:\/\/elterritorialweb.com.ar\/web\/wp-json\/wp\/v2\/posts"}],"about":[{"href":"http:\/\/elterritorialweb.com.ar\/web\/wp-json\/wp\/v2\/types\/post"}],"author":[{"embeddable":true,"href":"http:\/\/elterritorialweb.com.ar\/web\/wp-json\/wp\/v2\/users\/2"}],"replies":[{"embeddable":true,"href":"http:\/\/elterritorialweb.com.ar\/web\/wp-json\/wp\/v2\/comments?post=43019"}],"version-history":[{"count":1,"href":"http:\/\/elterritorialweb.com.ar\/web\/wp-json\/wp\/v2\/posts\/43019\/revisions"}],"predecessor-version":[{"id":43022,"href":"http:\/\/elterritorialweb.com.ar\/web\/wp-json\/wp\/v2\/posts\/43019\/revisions\/43022"}],"wp:featuredmedia":[{"embeddable":true,"href":"http:\/\/elterritorialweb.com.ar\/web\/wp-json\/wp\/v2\/media\/43020"}],"wp:attachment":[{"href":"http:\/\/elterritorialweb.com.ar\/web\/wp-json\/wp\/v2\/media?parent=43019"}],"wp:term":[{"taxonomy":"category","embeddable":true,"href":"http:\/\/elterritorialweb.com.ar\/web\/wp-json\/wp\/v2\/categories?post=43019"},{"taxonomy":"post_tag","embeddable":true,"href":"http:\/\/elterritorialweb.com.ar\/web\/wp-json\/wp\/v2\/tags?post=43019"}],"curies":[{"name":"wp","href":"https:\/\/api.w.org\/{rel}","templated":true}]}}