{"id":43023,"date":"2022-08-02T03:42:39","date_gmt":"2022-08-02T03:42:39","guid":{"rendered":"http:\/\/elterritorialweb.com.ar\/web\/?p=43023"},"modified":"2022-08-02T03:42:40","modified_gmt":"2022-08-02T03:42:40","slug":"alerta-banda-cumple-4-anos-con-la-habilitacion-de-una-unidad-de-respuesta-en-zona-sur","status":"publish","type":"post","link":"http:\/\/elterritorialweb.com.ar\/web\/alerta-banda-cumple-4-anos-con-la-habilitacion-de-una-unidad-de-respuesta-en-zona-sur\/","title":{"rendered":"ALERTA BANDA CUMPLE 4 A\u00d1OS CON LA HABILITACI\u00d3N DE UNA \u00abUNIDAD DE RESPUESTA\u00bb EN ZONA SUR"},"content":{"rendered":"\n<p>La Unidad de \u201cRespuesta N\u00b01 Zona Sur\u201d cuenta con un m\u00f3vil propio que realizar\u00e1 recorridos preventivos constantes optimizando los tiempos de respuesta en caso de presentarse cualquier tipo de emergencia.<br>Al respecto, la coordinadora del \u00e1rea, Carolina Montenegro, indic\u00f3: \u201cTambi\u00e9n relevaremos las necesidades de la zona para fortalecer la presencia del municipio en las zonas m\u00e1s alejadas del centro dela ciudad. El mensaje que queremos dar es un servicio de calidad que el municipio lleva al vecino ya que el personal que desarrollar\u00e1 las funciones en dicha unidad est\u00e1 altamente capacitado en \u00e1reas de seguridad, emergencias de salud e incendios\u201d.<br>Cabe destacar, que el Sistema de un polic\u00eda local.<\/p>\n","protected":false},"excerpt":{"rendered":"<p>El Sistema de Seguridad Alerta Banda habilit\u00f3 la Unidad de \u201cRespuesta N\u00b01 Zona Sur\u201d que fue instalada en el edificio del Centro de Atenci\u00f3n M\u00e9dica Municipal (Camm) N\u00b0 3 del barrio Ampliaci\u00f3n Primero de Mayo.<\/p>\n","protected":false},"author":2,"featured_media":43025,"comment_status":"open","ping_status":"open","sticky":false,"template":"","format":"standard","meta":{"om_disable_all_campaigns":false,"_monsterinsights_skip_tracking":false,"_monsterinsights_sitenote_active":false,"_monsterinsights_sitenote_note":"","_monsterinsights_sitenote_category":0,"_uf_show_specific_survey":0,"_uf_disable_surveys":false,"jetpack_post_was_ever_published":false,"_jetpack_newsletter_access":"","_jetpack_dont_email_post_to_subs":false,"_jetpack_newsletter_tier_id":0,"_jetpack_memberships_contains_paywalled_content":false,"_jetpack_memberships_contains_paid_content":false,"footnotes":"","jetpack_publicize_message":"","jetpack_publicize_feature_enabled":true,"jetpack_social_post_already_shared":false,"jetpack_social_options":{"image_generator_settings":{"template":"highway","default_image_id":0,"font":"","enabled":false},"version":2}},"categories":[21],"tags":[],"class_list":["post-43023","post","type-post","status-publish","format-standard","has-post-thumbnail","hentry","category-locales"],"aioseo_notices":[],"views":6,"jetpack_publicize_connections":[],"jetpack_featured_media_url":"https:\/\/i0.wp.com\/elterritorialweb.com.ar\/web\/wp-content\/uploads\/2022\/08\/WhatsApp-Image-2022-08-01-at-8.10.51-PM.jpeg?fit=717%2C409","jetpack_sharing_enabled":true,"_links":{"self":[{"href":"http:\/\/elterritorialweb.com.ar\/web\/wp-json\/wp\/v2\/posts\/43023","targetHints":{"allow":["GET"]}}],"collection":[{"href":"http:\/\/elterritorialweb.com.ar\/web\/wp-json\/wp\/v2\/posts"}],"about":[{"href":"http:\/\/elterritorialweb.com.ar\/web\/wp-json\/wp\/v2\/types\/post"}],"author":[{"embeddable":true,"href":"http:\/\/elterritorialweb.com.ar\/web\/wp-json\/wp\/v2\/users\/2"}],"replies":[{"embeddable":true,"href":"http:\/\/elterritorialweb.com.ar\/web\/wp-json\/wp\/v2\/comments?post=43023"}],"version-history":[{"count":1,"href":"http:\/\/elterritorialweb.com.ar\/web\/wp-json\/wp\/v2\/posts\/43023\/revisions"}],"predecessor-version":[{"id":43026,"href":"http:\/\/elterritorialweb.com.ar\/web\/wp-json\/wp\/v2\/posts\/43023\/revisions\/43026"}],"wp:featuredmedia":[{"embeddable":true,"href":"http:\/\/elterritorialweb.com.ar\/web\/wp-json\/wp\/v2\/media\/43025"}],"wp:attachment":[{"href":"http:\/\/elterritorialweb.com.ar\/web\/wp-json\/wp\/v2\/media?parent=43023"}],"wp:term":[{"taxonomy":"category","embeddable":true,"href":"http:\/\/elterritorialweb.com.ar\/web\/wp-json\/wp\/v2\/categories?post=43023"},{"taxonomy":"post_tag","embeddable":true,"href":"http:\/\/elterritorialweb.com.ar\/web\/wp-json\/wp\/v2\/tags?post=43023"}],"curies":[{"name":"wp","href":"https:\/\/api.w.org\/{rel}","templated":true}]}}