{"id":43027,"date":"2022-08-02T03:58:24","date_gmt":"2022-08-02T03:58:24","guid":{"rendered":"http:\/\/elterritorialweb.com.ar\/web\/?p=43027"},"modified":"2022-08-02T03:58:24","modified_gmt":"2022-08-02T03:58:24","slug":"cristina-kirchner-y-sergio-massa-mantuvieron-una-reunion-de-trabajo-en-su-despacho-de-la-camara-de-senadores","status":"publish","type":"post","link":"http:\/\/elterritorialweb.com.ar\/web\/cristina-kirchner-y-sergio-massa-mantuvieron-una-reunion-de-trabajo-en-su-despacho-de-la-camara-de-senadores\/","title":{"rendered":"CRISTINA KIRCHNER Y SERGIO MASSA MANTUVIERON UNA REUNI\u00d3N DE TRABAJO EN SU DESPACHO DE LA C\u00c1MARA DE SENADORES"},"content":{"rendered":"\n<p>La vicepresidenta de la Naci\u00f3n, Cristina Fern\u00e1ndez de Kirchner, mantuvo este lunes una reuni\u00f3n con el designado ministro de Econom\u00eda, Producci\u00f3n y Agricultura, Sergio Massa, en su despacho de la C\u00e1mara de Senadores.<\/p>\n\n\n\n<p>As\u00ed lo informaron de manera oficial los voceros de la titular de la C\u00e1mara alta, quien poste\u00f3 una foto con el todav\u00eda diputado nacional a trav\u00e9s de su cuenta de Twitter.<\/p>\n\n\n\n<p>En ese sentido, desde la oficina de prensa de la vicepresidenta indicaron que el encuentro se realiz\u00f3 esta tarde y que las reuniones protocolares entre Massa y Fern\u00e1ndez de Kirchner \u00abson m\u00e1s que habituales\u00bb y que el encuentro \u00abno es ninguna novedad\u00bb.<\/p>\n\n\n\n<p>Asimismo, destacaron que se habl\u00f3<strong>&nbsp;\u00abde los desaf\u00edos que tiene la Argentina hacia adelante y de los planes de gesti\u00f3n del futuro ministro\u00bb.<\/strong><\/p>\n\n\n\n<p>Massa asumir\u00e1 este mi\u00e9rcoles como ministro del Gobierno de Alberto Fern\u00e1ndez, en tanto que ma\u00f1ana har\u00e1 oficial su renuncia a la C\u00e1mara de Diputados que tambi\u00e9n presid\u00eda.<\/p>\n\n\n\n<p>La titularidad de la C\u00e1mara baja quedar\u00e1 para la bonaerense Cecilia Moreau, en tanto que la banca de Massa ser\u00e1 ocupada por Juan Marino.<\/p>\n\n\n\n<p>Durante la jornada de este lunes, el futuro ministro dio a conocer qui\u00e9nes ser\u00e1n sus colaboradores en el \u00e1rea econ\u00f3mica.<\/p>\n\n\n\n<p>En ese sentido, anunci\u00f3 la continuidad de Ra\u00fal Rigo como secretario de Hacienda y de Eduardo Setti como Secretario de Finanzas, y la llegada de Daniel Marx, como asesor en temas de deuda.<\/p>\n\n\n\n<p>Massa, a trav\u00e9s de su cuenta de Twitter, inform\u00f3 durante la ma\u00f1ana la designaci\u00f3n de Rigo, a quien&nbsp;<strong>\u00ablo acompa\u00f1ar\u00e1n Jorge Domper como subsecretario de Presupuesto y Claudia Balestrini a cargo de la Subsecretar\u00eda de Ingresos P\u00fablicos\u00bb<\/strong>.<\/p>\n\n\n\n<p>Rigo, un experto en cuentas p\u00fablicas, volver\u00e1 de este modo a esa funci\u00f3n apenas 27 d\u00edas despu\u00e9s de haber presentado su renuncia al rol que ya cumpl\u00eda en la Secretar\u00eda de Hacienda cuando el ministerio era conducido por Mart\u00edn Guzm\u00e1n.<\/p>\n\n\n\n<p>Casi un mes despu\u00e9s, Massa toma la determinaci\u00f3n de reincorporar a este hombre clave en el dise\u00f1o presupuestario de los gobiernos de N\u00e9stor y Cristina Fern\u00e1ndez de Kirchner, que continu\u00f3 en funciones con el macrismo hasta que el exministro de Econom\u00eda Nicol\u00e1s Dujovne decidi\u00f3 desplazarlo.<\/p>\n\n\n\n<p>Sin embargo, con el recambio del Gobierno en 2019 y la llegada de Mart\u00edn Guzm\u00e1n al Palacio de Hacienda, Rigo retorn\u00f3 a Econom\u00eda.<\/p>\n\n\n\n<p>Por la tarde, y a trav\u00e9s de la misma red social, Massa dio cuenta que Eduardo Setti se mantendr\u00e1 en la secretaria de Finanzas, cargo que viene que desempe\u00f1ando desde comienzos de julio cuando hab\u00eda asumido Cecilia Batakis, \u00aby lo acompa\u00f1ar\u00e1n en el equipo, Leandro Toriano, Natalia Capurso y Celeste Izquierdo\u00bb.<\/p>\n\n\n\n<p>Adem\u00e1s, el vicepresidente del Banco Central ser\u00e1 Lisandro Cleri y vuelve a la funci\u00f3n p\u00fablica Leonardo Madcur como Jefe de Asesores del Ministerio.<\/p>\n\n\n\n<p>Madcur ingres\u00f3 al Ministerio de Econom\u00eda de la mano del secretario de Finanzas, Guillermo Nielsen, como su segundo, en mayo de 2002, cuando el pa\u00eds transitaba una crisis social, institucional y econ\u00f3mica.<\/p>\n\n\n\n<p>El designado jefe de asesores, por entonces, no conoc\u00eda personalmente al ministro de Econom\u00eda, Roberto Lavagna, pero a partir de all\u00ed se gan\u00f3 el reconocimiento.<\/p>\n\n\n\n<p>Asimismo, Massa anunci\u00f3 que Daniel Marx integrar\u00e1 \u00abel comit\u00e9 para el desarrollo del mercado de capitales y seguimiento de la deuda p\u00fablica\u00bb.<\/p>\n\n\n\n<p>Marx fue secretario de Finanzas durante el Gobierno de Fernando de la R\u00faa, y entre 1989 y 1993 fue jefe negociador de la deuda externa argentina, teniendo a cargo su reestructuraci\u00f3n.<\/p>\n\n\n\n<p><strong>\u00abEl objetivo es ordenar y cuidar las cuentas p\u00fablicas\u00bb,<\/strong>&nbsp;expres\u00f3 Massa al dar a conocer los primeros nombres de quienes lo acompa\u00f1ar\u00e1n en el equipo econ\u00f3mico.<\/p>\n","protected":false},"excerpt":{"rendered":"<p>La vicepresidenta y el pr\u00f3ximo ministro de Econom\u00eda, se juntaron en pos \u00abde los desaf\u00edos que tiene la Argentina hacia adelante y de los planes de gesti\u00f3n del futuro ministro\u00bb.<\/p>\n","protected":false},"author":2,"featured_media":43028,"comment_status":"open","ping_status":"open","sticky":false,"template":"","format":"standard","meta":{"om_disable_all_campaigns":false,"_monsterinsights_skip_tracking":false,"_monsterinsights_sitenote_active":false,"_monsterinsights_sitenote_note":"","_monsterinsights_sitenote_category":0,"_uf_show_specific_survey":0,"_uf_disable_surveys":false,"jetpack_post_was_ever_published":false,"_jetpack_newsletter_access":"","_jetpack_dont_email_post_to_subs":false,"_jetpack_newsletter_tier_id":0,"_jetpack_memberships_contains_paywalled_content":false,"_jetpack_memberships_contains_paid_content":false,"footnotes":"","jetpack_publicize_message":"","jetpack_publicize_feature_enabled":true,"jetpack_social_post_already_shared":false,"jetpack_social_options":{"image_generator_settings":{"template":"highway","default_image_id":0,"font":"","enabled":false},"version":2}},"categories":[18],"tags":[],"class_list":["post-43027","post","type-post","status-publish","format-standard","has-post-thumbnail","hentry","category-politica"],"aioseo_notices":[],"views":4,"jetpack_publicize_connections":[],"jetpack_featured_media_url":"https:\/\/i0.wp.com\/elterritorialweb.com.ar\/web\/wp-content\/uploads\/2022\/08\/cristina-y-massa.jpg?fit=900%2C506","jetpack_sharing_enabled":true,"_links":{"self":[{"href":"http:\/\/elterritorialweb.com.ar\/web\/wp-json\/wp\/v2\/posts\/43027","targetHints":{"allow":["GET"]}}],"collection":[{"href":"http:\/\/elterritorialweb.com.ar\/web\/wp-json\/wp\/v2\/posts"}],"about":[{"href":"http:\/\/elterritorialweb.com.ar\/web\/wp-json\/wp\/v2\/types\/post"}],"author":[{"embeddable":true,"href":"http:\/\/elterritorialweb.com.ar\/web\/wp-json\/wp\/v2\/users\/2"}],"replies":[{"embeddable":true,"href":"http:\/\/elterritorialweb.com.ar\/web\/wp-json\/wp\/v2\/comments?post=43027"}],"version-history":[{"count":1,"href":"http:\/\/elterritorialweb.com.ar\/web\/wp-json\/wp\/v2\/posts\/43027\/revisions"}],"predecessor-version":[{"id":43029,"href":"http:\/\/elterritorialweb.com.ar\/web\/wp-json\/wp\/v2\/posts\/43027\/revisions\/43029"}],"wp:featuredmedia":[{"embeddable":true,"href":"http:\/\/elterritorialweb.com.ar\/web\/wp-json\/wp\/v2\/media\/43028"}],"wp:attachment":[{"href":"http:\/\/elterritorialweb.com.ar\/web\/wp-json\/wp\/v2\/media?parent=43027"}],"wp:term":[{"taxonomy":"category","embeddable":true,"href":"http:\/\/elterritorialweb.com.ar\/web\/wp-json\/wp\/v2\/categories?post=43027"},{"taxonomy":"post_tag","embeddable":true,"href":"http:\/\/elterritorialweb.com.ar\/web\/wp-json\/wp\/v2\/tags?post=43027"}],"curies":[{"name":"wp","href":"https:\/\/api.w.org\/{rel}","templated":true}]}}