{"id":43030,"date":"2022-08-02T04:01:22","date_gmt":"2022-08-02T04:01:22","guid":{"rendered":"http:\/\/elterritorialweb.com.ar\/web\/?p=43030"},"modified":"2022-08-02T04:01:23","modified_gmt":"2022-08-02T04:01:23","slug":"comenzo-la-semana-de-la-lactancia-en-la-provincia-con-diversas-actividades","status":"publish","type":"post","link":"http:\/\/elterritorialweb.com.ar\/web\/comenzo-la-semana-de-la-lactancia-en-la-provincia-con-diversas-actividades\/","title":{"rendered":"COMENZ\u00d3 LA SEMANA DE LA LACTANCIA EN LA PROVINCIA CON DIVERSAS ACTIVIDADES"},"content":{"rendered":"\n<p>De la apertura participaron las autoridades del Cisb: la Dra. Liliana Garnica, el Dr. Edgardo Zanoni, director de Maternidad e Infancia, y el Dr. Pedro Carrizo; tambi\u00e9n la referente de Lactancia, Dra. Norma Anzani, junto a la Lic. Liliana Adamo.<br>Durante el acto se realiz\u00f3 tambi\u00e9n un emotivo homenaje al fallecido Dr. Ricardo Aboslaiman por su compromiso con la promoci\u00f3n de la lactancia materna, con la presencia de su esposa y se present\u00f3 el protocolo de circuito de lactancia para garantizar que se facilite el amamantamiento desde el momento del nacimiento del beb\u00e9.<br>EL Dr. Carrizo destac\u00f3 que el Cisb trabaja siempre en consonancia con la lactancia materna. \u201cEl Cisb Tiene una l\u00ednea directriz de acci\u00f3n que ser Hospital Amigo de la Madre y del Ni\u00f1o siendo modelo a seguir en la promoci\u00f3n de la lactancia\u201d, afirm\u00f3<br>Por su parte, la Dra. Anzani se\u00f1al\u00f3 la importancia del espacio amigable creado en el Cisb, ya que permitir\u00e1 \u201cque cada mam\u00e1 que permanezca en esta instituci\u00f3n, encuentre un lugar agradable y acogedor donde puede estar con su beb\u00e9, higienizarlo y fundamentalmente alimentarlo a trav\u00e9s de la lactancia\u201d.<br>En este sentido, puso de relieve que en este momento que atraviesa el mundo \u201cla lactancia es un elemento primordial en la seguridad alimentaria no solo del beb\u00e9, sino de todo su entorno familiar\u201d<br>Para finalizar la Dra. Garnica coment\u00f3 que durante toda la semana en el hospital se realizar\u00e1n actividades de promoci\u00f3n, educaci\u00f3n y difusi\u00f3n de la lactancia materna y llam\u00f3 a apoyar la lactancia desde todos los espacios, tanto desde la familia, como el trabajo, en los servicios de salud y en la comunidad.<br>Tambi\u00e9n record\u00f3 que \u201cla leche humana es el mejor alimento para el beb\u00e9 hasta los 6 meses y luego debe ser complementada con alimentos adecuados hasta los dos a\u00f1os o m\u00e1s\u201d.<\/p>\n\n\n\n<p><strong>CRONOGRAMA DE ACTIVIDADES<\/strong><\/p>\n\n\n\n<p>En los hospitales de Capital y La Banda: Este a\u00f1o, la cartera sanitaria invita a las diversas actividades en conmemoraci\u00f3n a la semana de la lactancia materna:<br>Martes 2 de Agosto (ma\u00f1ana y tarde): Taller virtual sobre la importancia de la lactancia materna en el Cepsi \u201cEva Per\u00f3n\u201d Inscripci\u00f3n https:\/\/forms.gle\/6MtAE3vgLedseDLo8. Mi\u00e9rcoles 3 de Agosto a las 10 hs: Inauguraci\u00f3n de \u201cEspacio Amigo de la Lactancia\u201d en la UPA N\u00b0 25 del Barrio Bel\u00e9n de la Ciudad Capital. En el Cepsi a las 9.30 hs. asesoramiento en consultorios externos y guardia. 9:30HS y a las 16:00 hs Taller \u201cLa importancia de la Lactancia Materna\u201d en sala de espera de Vacunatorio y consultorios externos.<br>Jueves 4 de Agosto a las 9 hs: Actividades conmemorativas en el Hospital Regional \u201cDr. Ram\u00f3n Carrillo\u201d. A las 11 hs se inaugurar\u00e1n los \u201cCentros Amigos de la Lactancia\u201d en la UPA N\u00b0 11 del Barrio Campo Contreras y en el CAPS Los Lagos de la Ciudad Capital. En el Cepsi a las 8 hs Talleres en la Sala de espera de del servicio de Neurodesarrollo (IPRI) y a las 16 hs Taller \u201cLa importancia de la Lactancia Materna\u201d en sala de espera de Vacunatorio y salas de internaci\u00f3n.<br>Viernes 5 de Agosto de 9 a 12.30 hs.: cierre de la semana en el SUM del Domo del Parque Sur de la Ciudad Capital.<br>En todas las UPAs de Capital y La Banda se realizar\u00e1n talleres comunitarios, en sala de espera, consejer\u00eda y asesoramiento a las familias sobre el proceso de amamantamiento.<br>En el Centro Integral de Termas de R\u00edo Hondo: Lunes 1: Taller de lactancia Materna en pu\u00e9rperas. Entrega de un kit de higiene personal para la madre antes de amamantar (toalla de mano, jab\u00f3n, alcohol en gel, corta u\u00f1as, protector mamario).<br>Martes: 2: Taller vespertino (incluido en el taller de PIM) para mujeres embarazadas informativo y educacional.<br>Mi\u00e9rcoles 3: Taller para madres y reci\u00e9n nacidos, conversatorio donde las mujeres puedan expresar sus dudas y las dificultades que atraviesan en el proceso de amamantar.<br>Jueves 4: Taller en sala de espera comunitaria informativo, explicativo y educativo.<br>Viernes 5: Cierre con taller en \u00e1rea de pediatr\u00eda, sala de espera con entrega de un kit de higiene personal para la mam\u00e1 y pa\u00f1ales para el reci\u00e9n nacido.<\/p>\n","protected":false},"excerpt":{"rendered":"<p>Bajo el lema \u201cEducar y apoyar\u201d, en el Centro Integral de Salud Banda (Cisb) se dio inicio a la Semana Mundial de la Lactancia con la apertura de un espacio \u201cAmigo de la lactancia\u201d, para facilitar el amamantamiento en un lugar tranquilo y confortable de las madres que asisten a este hospital.<\/p>\n","protected":false},"author":2,"featured_media":43031,"comment_status":"open","ping_status":"open","sticky":false,"template":"","format":"standard","meta":{"om_disable_all_campaigns":false,"_monsterinsights_skip_tracking":false,"_monsterinsights_sitenote_active":false,"_monsterinsights_sitenote_note":"","_monsterinsights_sitenote_category":0,"_uf_show_specific_survey":0,"_uf_disable_surveys":false,"jetpack_post_was_ever_published":false,"_jetpack_newsletter_access":"","_jetpack_dont_email_post_to_subs":false,"_jetpack_newsletter_tier_id":0,"_jetpack_memberships_contains_paywalled_content":false,"_jetpack_memberships_contains_paid_content":false,"footnotes":"","jetpack_publicize_message":"","jetpack_publicize_feature_enabled":true,"jetpack_social_post_already_shared":false,"jetpack_social_options":{"image_generator_settings":{"template":"highway","default_image_id":0,"font":"","enabled":false},"version":2}},"categories":[3],"tags":[],"class_list":["post-43030","post","type-post","status-publish","format-standard","has-post-thumbnail","hentry","category-salud"],"aioseo_notices":[],"views":6,"jetpack_publicize_connections":[],"jetpack_featured_media_url":"https:\/\/i0.wp.com\/elterritorialweb.com.ar\/web\/wp-content\/uploads\/2022\/08\/WhatsApp-Image-2022-08-01-at-11.14.35-PM.jpeg?fit=1280%2C960","jetpack_sharing_enabled":true,"_links":{"self":[{"href":"http:\/\/elterritorialweb.com.ar\/web\/wp-json\/wp\/v2\/posts\/43030","targetHints":{"allow":["GET"]}}],"collection":[{"href":"http:\/\/elterritorialweb.com.ar\/web\/wp-json\/wp\/v2\/posts"}],"about":[{"href":"http:\/\/elterritorialweb.com.ar\/web\/wp-json\/wp\/v2\/types\/post"}],"author":[{"embeddable":true,"href":"http:\/\/elterritorialweb.com.ar\/web\/wp-json\/wp\/v2\/users\/2"}],"replies":[{"embeddable":true,"href":"http:\/\/elterritorialweb.com.ar\/web\/wp-json\/wp\/v2\/comments?post=43030"}],"version-history":[{"count":1,"href":"http:\/\/elterritorialweb.com.ar\/web\/wp-json\/wp\/v2\/posts\/43030\/revisions"}],"predecessor-version":[{"id":43032,"href":"http:\/\/elterritorialweb.com.ar\/web\/wp-json\/wp\/v2\/posts\/43030\/revisions\/43032"}],"wp:featuredmedia":[{"embeddable":true,"href":"http:\/\/elterritorialweb.com.ar\/web\/wp-json\/wp\/v2\/media\/43031"}],"wp:attachment":[{"href":"http:\/\/elterritorialweb.com.ar\/web\/wp-json\/wp\/v2\/media?parent=43030"}],"wp:term":[{"taxonomy":"category","embeddable":true,"href":"http:\/\/elterritorialweb.com.ar\/web\/wp-json\/wp\/v2\/categories?post=43030"},{"taxonomy":"post_tag","embeddable":true,"href":"http:\/\/elterritorialweb.com.ar\/web\/wp-json\/wp\/v2\/tags?post=43030"}],"curies":[{"name":"wp","href":"https:\/\/api.w.org\/{rel}","templated":true}]}}