{"id":43033,"date":"2022-08-02T12:44:00","date_gmt":"2022-08-02T12:44:00","guid":{"rendered":"http:\/\/elterritorialweb.com.ar\/web\/?p=43033"},"modified":"2022-08-02T13:00:09","modified_gmt":"2022-08-02T13:00:09","slug":"diputados-sesionara-para-aceptar-la-renuncia-de-massa-y-fdt-propondra-a-cecilia-moreau-para-su-reemplazo","status":"publish","type":"post","link":"http:\/\/elterritorialweb.com.ar\/web\/diputados-sesionara-para-aceptar-la-renuncia-de-massa-y-fdt-propondra-a-cecilia-moreau-para-su-reemplazo\/","title":{"rendered":"DIPUTADOS SESIONAR\u00c1 PARA ACEPTAR LA RENUNCIA DE MASSA Y EL FDT PROPONDR\u00c1 A CECILIA MOREAU PARA SU REEMPLAZO"},"content":{"rendered":"\n<p>La C\u00e1mara de Diputados sesionar\u00e1 esta tarde para aceptar la renuncia de su titular, Sergio Massa, quien asumir\u00e1 este mi\u00e9rcoles como ministro de Econom\u00eda, Desarrollo Productivo y Agricultura,<\/p>\n\n\n\n<p><strong>La sesi\u00f3n comenzar\u00e1 a las 14\u00a0<\/strong>y all\u00ed el bloque del\u00a0Frente de Todos (FdT) propondr\u00e1 a Cecilia Moreau para presidir ese cuerpo.<\/p>\n\n\n\n<p>El plenario legislativo solicitado por el FdT ser\u00e1 presidido por el vicepresidente del cuerpo, Omar De Marchi (Juntos por el Cambio), hasta que se designe al nuevo presidente que deber\u00e1 completar el mandato de Massa (hasta diciembre de este a\u00f1o).<\/p>\n\n\n\n<p>Massa\u00a0inform\u00f3 el domingo\u00a0por Twitter que<strong>\u00a0este martes oficializar\u00e1 su renuncia como presidente y a su banca,<\/strong>\u00a0y destac\u00f3 que dar\u00e1 ese paso \u00abcon convicci\u00f3n y compromiso, sin dudas, ni especulaciones\u00bb.<\/p>\n\n\n\n<figure class=\"wp-block-embed is-type-rich is-provider-twitter wp-block-embed-twitter\"><div class=\"wp-block-embed__wrapper\">\n<blockquote class=\"twitter-tweet\" data-width=\"550\" data-dnt=\"true\"><p lang=\"es\" dir=\"ltr\">El martes se trata mi renuncia a la Presidencia de la HCDN y mi renuncia como Diputado Nacional. <br>Doy este paso con convicci\u00f3n y compromiso, sin dudas, ni especulaciones. Dedicar\u00e9 toda mi energ\u00eda a solucionar problemas, entendiendo que es el mejor servicio que puedo dar al pa\u00eds.<\/p>&mdash; Sergio Massa (@SergioMassa) <a href=\"https:\/\/twitter.com\/SergioMassa\/status\/1553828817730404352?ref_src=twsrc%5Etfw\">July 31, 2022<\/a><\/blockquote><script async src=\"https:\/\/platform.twitter.com\/widgets.js\" charset=\"utf-8\"><\/script>\n<\/div><\/figure>\n\n\n\n<p>Al dimitir Massa a su banca, le corresponde jurar como diputado al presidente del Partido Piquetero, Juan Marino, un dirigente de 34 a\u00f1os que en la actualidad se desempe\u00f1a como funcionario en el Ministerio de Desarrollo de la Comunidad bonaerense, que conduce el referente de La C\u00e1mpora Andr\u00e9s \u00abCuervo\u00bb Larroque.<\/p>\n\n\n\n<p>Sobre la posici\u00f3n que adoptar\u00e1n en relaci\u00f3n a la postulaci\u00f3n de Cecilia Moreau,<strong>&nbsp;la mayor\u00eda de los bloques opositores a\u00fan no definieron sus posturas<\/strong>, aunque desde Juntos por el Cambio dejaron trascender que se inclinar\u00edan por la abstenci\u00f3n.<\/p>\n\n\n\n<p>Igualmente, por tratarse de una votaci\u00f3n a mano alzada y que no requiere de mayor\u00edas especiales,<strong>&nbsp;se descuenta que el plenario terminar\u00e1 avalando a la diputada de origen alfonsinista.<\/strong><\/p>\n","protected":false},"excerpt":{"rendered":"<p>La mayor\u00eda de los bloques opositores a\u00fan no definieron sus posturas, aunque desde JxC dejaron trascender que se inclinar\u00edan por la abstenci\u00f3n. Igualmente, por tratarse de una votaci\u00f3n a mano alzada y que no requiere de mayor\u00edas especiales, se descuenta que ser\u00eda aceptada.<\/p>\n","protected":false},"author":2,"featured_media":43034,"comment_status":"open","ping_status":"open","sticky":false,"template":"","format":"standard","meta":{"om_disable_all_campaigns":false,"_monsterinsights_skip_tracking":false,"_monsterinsights_sitenote_active":false,"_monsterinsights_sitenote_note":"","_monsterinsights_sitenote_category":0,"_uf_show_specific_survey":0,"_uf_disable_surveys":false,"jetpack_post_was_ever_published":false,"_jetpack_newsletter_access":"","_jetpack_dont_email_post_to_subs":false,"_jetpack_newsletter_tier_id":0,"_jetpack_memberships_contains_paywalled_content":false,"_jetpack_memberships_contains_paid_content":false,"footnotes":"","jetpack_publicize_message":"","jetpack_publicize_feature_enabled":true,"jetpack_social_post_already_shared":false,"jetpack_social_options":{"image_generator_settings":{"template":"highway","default_image_id":0,"font":"","enabled":false},"version":2}},"categories":[4,18],"tags":[],"class_list":["post-43033","post","type-post","status-publish","format-standard","has-post-thumbnail","hentry","category-destacadas","category-politica"],"aioseo_notices":[],"views":5,"jetpack_publicize_connections":[],"jetpack_featured_media_url":"https:\/\/i0.wp.com\/elterritorialweb.com.ar\/web\/wp-content\/uploads\/2022\/08\/image-2.png?fit=1200%2C675","jetpack_sharing_enabled":true,"_links":{"self":[{"href":"http:\/\/elterritorialweb.com.ar\/web\/wp-json\/wp\/v2\/posts\/43033","targetHints":{"allow":["GET"]}}],"collection":[{"href":"http:\/\/elterritorialweb.com.ar\/web\/wp-json\/wp\/v2\/posts"}],"about":[{"href":"http:\/\/elterritorialweb.com.ar\/web\/wp-json\/wp\/v2\/types\/post"}],"author":[{"embeddable":true,"href":"http:\/\/elterritorialweb.com.ar\/web\/wp-json\/wp\/v2\/users\/2"}],"replies":[{"embeddable":true,"href":"http:\/\/elterritorialweb.com.ar\/web\/wp-json\/wp\/v2\/comments?post=43033"}],"version-history":[{"count":2,"href":"http:\/\/elterritorialweb.com.ar\/web\/wp-json\/wp\/v2\/posts\/43033\/revisions"}],"predecessor-version":[{"id":43037,"href":"http:\/\/elterritorialweb.com.ar\/web\/wp-json\/wp\/v2\/posts\/43033\/revisions\/43037"}],"wp:featuredmedia":[{"embeddable":true,"href":"http:\/\/elterritorialweb.com.ar\/web\/wp-json\/wp\/v2\/media\/43034"}],"wp:attachment":[{"href":"http:\/\/elterritorialweb.com.ar\/web\/wp-json\/wp\/v2\/media?parent=43033"}],"wp:term":[{"taxonomy":"category","embeddable":true,"href":"http:\/\/elterritorialweb.com.ar\/web\/wp-json\/wp\/v2\/categories?post=43033"},{"taxonomy":"post_tag","embeddable":true,"href":"http:\/\/elterritorialweb.com.ar\/web\/wp-json\/wp\/v2\/tags?post=43033"}],"curies":[{"name":"wp","href":"https:\/\/api.w.org\/{rel}","templated":true}]}}