{"id":43038,"date":"2022-08-02T13:14:03","date_gmt":"2022-08-02T13:14:03","guid":{"rendered":"http:\/\/elterritorialweb.com.ar\/web\/?p=43038"},"modified":"2022-08-02T13:14:04","modified_gmt":"2022-08-02T13:14:04","slug":"juan-jose-bahillo-sera-el-nuevo-secretario-de-agricultura","status":"publish","type":"post","link":"http:\/\/elterritorialweb.com.ar\/web\/juan-jose-bahillo-sera-el-nuevo-secretario-de-agricultura\/","title":{"rendered":"JUAN JOS\u00c9 BAHILLO SER\u00c1 EL NUEVO SECRETARIO DE AGRICULTURA"},"content":{"rendered":"\n<p><strong>El exdiputado nacional Juan Jos\u00e9 Bahillo ser\u00e1 el nuevo secretario de Agricultura en reemplazo de Juli\u00e1n Dom\u00ednguez, seg\u00fan pudo confirmar C5N.com<\/strong>\u00a0De esta manera se incorporar\u00e1 al Ministerio de Econom\u00eda, Producci\u00f3n y Agricultura que estar\u00e1 a cargo de Sergio Massa a partir de este mi\u00e9rcoles.<\/p>\n\n\n\n<p><strong>Bahillo fue intendente de Gualeguaych\u00fa y hasta esta semana se desempe\u00f1\u00f3 como ministro de Producci\u00f3n, Turismo y Desarrollo Econ\u00f3mico de la provincia de Entre R\u00edos.<\/strong>&nbsp;Como diputado provincial, fue presidente de la Comisi\u00f3n de Hacienda y Presupuesto y jefe del bloque del Partido Justicialista.<\/p>\n\n\n\n<p><strong>\u00abEs un hombre de la zona n\u00facleo, con muy buena relaci\u00f3n con las entidades del campo\u00bb<\/strong>, dijeron a C5N.com fuentes cercanas. Se suma a que es un hombre de confianza del gobernador de Entre R\u00edos, Gustavo Bordet, quien mantiene una muy buena relaci\u00f3n con Sergio Massa.<\/p>\n\n\n\n<p><strong>Su familia se dedica a la producci\u00f3n lechera y tiene un tambo en Entre R\u00edos,<\/strong>&nbsp;una empresa familiar a la que el nuevo secretario se incorpor\u00f3 en 1993 y dirige desde 1999. Su carrera pol\u00edtica comenz\u00f3 en 2003 cuando fue electo como diputado provincial por el Frente para la Victoria.<\/p>\n\n\n\n<p>La designaci\u00f3n de Bahillo se suma a las de Ra\u00fal Rigo como Secretario de Hacienda, Jorge Domper como Subsecretario de Presupuesto, Claudia Balestrini como Subsecretaria de Ingresos P\u00fablicos y Eduardo Setti como Secretario de Finanzas.<\/p>\n","protected":false},"excerpt":{"rendered":"<p>El exdiputado nacional reemplazar\u00e1 a Juli\u00e1n Dom\u00ednguez. Fue intendente de Gualeguaych\u00fa y ministro de Producci\u00f3n, Turismo y Desarrollo Econ\u00f3mico de Entre R\u00edos.<\/p>\n","protected":false},"author":2,"featured_media":0,"comment_status":"open","ping_status":"open","sticky":false,"template":"","format":"standard","meta":{"om_disable_all_campaigns":false,"_monsterinsights_skip_tracking":false,"_monsterinsights_sitenote_active":false,"_monsterinsights_sitenote_note":"","_monsterinsights_sitenote_category":0,"_uf_show_specific_survey":0,"_uf_disable_surveys":false,"jetpack_post_was_ever_published":false,"_jetpack_newsletter_access":"","_jetpack_dont_email_post_to_subs":false,"_jetpack_newsletter_tier_id":0,"_jetpack_memberships_contains_paywalled_content":false,"_jetpack_memberships_contains_paid_content":false,"footnotes":"","jetpack_publicize_message":"","jetpack_publicize_feature_enabled":true,"jetpack_social_post_already_shared":false,"jetpack_social_options":{"image_generator_settings":{"template":"highway","default_image_id":0,"font":"","enabled":false},"version":2}},"categories":[4,18],"tags":[],"class_list":["post-43038","post","type-post","status-publish","format-standard","hentry","category-destacadas","category-politica"],"aioseo_notices":[],"views":5,"jetpack_publicize_connections":[],"jetpack_featured_media_url":"","jetpack_sharing_enabled":true,"_links":{"self":[{"href":"http:\/\/elterritorialweb.com.ar\/web\/wp-json\/wp\/v2\/posts\/43038","targetHints":{"allow":["GET"]}}],"collection":[{"href":"http:\/\/elterritorialweb.com.ar\/web\/wp-json\/wp\/v2\/posts"}],"about":[{"href":"http:\/\/elterritorialweb.com.ar\/web\/wp-json\/wp\/v2\/types\/post"}],"author":[{"embeddable":true,"href":"http:\/\/elterritorialweb.com.ar\/web\/wp-json\/wp\/v2\/users\/2"}],"replies":[{"embeddable":true,"href":"http:\/\/elterritorialweb.com.ar\/web\/wp-json\/wp\/v2\/comments?post=43038"}],"version-history":[{"count":1,"href":"http:\/\/elterritorialweb.com.ar\/web\/wp-json\/wp\/v2\/posts\/43038\/revisions"}],"predecessor-version":[{"id":43040,"href":"http:\/\/elterritorialweb.com.ar\/web\/wp-json\/wp\/v2\/posts\/43038\/revisions\/43040"}],"wp:attachment":[{"href":"http:\/\/elterritorialweb.com.ar\/web\/wp-json\/wp\/v2\/media?parent=43038"}],"wp:term":[{"taxonomy":"category","embeddable":true,"href":"http:\/\/elterritorialweb.com.ar\/web\/wp-json\/wp\/v2\/categories?post=43038"},{"taxonomy":"post_tag","embeddable":true,"href":"http:\/\/elterritorialweb.com.ar\/web\/wp-json\/wp\/v2\/tags?post=43038"}],"curies":[{"name":"wp","href":"https:\/\/api.w.org\/{rel}","templated":true}]}}