{"id":43041,"date":"2022-08-02T13:29:43","date_gmt":"2022-08-02T13:29:43","guid":{"rendered":"http:\/\/elterritorialweb.com.ar\/web\/?p=43041"},"modified":"2022-08-02T13:30:30","modified_gmt":"2022-08-02T13:30:30","slug":"fuerte-cruce-al-aire-entre-veronica-ojeda-y-claudia-villafane","status":"publish","type":"post","link":"http:\/\/elterritorialweb.com.ar\/web\/fuerte-cruce-al-aire-entre-veronica-ojeda-y-claudia-villafane\/","title":{"rendered":"FUERTE CRUCE AL AIRE ENTRE VERONICA OJEDA Y CLAUDIA VILLAFA\u00d1E"},"content":{"rendered":"\n<p><strong>Claudia Villafa\u00f1e irrumpi\u00f3 este lunes el programa Argenzuela de C5N para cruzar a Ver\u00f3nica Ojeda<\/strong>, quien estaba dando un m\u00f3vil con el conductor Jorge Rial y la hab\u00eda criticado con dureza.\u00a0<strong>El eje de la discusi\u00f3n fueron diversos contratos relacionados a la marca Diego Maradona<\/strong>, como una marca de vino o el partido homenaje en Arabia Saudita.<\/p>\n\n\n\n<p><strong>\u00abEst\u00e1 diciendo cosas que no son verdad\u00bb<\/strong>, lanzo Villafa\u00f1e por tel\u00e9fono en un inicio, frase que enfureci\u00f3 de inmediato a Ojeda:&nbsp;<strong>\u00abYa empezamos mal Claudia, est\u00e1s mintiendo. Vos sos la Teresa de Calcuta siempre y nunca hac\u00e9s nada. Los papeles est\u00e1n ac\u00e1, lo tienen los cinco abogados\u00bb.<\/strong><\/p>\n\n\n\n<p>El primer tema de la pelea fue el contrato por una marca de vinos, el cu\u00e1l por el momento solo fue firmado por solo dos de los herederos: Dalma y Gianinna.&nbsp;<strong>\u00abMe contactaron y le pas\u00e9 el contacto a los abogados para que vean el negocio. No firmaron ninguno, solo firmaron Dalma y Giannina, pero no cobraron un peso. Ustedes van a viajar\u00bb<\/strong>, precis\u00f3 Claudia, pero Ojeda afirm\u00f3 que&nbsp;<strong>\u00abfirmaron hace un a\u00f1o atr\u00e1s\u00bb.<\/strong><\/p>\n\n\n\n<figure class=\"wp-block-embed is-type-rich is-provider-gestor-del-servicio wp-block-embed-gestor-del-servicio wp-embed-aspect-16-9 wp-has-aspect-ratio\"><div class=\"wp-block-embed__wrapper\">\n<iframe title=\"Tenso cruce entre Claudia Villafa\u00f1e y Ver\u00f3nica Ojeda en vivo - Argenzuela\" width=\"640\" height=\"360\" data-src=\"https:\/\/www.youtube.com\/embed\/au0BcOdyrho?feature=oembed\" frameborder=\"0\" allow=\"accelerometer; autoplay; clipboard-write; encrypted-media; gyroscope; picture-in-picture; web-share\" referrerpolicy=\"strict-origin-when-cross-origin\" allowfullscreen src=\"data:image\/svg+xml;base64,PHN2ZyB3aWR0aD0iMSIgaGVpZ2h0PSIxIiB4bWxucz0iaHR0cDovL3d3dy53My5vcmcvMjAwMC9zdmciPjwvc3ZnPg==\" class=\"lazyload\" data-load-mode=\"1\"><\/iframe>\n<\/div><\/figure>\n\n\n\n<p><strong>\u00abNo fue hace un a\u00f1o. Pero no importa cuando se firm\u00f3, yo te cont\u00e9 lo de los vinos. La gente me llama a m\u00ed para los negocios y se lo paso a los abogados\u00bb<\/strong>, respondi\u00f3, adem\u00e1s de aclarar que \u00abnadie cobr\u00f3 un peso\u00bb. Ver\u00f3nica, por su parte, asegur\u00f3 que ahora tienen que viajar con Jana y Diego Jr. a Europa \u00abporque no les queda otra alternativa\u00bb.<\/p>\n\n\n\n<p>Fue en ese momento cuando&nbsp;<strong>la madre de Dieguito Fernando trat\u00f3 a Claudia y sus hijas de \u00abhip\u00f3critas\u00bb<\/strong>, adem\u00e1s de asegurar que se ponen \u00abuna m\u00e1scara\u00bb cuando salen en televisi\u00f3n. \u00abNo se puede as\u00ed&#8230;\u00bb, atin\u00f3 a responder Villafa\u00f1e.<\/p>\n\n\n\n<h3 class=\"wp-block-heading\">El partido de la pol\u00e9mica en Arabia Saudita entre Boca y Barcelona<\/h3>\n\n\n\n<p>El cruce entre las exparejas de Diego Maradona luego vir\u00f3 al amistoso entre Boca y Barcelona del a\u00f1o pasado en Arabia Saudita, ya que Ver\u00f3nica y su esposo Mauro Baudry aseguraron que Claudia cobr\u00f3 u$s80 mil por el mismo.<\/p>\n\n\n\n<p><strong>\u00abEso es mentira, cobr\u00e9 cero pesos. Quiero que lo demuestren haber d\u00f3nde est\u00e1 eso. Capaz est\u00e1 en una cuenta que yo no s\u00e9. Lo juro por mis nietos\u00bb<\/strong>, respondi\u00f3, pero inmediatamente Ver\u00f3nica la chicane\u00f3:&nbsp;<strong>\u00abMenos mal que no jura por Dieguito\u00bb.<\/strong><\/p>\n\n\n\n<p>Por \u00faltimo, y antes de que termine el programa, el conductor Jorge Rial le pregunt\u00f3 a Villafa\u00f1e en qu\u00e9 qued\u00f3 la causa sobre las camisetas de Diego Maradona y respondi\u00f3 que \u00abest\u00e1 cerrada\u00bb, pero Ojeda acot\u00f3: \u00abBaglietto (el administrador de la herencia) no me dijo nada\u00bb.<\/p>\n","protected":false},"excerpt":{"rendered":"<p>Mientras Ojeda daba un m\u00f3vil en Argenzuela, Villafa\u00f1e llam\u00f3 para salir a aclarar diversas acusaciones relacionadas a la marca Diego Maradona.<\/p>\n","protected":false},"author":2,"featured_media":43042,"comment_status":"open","ping_status":"open","sticky":false,"template":"","format":"standard","meta":{"om_disable_all_campaigns":false,"_monsterinsights_skip_tracking":false,"_monsterinsights_sitenote_active":false,"_monsterinsights_sitenote_note":"","_monsterinsights_sitenote_category":0,"_uf_show_specific_survey":0,"_uf_disable_surveys":false,"jetpack_post_was_ever_published":false,"_jetpack_newsletter_access":"","_jetpack_dont_email_post_to_subs":false,"_jetpack_newsletter_tier_id":0,"_jetpack_memberships_contains_paywalled_content":false,"_jetpack_memberships_contains_paid_content":false,"footnotes":"","jetpack_publicize_message":"","jetpack_publicize_feature_enabled":true,"jetpack_social_post_already_shared":false,"jetpack_social_options":{"image_generator_settings":{"template":"highway","default_image_id":0,"font":"","enabled":false},"version":2}},"categories":[20],"tags":[],"class_list":["post-43041","post","type-post","status-publish","format-standard","has-post-thumbnail","hentry","category-especysociales"],"aioseo_notices":[],"views":6,"jetpack_publicize_connections":[],"jetpack_featured_media_url":"https:\/\/i0.wp.com\/elterritorialweb.com.ar\/web\/wp-content\/uploads\/2022\/08\/claudia-villafane-veronica-ojeda-portada.jpg?fit=1920%2C1080","jetpack_sharing_enabled":true,"_links":{"self":[{"href":"http:\/\/elterritorialweb.com.ar\/web\/wp-json\/wp\/v2\/posts\/43041","targetHints":{"allow":["GET"]}}],"collection":[{"href":"http:\/\/elterritorialweb.com.ar\/web\/wp-json\/wp\/v2\/posts"}],"about":[{"href":"http:\/\/elterritorialweb.com.ar\/web\/wp-json\/wp\/v2\/types\/post"}],"author":[{"embeddable":true,"href":"http:\/\/elterritorialweb.com.ar\/web\/wp-json\/wp\/v2\/users\/2"}],"replies":[{"embeddable":true,"href":"http:\/\/elterritorialweb.com.ar\/web\/wp-json\/wp\/v2\/comments?post=43041"}],"version-history":[{"count":2,"href":"http:\/\/elterritorialweb.com.ar\/web\/wp-json\/wp\/v2\/posts\/43041\/revisions"}],"predecessor-version":[{"id":43046,"href":"http:\/\/elterritorialweb.com.ar\/web\/wp-json\/wp\/v2\/posts\/43041\/revisions\/43046"}],"wp:featuredmedia":[{"embeddable":true,"href":"http:\/\/elterritorialweb.com.ar\/web\/wp-json\/wp\/v2\/media\/43042"}],"wp:attachment":[{"href":"http:\/\/elterritorialweb.com.ar\/web\/wp-json\/wp\/v2\/media?parent=43041"}],"wp:term":[{"taxonomy":"category","embeddable":true,"href":"http:\/\/elterritorialweb.com.ar\/web\/wp-json\/wp\/v2\/categories?post=43041"},{"taxonomy":"post_tag","embeddable":true,"href":"http:\/\/elterritorialweb.com.ar\/web\/wp-json\/wp\/v2\/tags?post=43041"}],"curies":[{"name":"wp","href":"https:\/\/api.w.org\/{rel}","templated":true}]}}