{"id":43047,"date":"2022-08-02T13:43:11","date_gmt":"2022-08-02T13:43:11","guid":{"rendered":"http:\/\/elterritorialweb.com.ar\/web\/?p=43047"},"modified":"2022-08-02T13:43:12","modified_gmt":"2022-08-02T13:43:12","slug":"como-le-fue-a-tinelli-en-el-rating-en-la-segunda-semana-de-canta-conmigo-ahora","status":"publish","type":"post","link":"http:\/\/elterritorialweb.com.ar\/web\/como-le-fue-a-tinelli-en-el-rating-en-la-segunda-semana-de-canta-conmigo-ahora\/","title":{"rendered":"COMO LE FUE A TINELLI EN EL RATING EN LA SEGUNDA SEMANA DE \u00abCANTA CONMIGO AHORA\u00bb"},"content":{"rendered":"\n<p><strong>Canta Conmigo Ahora<\/strong>,\u00a0el nuevo programa de<strong>\u00a0Marcelo Tinelli\u00a0<\/strong>por\u00a0<strong>El Trece<\/strong>, y<strong>\u00a0La Voz Argentina 2022,<\/strong>\u00a0el tanque de\u00a0<strong>Telefe<\/strong>, lucha por el rating en el prime time de la televisi\u00f3n argentina: qui\u00e9n gan\u00f3 en la segunda semana de competencia.<\/p>\n\n\n\n<p>De acuerdo a los datos de la medidora<strong>\u00a0Kantar Ibope,\u00a0<\/strong>el ciclo de<strong>\u00a0Marley<\/strong>\u00a0obtuvo anoche<strong>\u00a013.4 puntos de rating,<\/strong>\u00a0siendo lo mejor del d\u00eda, mientras que\u00a0<strong>Marcelo<\/strong>\u00a0arranc\u00f3 su segunda semana con\u00a0<strong>10.2 puntos<\/strong>, siendo el segundo programa m\u00e1s visto de su canal.<\/p>\n\n\n\n<p>Antes, la novela turca<strong>&nbsp;Fugitiva (Telefe)<\/strong>&nbsp;logr\u00f3 una media de<strong>&nbsp;11.9 puntos de rating<\/strong>&nbsp;frente a los&nbsp;<strong>11.3 puntos<\/strong>&nbsp;que logr\u00f3&nbsp;<strong>Los 8 escalones del mill\u00f3n&nbsp;<\/strong>en&nbsp;<strong>El Trece<\/strong>.<\/p>\n\n\n\n<p>Y la batalla entre noticieros la domin\u00f3 una vez m\u00e1s\u00a0<strong>Telefe Noticias<\/strong>, que gan\u00f3 la franja con<strong>\u00a010.4 puntos<\/strong>, frente a los<strong>\u00a08.3 puntos<\/strong>\u00a0de\u00a0<strong>Telenoche (El Trece)<\/strong>.<\/p>\n\n\n\n<h3 class=\"wp-block-heading\">El rating del resto de los canales de la tv abierta<\/h3>\n\n\n\n<p><strong>El Nueve<\/strong>&nbsp;tuvo su mayor audiencia gracias a&nbsp;<strong>Bendita<\/strong>&nbsp;con&nbsp;<strong>4.8 puntos<\/strong>. Mientras que&nbsp;<strong>Telenueve Central<\/strong>&nbsp;qued\u00f3 segundo con un promedio de&nbsp;<strong>3.8 puntos.<\/strong><\/p>\n\n\n\n<p>Por el lado de&nbsp;<strong>Am\u00e9rica TV, LAM<\/strong>&nbsp;con&nbsp;<strong>\u00c1ngel de Brito&nbsp;<\/strong>sigue firme primero en audiencia de la se\u00f1al de Palermo con<strong>&nbsp;3.1 puntos de rating.<\/strong><\/p>\n\n\n\n<p>En la&nbsp;<strong>TV P\u00fablica<\/strong>&nbsp;se destac\u00f3&nbsp;<strong>Cocineros Argentinos&nbsp;<\/strong>con<strong>&nbsp;1.0<\/strong>. En<strong>&nbsp;Net TV, El se\u00f1or de los cielos<\/strong>&nbsp;con&nbsp;<strong>0.6 puntos&nbsp;<\/strong>y en<strong>&nbsp;Bravo TV, Avenida Brasil<\/strong>&nbsp;hizo<strong>&nbsp;0.5.<\/strong><\/p>\n","protected":false},"excerpt":{"rendered":"<p>Con el debut de Canta Conmigo Ahora se recalent\u00f3 la pelea por el rating del prime time entre Telefe y El Trece. Los n\u00fameros finales del programa de Marcelo Tinelli y de La Voz Argentina 2022.<\/p>\n","protected":false},"author":2,"featured_media":43048,"comment_status":"open","ping_status":"open","sticky":false,"template":"","format":"standard","meta":{"om_disable_all_campaigns":false,"_monsterinsights_skip_tracking":false,"_monsterinsights_sitenote_active":false,"_monsterinsights_sitenote_note":"","_monsterinsights_sitenote_category":0,"_uf_show_specific_survey":0,"_uf_disable_surveys":false,"jetpack_post_was_ever_published":false,"_jetpack_newsletter_access":"","_jetpack_dont_email_post_to_subs":false,"_jetpack_newsletter_tier_id":0,"_jetpack_memberships_contains_paywalled_content":false,"_jetpack_memberships_contains_paid_content":false,"footnotes":"","jetpack_publicize_message":"","jetpack_publicize_feature_enabled":true,"jetpack_social_post_already_shared":false,"jetpack_social_options":{"image_generator_settings":{"template":"highway","default_image_id":0,"font":"","enabled":false},"version":2}},"categories":[20],"tags":[],"class_list":["post-43047","post","type-post","status-publish","format-standard","has-post-thumbnail","hentry","category-especysociales"],"aioseo_notices":[],"views":15,"jetpack_publicize_connections":[],"jetpack_featured_media_url":"https:\/\/i0.wp.com\/elterritorialweb.com.ar\/web\/wp-content\/uploads\/2022\/08\/image-3.png?fit=720%2C480","jetpack_sharing_enabled":true,"_links":{"self":[{"href":"http:\/\/elterritorialweb.com.ar\/web\/wp-json\/wp\/v2\/posts\/43047","targetHints":{"allow":["GET"]}}],"collection":[{"href":"http:\/\/elterritorialweb.com.ar\/web\/wp-json\/wp\/v2\/posts"}],"about":[{"href":"http:\/\/elterritorialweb.com.ar\/web\/wp-json\/wp\/v2\/types\/post"}],"author":[{"embeddable":true,"href":"http:\/\/elterritorialweb.com.ar\/web\/wp-json\/wp\/v2\/users\/2"}],"replies":[{"embeddable":true,"href":"http:\/\/elterritorialweb.com.ar\/web\/wp-json\/wp\/v2\/comments?post=43047"}],"version-history":[{"count":1,"href":"http:\/\/elterritorialweb.com.ar\/web\/wp-json\/wp\/v2\/posts\/43047\/revisions"}],"predecessor-version":[{"id":43049,"href":"http:\/\/elterritorialweb.com.ar\/web\/wp-json\/wp\/v2\/posts\/43047\/revisions\/43049"}],"wp:featuredmedia":[{"embeddable":true,"href":"http:\/\/elterritorialweb.com.ar\/web\/wp-json\/wp\/v2\/media\/43048"}],"wp:attachment":[{"href":"http:\/\/elterritorialweb.com.ar\/web\/wp-json\/wp\/v2\/media?parent=43047"}],"wp:term":[{"taxonomy":"category","embeddable":true,"href":"http:\/\/elterritorialweb.com.ar\/web\/wp-json\/wp\/v2\/categories?post=43047"},{"taxonomy":"post_tag","embeddable":true,"href":"http:\/\/elterritorialweb.com.ar\/web\/wp-json\/wp\/v2\/tags?post=43047"}],"curies":[{"name":"wp","href":"https:\/\/api.w.org\/{rel}","templated":true}]}}