{"id":43050,"date":"2022-08-02T13:51:00","date_gmt":"2022-08-02T13:51:00","guid":{"rendered":"http:\/\/elterritorialweb.com.ar\/web\/?p=43050"},"modified":"2022-08-02T13:51:01","modified_gmt":"2022-08-02T13:51:01","slug":"la-santiaguena-guillermina-barros-jugara-el-master-final-de-padel-en-mendoza","status":"publish","type":"post","link":"http:\/\/elterritorialweb.com.ar\/web\/la-santiaguena-guillermina-barros-jugara-el-master-final-de-padel-en-mendoza\/","title":{"rendered":"LA SANTIAGUE\u00d1A GUILLERMINA BARROS JUGAR\u00c1 EL MASTER FINAL DE PADEL EN MENDOZA"},"content":{"rendered":"\n<p>Con la organizaci\u00f3n de la Asociaci\u00f3n de P\u00e1del Argentino (APA) y por la internacional Premier P\u00e1del, Mendoza reunir\u00e1 a la \u00e9lite de este deporte y la juvenil, Guillermina Barros volver\u00e1 a representar a Santiago, en la categor\u00eda sub 18 femenino junto a la neuquina Daniela Ayel\u00e9n Raf\u00fa.<br>El torneo se desarrollar\u00e1 desde el 9 al 14 de este mes y se jugar\u00e1 en paralelo una fecha del Circuito Internacional donde participar\u00e1n los mejores jugadores de p\u00e1del del mundo en la categor\u00eda mayores.<br>La pareja que integra Barros clasific\u00f3 al M\u00e1ster jugando solo 3 de los 4 selectivos que se disputaron en la temporada. Y a pesar de la dificultad de entrenar por separado, la dupla trabaja intensamente para llegar de la mejor manera al certamen.<br>Guillermina entrena desde las 6 de la ma\u00f1ana en un gimnasio local, antes de ingresar al colegio. Dos veces a la semana trabaja en su juego y t\u00e9cnica a las \u00f3rdenes de Claudia C\u00e9spedes. Adem\u00e1s hace running y enfrenta a jugadores locales para intensificar su preparaci\u00f3n.<br>La jugadora santiague\u00f1a ya sabe de batallas incluso internacionales cuando represent\u00f3 al pa\u00eds en Espa\u00f1a. En ese sentido, sabe que tiene las condiciones para hacer un buen torneo y que su esfuerzo est\u00e1 sustentado en la confianza de quienes trabajan junto a ella. \u201cQuiero expresar mi agradecimiento a m\u00ed equipo de trabajo, mi familia, a la Secretaria de Deportes de Santiago del Espero, al profesor Carlos Dapello, y al Gobierno de la Provincia por el apoyo para que yo pueda seguir compitiendo a nivel nacional\u201d, expres\u00f3.<\/p>\n\n\n\n<figure class=\"wp-block-image size-full\"><a href=\"https:\/\/i0.wp.com\/elterritorialweb.com.ar\/web\/wp-content\/uploads\/2022\/08\/WhatsApp-Image-2022-08-02-at-3.40.42-PM-1.jpeg\"><img data-recalc-dims=\"1\" decoding=\"async\" width=\"640\" height=\"695\" data-src=\"https:\/\/i0.wp.com\/elterritorialweb.com.ar\/web\/wp-content\/uploads\/2022\/08\/WhatsApp-Image-2022-08-02-at-3.40.42-PM-1.jpeg?resize=640%2C695\" alt=\"\" class=\"wp-image-43051 lazyload\" data-srcset=\"https:\/\/i0.wp.com\/elterritorialweb.com.ar\/web\/wp-content\/uploads\/2022\/08\/WhatsApp-Image-2022-08-02-at-3.40.42-PM-1.jpeg?w=793 793w, https:\/\/i0.wp.com\/elterritorialweb.com.ar\/web\/wp-content\/uploads\/2022\/08\/WhatsApp-Image-2022-08-02-at-3.40.42-PM-1.jpeg?resize=276%2C300 276w, https:\/\/i0.wp.com\/elterritorialweb.com.ar\/web\/wp-content\/uploads\/2022\/08\/WhatsApp-Image-2022-08-02-at-3.40.42-PM-1.jpeg?resize=768%2C834 768w\" data-sizes=\"(max-width: 640px) 100vw, 640px\" src=\"data:image\/svg+xml;base64,PHN2ZyB3aWR0aD0iMSIgaGVpZ2h0PSIxIiB4bWxucz0iaHR0cDovL3d3dy53My5vcmcvMjAwMC9zdmciPjwvc3ZnPg==\" style=\"--smush-placeholder-width: 640px; --smush-placeholder-aspect-ratio: 640\/695;\" \/><\/a><\/figure>\n","protected":false},"excerpt":{"rendered":"<p>Este importante torneo se jugar\u00e1 entre el 9 y el 14 de agosto y participar\u00e1n las mejores 8 parejas del pa\u00eds de cada categor\u00eda.<\/p>\n","protected":false},"author":2,"featured_media":43052,"comment_status":"open","ping_status":"open","sticky":false,"template":"","format":"standard","meta":{"om_disable_all_campaigns":false,"_monsterinsights_skip_tracking":false,"_monsterinsights_sitenote_active":false,"_monsterinsights_sitenote_note":"","_monsterinsights_sitenote_category":0,"_uf_show_specific_survey":0,"_uf_disable_surveys":false,"jetpack_post_was_ever_published":false,"_jetpack_newsletter_access":"","_jetpack_dont_email_post_to_subs":false,"_jetpack_newsletter_tier_id":0,"_jetpack_memberships_contains_paywalled_content":false,"_jetpack_memberships_contains_paid_content":false,"footnotes":"","jetpack_publicize_message":"","jetpack_publicize_feature_enabled":true,"jetpack_social_post_already_shared":false,"jetpack_social_options":{"image_generator_settings":{"template":"highway","default_image_id":0,"font":"","enabled":false},"version":2}},"categories":[6],"tags":[],"class_list":["post-43050","post","type-post","status-publish","format-standard","has-post-thumbnail","hentry","category-deportes"],"aioseo_notices":[],"views":172,"jetpack_publicize_connections":[],"jetpack_featured_media_url":"https:\/\/i0.wp.com\/elterritorialweb.com.ar\/web\/wp-content\/uploads\/2022\/08\/WhatsApp-Image-2022-08-02-at-3.40.42-PM-e1659448217148.jpeg?fit=1067%2C876","jetpack_sharing_enabled":true,"_links":{"self":[{"href":"http:\/\/elterritorialweb.com.ar\/web\/wp-json\/wp\/v2\/posts\/43050","targetHints":{"allow":["GET"]}}],"collection":[{"href":"http:\/\/elterritorialweb.com.ar\/web\/wp-json\/wp\/v2\/posts"}],"about":[{"href":"http:\/\/elterritorialweb.com.ar\/web\/wp-json\/wp\/v2\/types\/post"}],"author":[{"embeddable":true,"href":"http:\/\/elterritorialweb.com.ar\/web\/wp-json\/wp\/v2\/users\/2"}],"replies":[{"embeddable":true,"href":"http:\/\/elterritorialweb.com.ar\/web\/wp-json\/wp\/v2\/comments?post=43050"}],"version-history":[{"count":1,"href":"http:\/\/elterritorialweb.com.ar\/web\/wp-json\/wp\/v2\/posts\/43050\/revisions"}],"predecessor-version":[{"id":43053,"href":"http:\/\/elterritorialweb.com.ar\/web\/wp-json\/wp\/v2\/posts\/43050\/revisions\/43053"}],"wp:featuredmedia":[{"embeddable":true,"href":"http:\/\/elterritorialweb.com.ar\/web\/wp-json\/wp\/v2\/media\/43052"}],"wp:attachment":[{"href":"http:\/\/elterritorialweb.com.ar\/web\/wp-json\/wp\/v2\/media?parent=43050"}],"wp:term":[{"taxonomy":"category","embeddable":true,"href":"http:\/\/elterritorialweb.com.ar\/web\/wp-json\/wp\/v2\/categories?post=43050"},{"taxonomy":"post_tag","embeddable":true,"href":"http:\/\/elterritorialweb.com.ar\/web\/wp-json\/wp\/v2\/tags?post=43050"}],"curies":[{"name":"wp","href":"https:\/\/api.w.org\/{rel}","templated":true}]}}