{"id":43060,"date":"2022-08-02T15:15:26","date_gmt":"2022-08-02T15:15:26","guid":{"rendered":"http:\/\/elterritorialweb.com.ar\/web\/?p=43060"},"modified":"2022-08-02T15:16:28","modified_gmt":"2022-08-02T15:16:28","slug":"la-escuela-de-patin-quimsa-tuvo-una-gran-actuacion-en-tucuman","status":"publish","type":"post","link":"http:\/\/elterritorialweb.com.ar\/web\/la-escuela-de-patin-quimsa-tuvo-una-gran-actuacion-en-tucuman\/","title":{"rendered":"LA ESCUELA DE PAT\u00cdN QUIMSA TUVO UNA GRAN ACTUACI\u00d3N EN TUCUM\u00c1N"},"content":{"rendered":"\n<p>El pasado fin de semana se llev\u00f3 a cabo en la Provincia de Tucum\u00e1n, m\u00e1s precisamente en el Club Sportivo Floresta una nueva competencia, en categor\u00eda tales como, Libre, Free Dance, Grupales, Tercetos y Cuartetos y la Escuela Pat\u00edn Quimsa dijo presente a tal evento.<\/p>\n\n\n\n<p>En dicha competencia participaron un aproximadamente de 240 patinadores, y el jurado evaluador fue de la provincia de Tucum\u00e1n.<\/p>\n\n\n\n<figure class=\"wp-block-image size-full\"><a href=\"https:\/\/i0.wp.com\/elterritorialweb.com.ar\/web\/wp-content\/uploads\/2022\/08\/WhatsApp-Image-2022-08-02-at-4.28.46-PM.jpeg\"><img data-recalc-dims=\"1\" decoding=\"async\" width=\"640\" height=\"360\" data-src=\"https:\/\/i0.wp.com\/elterritorialweb.com.ar\/web\/wp-content\/uploads\/2022\/08\/WhatsApp-Image-2022-08-02-at-4.28.46-PM.jpeg?resize=640%2C360\" alt=\"\" class=\"wp-image-43062 lazyload\" data-srcset=\"https:\/\/i0.wp.com\/elterritorialweb.com.ar\/web\/wp-content\/uploads\/2022\/08\/WhatsApp-Image-2022-08-02-at-4.28.46-PM.jpeg?w=1000 1000w, https:\/\/i0.wp.com\/elterritorialweb.com.ar\/web\/wp-content\/uploads\/2022\/08\/WhatsApp-Image-2022-08-02-at-4.28.46-PM.jpeg?resize=300%2C169 300w, https:\/\/i0.wp.com\/elterritorialweb.com.ar\/web\/wp-content\/uploads\/2022\/08\/WhatsApp-Image-2022-08-02-at-4.28.46-PM.jpeg?resize=768%2C432 768w\" data-sizes=\"(max-width: 640px) 100vw, 640px\" src=\"data:image\/svg+xml;base64,PHN2ZyB3aWR0aD0iMSIgaGVpZ2h0PSIxIiB4bWxucz0iaHR0cDovL3d3dy53My5vcmcvMjAwMC9zdmciPjwvc3ZnPg==\" style=\"--smush-placeholder-width: 640px; --smush-placeholder-aspect-ratio: 640\/360;\" \/><\/a><\/figure>\n\n\n\n<p>La Escuela de Pat\u00edn Quimsa a cargo de la Profesora Florencia Cella tuvo una destacad\u00edsima actuaci\u00f3n donde brill\u00f3 con luz propia en cada una de las performance antes mencionada.<\/p>\n\n\n\n<p>Los resultados obtenidos fueron los siguientes:<\/p>\n\n\n\n<p><strong>Pat\u00edn Quimsa Santiago<\/strong>:<\/p>\n\n\n\n<figure class=\"wp-block-table\"><table><tbody><tr><td><strong>Puestos<\/strong><\/td><td><strong>Categor\u00eda<\/strong><\/td><td><strong>Apellido<\/strong><\/td><td><strong>Nombre<\/strong><\/td><\/tr><tr><td>1ero<\/td><td>Incentivaci\u00f3n 13 a\u00f1os<\/td><td>Jim\u00e9nez,<\/td><td>Renata<\/td><\/tr><tr><td>1ero<\/td><td>Incentivaci\u00f3n 12 a\u00f1os<\/td><td>Jimenez,<\/td><td>Lucas<\/td><\/tr><tr><td>1ero<\/td><td>C 4ta 13 a\u00f1os&nbsp;<\/td><td>Chaparro,<\/td><td>Julieta<\/td><\/tr><tr><td>1ero<\/td><td>C 5ta 10 a\u00f1os<\/td><td>Cornejo Urquiza,<\/td><td>Martina<\/td><\/tr><tr><td>1ero<\/td><td>. Incentivaci\u00f3n 11 a\u00f1os<\/td><td>Saavedra,<\/td><td>Lucero<\/td><\/tr><tr><td>1ero<\/td><td>C 4ta Mayores<\/td><td>Ledesma,<\/td><td>Julieta<\/td><\/tr><tr><td>1ero<\/td><td>C 4ta 11 a\u00f1os<\/td><td>Barraza,<\/td><td>Brisa<\/td><\/tr><tr><td>1ero<\/td><td>. Formativa Mayores<\/td><td>Lucena,<\/td><td>Roc\u00edo<\/td><\/tr><tr><td>2do<\/td><td>C 3ra Mayores<\/td><td>Correa,<\/td><td>Priscila<\/td><\/tr><tr><td>2do<\/td><td>C 4ta 12 a\u00f1os<\/td><td>Rodr\u00edguez,<\/td><td>Ail\u00e9n<\/td><\/tr><tr><td>2do<\/td><td>Formativa 13 a\u00f1os<\/td><td>Enr\u00edquez,<\/td><td>Carla<\/td><\/tr><tr><td>2do<\/td><td>Formativa 10 a\u00f1os<\/td><td>Salvatierra,<\/td><td>Luc\u00eda<\/td><\/tr><tr><td>3er<\/td><td>C 5ta 11 a\u00f1os<\/td><td>Su\u00e1rez,<\/td><td>J\u00e1zmin<\/td><\/tr><tr><td>3er<\/td><td>Formativa 9 a\u00f1os<\/td><td>Amicucci,<\/td><td>Matilde<\/td><\/tr><tr><td>3er<\/td><td>C 3ra 12 a\u00f1os<\/td><td>Soria De Notta,<\/td><td>Sisa<\/td><\/tr><\/tbody><\/table><\/figure>\n\n\n\n<figure class=\"wp-block-image size-large\"><a href=\"https:\/\/i0.wp.com\/elterritorialweb.com.ar\/web\/wp-content\/uploads\/2022\/08\/WhatsApp-Image-2022-08-02-at-4.28.45-PM-1.jpeg\"><img data-recalc-dims=\"1\" decoding=\"async\" width=\"640\" height=\"480\" data-src=\"https:\/\/i0.wp.com\/elterritorialweb.com.ar\/web\/wp-content\/uploads\/2022\/08\/WhatsApp-Image-2022-08-02-at-4.28.45-PM-1.jpeg?resize=640%2C480\" alt=\"\" class=\"wp-image-43063 lazyload\" data-srcset=\"https:\/\/i0.wp.com\/elterritorialweb.com.ar\/web\/wp-content\/uploads\/2022\/08\/WhatsApp-Image-2022-08-02-at-4.28.45-PM-1.jpeg?resize=1024%2C768 1024w, https:\/\/i0.wp.com\/elterritorialweb.com.ar\/web\/wp-content\/uploads\/2022\/08\/WhatsApp-Image-2022-08-02-at-4.28.45-PM-1.jpeg?resize=300%2C225 300w, https:\/\/i0.wp.com\/elterritorialweb.com.ar\/web\/wp-content\/uploads\/2022\/08\/WhatsApp-Image-2022-08-02-at-4.28.45-PM-1.jpeg?resize=768%2C576 768w, https:\/\/i0.wp.com\/elterritorialweb.com.ar\/web\/wp-content\/uploads\/2022\/08\/WhatsApp-Image-2022-08-02-at-4.28.45-PM-1.jpeg?w=1280 1280w\" data-sizes=\"(max-width: 640px) 100vw, 640px\" src=\"data:image\/svg+xml;base64,PHN2ZyB3aWR0aD0iMSIgaGVpZ2h0PSIxIiB4bWxucz0iaHR0cDovL3d3dy53My5vcmcvMjAwMC9zdmciPjwvc3ZnPg==\" style=\"--smush-placeholder-width: 640px; --smush-placeholder-aspect-ratio: 640\/480;\" \/><\/a><\/figure>\n\n\n\n<p><strong>Pat\u00edn Quimsa Beltr\u00e1n<\/strong><\/p>\n\n\n\n<figure class=\"wp-block-table\"><table><tbody><tr><td><strong>Puestos<\/strong><\/td><td><strong>Categor\u00eda<\/strong><\/td><td><strong>Apellido<\/strong><\/td><td><strong>Nombre<\/strong><\/td><\/tr><tr><td>1er<\/td><td>C 5ta 11 a\u00f1os<\/td><td>Vaca Ebolet,<\/td><td>Evangelina<\/td><\/tr><tr><td>2do<\/td><td>Exhibici\u00f3n 9 a\u00f1os<\/td><td>Abdala Cruz,<\/td><td>Matilda<\/td><\/tr><tr><td>2do<\/td><td>Exhibici\u00f3n 8 a\u00f1os<\/td><td>Oller,<\/td><td>Guillermina<\/td><\/tr><tr><td>3er<\/td><td>C 5ta 13 a\u00f1os<\/td><td>Campos Trejo,<\/td><td>Celia Marianela<\/td><\/tr><tr><td>4to<\/td><td>Exhibici\u00f3n 7 a\u00f1os<\/td><td>Zanini,<\/td><td>B\u00e1rbara<\/td><\/tr><tr><td>4to<\/td><td>Exhibici\u00f3n 8 a\u00f1os<\/td><td>Morales D\u00edaz,<\/td><td>\u00c1ngeles<\/td><\/tr><tr><td>5to<\/td><td>Exhibici\u00f3n 5 a\u00f1os<\/td><td>Tejada,<\/td><td>Paz<\/td><\/tr><tr><td>5to<\/td><td>Exhibici\u00f3n 9 a\u00f1os<\/td><td>Paladea Lodwick,<\/td><td>Indira<\/td><\/tr><tr><td>5to<\/td><td>Exhibici\u00f3n 9 a\u00f1os<\/td><td>Iba\u00f1ez,<\/td><td>Maia<\/td><\/tr><tr><td>6to<\/td><td>Exhibici\u00f3n 10 a\u00f1os<\/td><td>Nu\u00f1ez,<\/td><td>Mayt\u00e9n<\/td><\/tr><tr><td>6to<\/td><td>Exhibici\u00f3n 9 a\u00f1os<\/td><td>Tejada,<\/td><td>Sol<\/td><\/tr><\/tbody><\/table><\/figure>\n\n\n\n<figure class=\"wp-block-image size-full\"><a href=\"https:\/\/i0.wp.com\/elterritorialweb.com.ar\/web\/wp-content\/uploads\/2022\/08\/WhatsApp-Image-2022-08-02-at-4.28.46-PM-1.jpeg\"><img data-recalc-dims=\"1\" decoding=\"async\" width=\"640\" height=\"480\" data-src=\"https:\/\/i0.wp.com\/elterritorialweb.com.ar\/web\/wp-content\/uploads\/2022\/08\/WhatsApp-Image-2022-08-02-at-4.28.46-PM-1.jpeg?resize=640%2C480\" alt=\"\" class=\"wp-image-43061 lazyload\" data-srcset=\"https:\/\/i0.wp.com\/elterritorialweb.com.ar\/web\/wp-content\/uploads\/2022\/08\/WhatsApp-Image-2022-08-02-at-4.28.46-PM-1.jpeg?w=1000 1000w, https:\/\/i0.wp.com\/elterritorialweb.com.ar\/web\/wp-content\/uploads\/2022\/08\/WhatsApp-Image-2022-08-02-at-4.28.46-PM-1.jpeg?resize=300%2C225 300w, https:\/\/i0.wp.com\/elterritorialweb.com.ar\/web\/wp-content\/uploads\/2022\/08\/WhatsApp-Image-2022-08-02-at-4.28.46-PM-1.jpeg?resize=768%2C576 768w\" data-sizes=\"(max-width: 640px) 100vw, 640px\" src=\"data:image\/svg+xml;base64,PHN2ZyB3aWR0aD0iMSIgaGVpZ2h0PSIxIiB4bWxucz0iaHR0cDovL3d3dy53My5vcmcvMjAwMC9zdmciPjwvc3ZnPg==\" style=\"--smush-placeholder-width: 640px; --smush-placeholder-aspect-ratio: 640\/480;\" \/><\/a><\/figure>\n\n\n\n<p><strong>Pat\u00edn Quimsa Forres<\/strong><\/p>\n\n\n\n<figure class=\"wp-block-table\"><table><tbody><tr><td><strong>Puestos<\/strong><\/td><td><strong>Categor\u00eda<\/strong><\/td><td><strong>Apellido<\/strong><\/td><td><strong>Nombre<\/strong><\/td><\/tr><tr><td>1er<\/td><td>C 5ta 13 a\u00f1os<\/td><td>Lagos,<\/td><td>Tania<\/td><\/tr><\/tbody><\/table><\/figure>\n\n\n\n<p><strong>Pat\u00edn San Cayetano Mar del Plata (Buenos Aires)<\/strong><\/p>\n\n\n\n<figure class=\"wp-block-table\"><table><tbody><tr><td><strong>Puestos<\/strong><\/td><td><strong>Categor\u00eda<\/strong><\/td><td><strong>Apellido<\/strong><\/td><td><strong>Nombre<\/strong><\/td><\/tr><tr><td>4to<\/td><td>C 5ta 11 a\u00f1os<\/td><td>Mart\u00ednez,<\/td><td>Anna Isabella<\/td><\/tr><\/tbody><\/table><\/figure>\n\n\n\n<p><strong>POR CONSULTAS E INSCRIPCIONES: Fan Page: Patin Quimsa, Instagram: @quimsa patin, Wsp: (0385) 154-385-676<\/strong><\/p>\n\n\n\n<p><\/p>\n\n\n\n<p><\/p>\n\n\n\n<p><\/p>\n","protected":false},"excerpt":{"rendered":"<p>Dicha competencia se realiz\u00f3 en el Club Sportivo Floresta de la vecina provincia y cont\u00f3 con una gran participaci\u00f3n de patinadores.<\/p>\n","protected":false},"author":2,"featured_media":43064,"comment_status":"open","ping_status":"open","sticky":false,"template":"","format":"standard","meta":{"om_disable_all_campaigns":false,"_monsterinsights_skip_tracking":false,"_monsterinsights_sitenote_active":false,"_monsterinsights_sitenote_note":"","_monsterinsights_sitenote_category":0,"_uf_show_specific_survey":0,"_uf_disable_surveys":false,"jetpack_post_was_ever_published":false,"_jetpack_newsletter_access":"","_jetpack_dont_email_post_to_subs":false,"_jetpack_newsletter_tier_id":0,"_jetpack_memberships_contains_paywalled_content":false,"_jetpack_memberships_contains_paid_content":false,"footnotes":"","jetpack_publicize_message":"","jetpack_publicize_feature_enabled":true,"jetpack_social_post_already_shared":false,"jetpack_social_options":{"image_generator_settings":{"template":"highway","default_image_id":0,"font":"","enabled":false},"version":2}},"categories":[6],"tags":[],"class_list":["post-43060","post","type-post","status-publish","format-standard","has-post-thumbnail","hentry","category-deportes"],"aioseo_notices":[],"views":55,"jetpack_publicize_connections":[],"jetpack_featured_media_url":"https:\/\/i0.wp.com\/elterritorialweb.com.ar\/web\/wp-content\/uploads\/2022\/08\/WhatsApp-Image-2022-08-02-at-4.28.45-PM-e1659453148865.jpeg?fit=960%2C780","jetpack_sharing_enabled":true,"_links":{"self":[{"href":"http:\/\/elterritorialweb.com.ar\/web\/wp-json\/wp\/v2\/posts\/43060","targetHints":{"allow":["GET"]}}],"collection":[{"href":"http:\/\/elterritorialweb.com.ar\/web\/wp-json\/wp\/v2\/posts"}],"about":[{"href":"http:\/\/elterritorialweb.com.ar\/web\/wp-json\/wp\/v2\/types\/post"}],"author":[{"embeddable":true,"href":"http:\/\/elterritorialweb.com.ar\/web\/wp-json\/wp\/v2\/users\/2"}],"replies":[{"embeddable":true,"href":"http:\/\/elterritorialweb.com.ar\/web\/wp-json\/wp\/v2\/comments?post=43060"}],"version-history":[{"count":2,"href":"http:\/\/elterritorialweb.com.ar\/web\/wp-json\/wp\/v2\/posts\/43060\/revisions"}],"predecessor-version":[{"id":43067,"href":"http:\/\/elterritorialweb.com.ar\/web\/wp-json\/wp\/v2\/posts\/43060\/revisions\/43067"}],"wp:featuredmedia":[{"embeddable":true,"href":"http:\/\/elterritorialweb.com.ar\/web\/wp-json\/wp\/v2\/media\/43064"}],"wp:attachment":[{"href":"http:\/\/elterritorialweb.com.ar\/web\/wp-json\/wp\/v2\/media?parent=43060"}],"wp:term":[{"taxonomy":"category","embeddable":true,"href":"http:\/\/elterritorialweb.com.ar\/web\/wp-json\/wp\/v2\/categories?post=43060"},{"taxonomy":"post_tag","embeddable":true,"href":"http:\/\/elterritorialweb.com.ar\/web\/wp-json\/wp\/v2\/tags?post=43060"}],"curies":[{"name":"wp","href":"https:\/\/api.w.org\/{rel}","templated":true}]}}