{"id":43140,"date":"2022-08-03T21:45:01","date_gmt":"2022-08-03T21:45:01","guid":{"rendered":"http:\/\/elterritorialweb.com.ar\/web\/?p=43140"},"modified":"2022-08-03T22:12:08","modified_gmt":"2022-08-03T22:12:08","slug":"sergio-massa-juro-como-ministro-de-economia","status":"publish","type":"post","link":"http:\/\/elterritorialweb.com.ar\/web\/sergio-massa-juro-como-ministro-de-economia\/","title":{"rendered":"SERGIO MASSA JUR\u00d3 COMO MINISTRO DE ECONOM\u00cdA"},"content":{"rendered":"\n<p>El presidente Alberto Fern\u00e1ndez le tom\u00f3 juramento a Sergio Massa como ministro de Econom\u00eda, Desarrollo Productivo y Agricultura,\u00a0<strong>durante un acto en el que asegur\u00f3 que su Gobierno inicia \u00abuna nueva etapa\u00bb\u00a0<\/strong>y convoc\u00f3 a los argentinos a \u00abunir esfuerzos\u00bb y no \u00abpasar por alto\u00bb una \u00abgran oportunidad\u00bb que se abre para el pa\u00eds.<\/p>\n\n\n\n<p>Adem\u00e1s,&nbsp;<strong>el Presidente elogi\u00f3 la \u00abcapacidad y coraje\u00bb de Massa<\/strong>, quien asumi\u00f3 esta tarde al frente de un renovado ministerio de Econom\u00eda -que desde hoy unific\u00f3 en una sola cartera las \u00e1reas econ\u00f3mico-productivas- y en reemplazo de Silvina Batakis.<\/p>\n\n\n\n<p>\u00abUnamos esfuerzos para salir adelante; no le hablo solo a mis compa\u00f1eros del Frente de Todos (FdT), cuya unidad para m\u00ed es primordial y por eso voy a seguir trabajando, sino tambi\u00e9n a todos los argentinos y argentinas\u00bb, expres\u00f3 el Presidente, en un mensaje en el que mencion\u00f3 tambi\u00e9n a los empresarios y los dirigentes sindicales.<\/p>\n\n\n\n<p>La ceremonia de jura, realizada en el Museo del Bicentenario de la Casa Rosada, mostr\u00f3 un contundente respaldo de los distintos sectores de la coalici\u00f3n gobernante y de figuras de peso del \u00e1mbito empresarial y gremial.<\/p>\n\n\n\n<p>El jefe de Estado record\u00f3 que la Argentina y el mundo en general est\u00e1n viviendo un \u00abtiempo muy singular\u00bb por las consecuencias de la pandemia de coronavirus y la guerra en Ucrania y, en ese marco, exhort\u00f3:\u00a0<strong>\u00abA todos les pido&#8230;Tenemos una gran oportunidad como pa\u00eds no la dejemos pasar por alto\u00bb<\/strong>.<\/p>\n\n\n\n<p>\u00abEstamos empezando una nueva etapa del Gobierno que vamos a transitar exitosamente con todos y todas incluidos; a eso los convoco, para eso lo convoqu\u00e9 a Sergio, cuya capacidad y coraje me constan, y estoy seguro que lo va a hacer muy bien y, desde ya, gracias\u00bb, dijo el Presidente y luego estrech\u00f3 su mano con la de Massa, instantes antes de leer la f\u00f3rmula de jura.<\/p>\n\n\n\n<p>En el acto, adem\u00e1s,\u00a0<strong>Fern\u00e1ndez expres\u00f3 su \u00abm\u00e1s profunda gratitud\u00bb a Batakis, Daniel Scioli y Juli\u00e1n Dom\u00ednguez<\/strong>, quienes dejaron sus cargos en las anteriores carteras de Econom\u00eda, Desarrollo Productivo y Agricultura, que a partir de hoy est\u00e1n concentradas en el renovado ministerio que conducir\u00e1 Massa.<\/p>\n\n\n\n<p>\u00abA los tres les agradezco el compromiso pol\u00edtico y el desprendimiento personal que han demostrado\u00bb, dijo el mandatario.<\/p>\n\n\n\n<p>En las primeras filas del colmado auditorio del Museo, adem\u00e1s de la familia del flamante ministro, estuvo tambi\u00e9n Cecilia Moreau, desde ayer presidenta de la C\u00e1mara de Diputados de la Naci\u00f3n -en reemplazo de Massa-, y quien recibi\u00f3 un c\u00e1lido aplauso cuando su nombre fue mencionado por la locutora en el inicio del acto.<\/p>\n\n\n\n<h3 class=\"wp-block-heading\">La llegada de Massa al Ministerio<\/h3>\n\n\n\n<p>El ex titular de la C\u00e1mara de Diputados, quien tambi\u00e9n concentrar\u00e1 bajo su \u00f3rbita las \u00e1reas de Desarrollo Productivo y Agricultura,<strong>&nbsp;jurar\u00e1 a las 17&nbsp;<\/strong>y se espera que luego de la ceremonia realice&nbsp;<strong>anuncios sobre las primeras medidas&nbsp;<\/strong>de su gesti\u00f3n.<\/p>\n\n\n\n<p>Massa ya confirm\u00f3 a buena parte de sus colaboradores\u00a0y se estima que realice una conferencia de prensa minutos despu\u00e9s de jurar como ministro, seg\u00fan anunci\u00f3 el s\u00e1bado pasado en sus redes sociales.<\/p>\n\n\n\n<p>En ese sentido,\u00a0Jos\u00e9 Ignacio de Mendiguren estar\u00e1 a cargo del \u00e1rea de Producci\u00f3n, acompa\u00f1ado por un equipo integrado por Gabriela Lizana, Priscila Makari, Carla Pitiot y Tom\u00e1s Canosa.<\/p>\n\n\n\n<p>Juan Jos\u00e9 Bahillo ser\u00e1 el secretario de Agricultura, Ganader\u00eda y Pesca, Mat\u00edas Tombolini el de Comercio y Daniel Marx integrar\u00e1 el comit\u00e9 para el desarrollo del mercado de capitales y seguimiento de la deuda p\u00fablica.<\/p>\n\n\n\n<p>Massa confirm\u00f3 tambi\u00e9n la continuidad de&nbsp;<strong>Marco Lavagna<\/strong>&nbsp;al frente del Instituto Nacional de Estad\u00edstica y Censos (Indec), mientras que&nbsp;<strong>Jorge Solmi&nbsp;<\/strong>seguir\u00e1 en el nuevo esquema de la Secretar\u00eda de Agricultura a cargo de la Unidad de Coordinaci\u00f3n Federativa y Gabriel Delgado fue designado en la Unidad de Apertura de Nuevos Mercados de Prote\u00ednas.<\/p>\n\n\n\n<p>El designado ministro de Econom\u00eda inform\u00f3 adem\u00e1s que la Secretar\u00eda de Planeamiento del Desarrollo y Competitividad Federal\u00a0estar\u00e1 encabezada por el hasta este martes vicejefe de Gabinete Jorge Neme, acompa\u00f1ado por Carola Ram\u00f3n Berjano y Pablo S\u00edvori.<\/p>\n\n\n\n<p>La n\u00f3mina se completa con Sandra Mayol en la subsecretar\u00eda de Asuntos Institucionales; y Sabrina Vettel y Katia Blanc en \u00e1reas estrat\u00e9gicas de la Secretar\u00eda.<\/p>\n","protected":false},"excerpt":{"rendered":"<p>El designado titular de la nueva cartera econ\u00f3mica ya confirm\u00f3 a buena parte de sus colaboradores y se estima que realice una conferencia de prensa minutos despu\u00e9s de jurar como ministro, en un acto que se celebrar\u00e1 en el Museo del Bicentenario de la Casa Rosada.<\/p>\n","protected":false},"author":2,"featured_media":43141,"comment_status":"open","ping_status":"open","sticky":false,"template":"","format":"standard","meta":{"om_disable_all_campaigns":false,"_monsterinsights_skip_tracking":false,"_monsterinsights_sitenote_active":false,"_monsterinsights_sitenote_note":"","_monsterinsights_sitenote_category":0,"_uf_show_specific_survey":0,"_uf_disable_surveys":false,"jetpack_post_was_ever_published":false,"_jetpack_newsletter_access":"","_jetpack_dont_email_post_to_subs":false,"_jetpack_newsletter_tier_id":0,"_jetpack_memberships_contains_paywalled_content":false,"_jetpack_memberships_contains_paid_content":false,"footnotes":"","jetpack_publicize_message":"","jetpack_publicize_feature_enabled":true,"jetpack_social_post_already_shared":false,"jetpack_social_options":{"image_generator_settings":{"template":"highway","default_image_id":0,"font":"","enabled":false},"version":2}},"categories":[4,18],"tags":[],"class_list":["post-43140","post","type-post","status-publish","format-standard","has-post-thumbnail","hentry","category-destacadas","category-politica"],"aioseo_notices":[],"views":9,"jetpack_publicize_connections":[],"jetpack_featured_media_url":"https:\/\/i0.wp.com\/elterritorialweb.com.ar\/web\/wp-content\/uploads\/2022\/08\/MASSA-JURAMENTOI.jpeg?fit=960%2C640","jetpack_sharing_enabled":true,"_links":{"self":[{"href":"http:\/\/elterritorialweb.com.ar\/web\/wp-json\/wp\/v2\/posts\/43140","targetHints":{"allow":["GET"]}}],"collection":[{"href":"http:\/\/elterritorialweb.com.ar\/web\/wp-json\/wp\/v2\/posts"}],"about":[{"href":"http:\/\/elterritorialweb.com.ar\/web\/wp-json\/wp\/v2\/types\/post"}],"author":[{"embeddable":true,"href":"http:\/\/elterritorialweb.com.ar\/web\/wp-json\/wp\/v2\/users\/2"}],"replies":[{"embeddable":true,"href":"http:\/\/elterritorialweb.com.ar\/web\/wp-json\/wp\/v2\/comments?post=43140"}],"version-history":[{"count":2,"href":"http:\/\/elterritorialweb.com.ar\/web\/wp-json\/wp\/v2\/posts\/43140\/revisions"}],"predecessor-version":[{"id":43143,"href":"http:\/\/elterritorialweb.com.ar\/web\/wp-json\/wp\/v2\/posts\/43140\/revisions\/43143"}],"wp:featuredmedia":[{"embeddable":true,"href":"http:\/\/elterritorialweb.com.ar\/web\/wp-json\/wp\/v2\/media\/43141"}],"wp:attachment":[{"href":"http:\/\/elterritorialweb.com.ar\/web\/wp-json\/wp\/v2\/media?parent=43140"}],"wp:term":[{"taxonomy":"category","embeddable":true,"href":"http:\/\/elterritorialweb.com.ar\/web\/wp-json\/wp\/v2\/categories?post=43140"},{"taxonomy":"post_tag","embeddable":true,"href":"http:\/\/elterritorialweb.com.ar\/web\/wp-json\/wp\/v2\/tags?post=43140"}],"curies":[{"name":"wp","href":"https:\/\/api.w.org\/{rel}","templated":true}]}}