{"id":43144,"date":"2022-08-03T22:05:37","date_gmt":"2022-08-03T22:05:37","guid":{"rendered":"http:\/\/elterritorialweb.com.ar\/web\/?p=43144"},"modified":"2022-08-03T22:12:28","modified_gmt":"2022-08-03T22:12:28","slug":"fernandez-convoque-a-sergio-massa-por-su-capacidad-y-coraje","status":"publish","type":"post","link":"http:\/\/elterritorialweb.com.ar\/web\/fernandez-convoque-a-sergio-massa-por-su-capacidad-y-coraje\/","title":{"rendered":"FERN\u00c1NDEZ: \u00abCONVOQUE A SERGIO MASSA, POR SU CAPACIDAD Y CORAJE\u00bb"},"content":{"rendered":"\n<p>En la tarde de este mi\u00e9rcoles, el presidente<strong>&nbsp;Alberto Fern\u00e1ndez<\/strong>&nbsp;le tom\u00f3 juramento<strong>&nbsp;Sergio Massa<\/strong>, quien asumi\u00f3 como nuevo&nbsp;<strong>ministro de econom\u00eda de la Naci\u00f3n.<\/strong><\/p>\n\n\n\n<p>En este sentido, previo a la jura, el primer mandatario brind\u00f3 unas palabras en las que se refiri\u00f3 a la situaci\u00f3n \u201ccomplicada\u201d que atraviesa el pa\u00eds, llamando a los ciudadanos a \u201cunir fuerzas\u201d para salir adelante.<\/p>\n\n\n\n<p>\u201cLe hablo a todos los argentinos y argentinas, a empresarios, del sindicalismo, de la pol\u00edtica, a todos les pido que le demos una gran oportunidad al pa\u00eds, no la dejemos pasar por alto\u201d.<\/p>\n\n\n\n<p><strong>\u201cEstamos empezando una etapa del gobierno que estoy convencido vamos a atravesar exitosamente, para eso los convoco y por eso lo convoqu\u00e9 a Massa, cuya capacidad y coraje me consta y s\u00e9 que lo va a hacer muy bien\u201d,<\/strong>\u00a0sostuvo entre los aplausos.<\/p>\n\n\n\n<p>Finalmente, expres\u00f3 su gratitud hacia\u00a0<strong>Silvina Batakis<\/strong>, quien tuvo un breve paso por el ministerio de econom\u00eda; como as\u00ed tambi\u00e9n a Daniel Scioli. \u201cLes agradezco sinceramente el compromiso pol\u00edtico, y el desprendimiento personal que han demostrado\u201d.<\/p>\n","protected":false},"excerpt":{"rendered":"<p>El presidente le tom\u00f3 juramento al nuevo ministro de econom\u00eda de la Naci\u00f3n. Su menci\u00f3n a Scioli y a Batakis.<\/p>\n","protected":false},"author":2,"featured_media":43145,"comment_status":"open","ping_status":"open","sticky":false,"template":"","format":"standard","meta":{"om_disable_all_campaigns":false,"_monsterinsights_skip_tracking":false,"_monsterinsights_sitenote_active":false,"_monsterinsights_sitenote_note":"","_monsterinsights_sitenote_category":0,"_uf_show_specific_survey":0,"_uf_disable_surveys":false,"jetpack_post_was_ever_published":false,"_jetpack_newsletter_access":"","_jetpack_dont_email_post_to_subs":false,"_jetpack_newsletter_tier_id":0,"_jetpack_memberships_contains_paywalled_content":false,"_jetpack_memberships_contains_paid_content":false,"footnotes":"","jetpack_publicize_message":"","jetpack_publicize_feature_enabled":true,"jetpack_social_post_already_shared":false,"jetpack_social_options":{"image_generator_settings":{"template":"highway","default_image_id":0,"font":"","enabled":false},"version":2}},"categories":[4,18],"tags":[],"class_list":["post-43144","post","type-post","status-publish","format-standard","has-post-thumbnail","hentry","category-destacadas","category-politica"],"aioseo_notices":[],"views":5,"jetpack_publicize_connections":[],"jetpack_featured_media_url":"https:\/\/i0.wp.com\/elterritorialweb.com.ar\/web\/wp-content\/uploads\/2022\/08\/alberto-fernandez-en-la-jura-de-sergio-massa-20220803-1396604.jpg?fit=950%2C534","jetpack_sharing_enabled":true,"_links":{"self":[{"href":"http:\/\/elterritorialweb.com.ar\/web\/wp-json\/wp\/v2\/posts\/43144","targetHints":{"allow":["GET"]}}],"collection":[{"href":"http:\/\/elterritorialweb.com.ar\/web\/wp-json\/wp\/v2\/posts"}],"about":[{"href":"http:\/\/elterritorialweb.com.ar\/web\/wp-json\/wp\/v2\/types\/post"}],"author":[{"embeddable":true,"href":"http:\/\/elterritorialweb.com.ar\/web\/wp-json\/wp\/v2\/users\/2"}],"replies":[{"embeddable":true,"href":"http:\/\/elterritorialweb.com.ar\/web\/wp-json\/wp\/v2\/comments?post=43144"}],"version-history":[{"count":1,"href":"http:\/\/elterritorialweb.com.ar\/web\/wp-json\/wp\/v2\/posts\/43144\/revisions"}],"predecessor-version":[{"id":43146,"href":"http:\/\/elterritorialweb.com.ar\/web\/wp-json\/wp\/v2\/posts\/43144\/revisions\/43146"}],"wp:featuredmedia":[{"embeddable":true,"href":"http:\/\/elterritorialweb.com.ar\/web\/wp-json\/wp\/v2\/media\/43145"}],"wp:attachment":[{"href":"http:\/\/elterritorialweb.com.ar\/web\/wp-json\/wp\/v2\/media?parent=43144"}],"wp:term":[{"taxonomy":"category","embeddable":true,"href":"http:\/\/elterritorialweb.com.ar\/web\/wp-json\/wp\/v2\/categories?post=43144"},{"taxonomy":"post_tag","embeddable":true,"href":"http:\/\/elterritorialweb.com.ar\/web\/wp-json\/wp\/v2\/tags?post=43144"}],"curies":[{"name":"wp","href":"https:\/\/api.w.org\/{rel}","templated":true}]}}