{"id":43159,"date":"2022-08-03T23:41:26","date_gmt":"2022-08-03T23:41:26","guid":{"rendered":"http:\/\/elterritorialweb.com.ar\/web\/?p=43159"},"modified":"2022-08-03T23:47:58","modified_gmt":"2022-08-03T23:47:58","slug":"la-unse-a-punto-de-graduar-a-sus-primeros-profesionales-en-medicina","status":"publish","type":"post","link":"http:\/\/elterritorialweb.com.ar\/web\/la-unse-a-punto-de-graduar-a-sus-primeros-profesionales-en-medicina\/","title":{"rendered":"LA UNSE A PUNTO DE GRADUAR A SUS PRIMEROS PROFESIONALES EN MEDICINA"},"content":{"rendered":"\n<p>Hoy mi\u00e9rcoles, inici\u00f3 en la Facultad de Ciencias M\u00e9dicas, el examen final para la graduaci\u00f3n de los que ser\u00e1n los primeros m\u00e9dicos y m\u00e9dicas totalmente formadas en nuestra Universidad.<br>El examen final consta de dos instancias, una escrita y, posteriormente, la Evaluaci\u00f3n Cl\u00ednica Objetiva y Estructurada (ECOE), a los estudiantes de la Primera Cohorte que cursaron y aprobaron toda la trayectoria acad\u00e9mica durante los 6 a\u00f1os de cursado.<\/p>\n\n\n\n<p>Para la UNSE y toda la Provincia de Santiago del Estero constituye un hito en su historia, ya que en las pr\u00f3ximas horas podr\u00edan egresar de la universidad p\u00fablica santiague\u00f1a los primeros m\u00e9dicos y m\u00e9dicas.<\/p>\n\n\n\n<p>El examen final comenz\u00f3 hoy con la instancia escrita y continuar\u00e1 el viernes 5 de agosto con el ECOE. Esta evaluaci\u00f3n se realiza a trav\u00e9s de diversos escenarios simulados, en los cuales se eval\u00faa el desempe\u00f1o de los estudiantes para la culminaci\u00f3n de su carrera.<\/p>\n\n\n\n<p>Se trata de situaciones planteadas a trav\u00e9s de 10 estaciones que deber\u00e1 enfrentar cada estudiante a los fines de resolver distintos casos cl\u00ednicos.<br>Los ex\u00e1menes se llevan a cabo en la sede de la Facultad de Ciencias M\u00e9dicas y en el Centro de Simulaciones, espacios que cobijan a cientos de estudiantes de Medicina desde la creaci\u00f3n de la carrera.<\/p>\n\n\n\n<p>Es importante recordar que los estudiantes que llegaron a esta etapa final de la carrera, realizaron durante un a\u00f1o pr\u00e1cticas profesionalizantes de las asignaturas Medicina, Pediatr\u00eda, Cirug\u00eda, Tocoginecolog\u00eda y una pasant\u00eda rural; lo que los llev\u00f3 a insertarse en el sistema sanitario de la provincia a lo largo del territorio provincial.<br>La Facultad de Ciencias M\u00e9dicas fue creada en diciembre del 2014 por el Consejo Superior de la UNSE, y posteriormente la carrera de Medicina. Fue el resultado de meses de gestiones, acompa\u00f1amientos y compromisos compartidos entre la UNSE, legisladores; Gobierno de Santiago del Estero y de la Naci\u00f3n para hacer realidad el sue\u00f1o de toda una provincia.<\/p>\n\n\n\n<p>Hoy, estudiantes llegan a la instancia final de sus carreras, con sus sue\u00f1os intactos y un gran compromiso con el pueblo santiague\u00f1o. Resulta tambi\u00e9n importante desatacar el esfuerzo de docentes, nodocentes, equipos pedag\u00f3gicos y de gesti\u00f3n de la facultad, especialmente durante la pandemia, quienes llevaron adelante las acciones necesarias para garantizar que los estudiantes puedan continuar y concluir sus estudios.<\/p>\n","protected":false},"excerpt":{"rendered":"<p>El examen final comenz\u00f3 hoy con la instancia escrita y continuar\u00e1 el viernes 5 de agosto con el ECOE. Esta evaluaci\u00f3n se realiza a trav\u00e9s de diversos escenarios simulados, en los cuales se eval\u00faa el desempe\u00f1o de los estudiantes para la culminaci\u00f3n de su carrera.<\/p>\n","protected":false},"author":2,"featured_media":43167,"comment_status":"open","ping_status":"open","sticky":false,"template":"","format":"standard","meta":{"om_disable_all_campaigns":false,"_monsterinsights_skip_tracking":false,"_monsterinsights_sitenote_active":false,"_monsterinsights_sitenote_note":"","_monsterinsights_sitenote_category":0,"_uf_show_specific_survey":0,"_uf_disable_surveys":false,"jetpack_post_was_ever_published":false,"_jetpack_newsletter_access":"","_jetpack_dont_email_post_to_subs":false,"_jetpack_newsletter_tier_id":0,"_jetpack_memberships_contains_paywalled_content":false,"_jetpack_memberships_contains_paid_content":false,"footnotes":"","jetpack_publicize_message":"","jetpack_publicize_feature_enabled":true,"jetpack_social_post_already_shared":false,"jetpack_social_options":{"image_generator_settings":{"template":"highway","default_image_id":0,"font":"","enabled":false},"version":2}},"categories":[19],"tags":[],"class_list":["post-43159","post","type-post","status-publish","format-standard","has-post-thumbnail","hentry","category-educacion"],"aioseo_notices":[],"views":15,"jetpack_publicize_connections":[],"jetpack_featured_media_url":"https:\/\/i0.wp.com\/elterritorialweb.com.ar\/web\/wp-content\/uploads\/2022\/08\/WhatsApp-Image-2022-08-03-at-10.36.31-PM-e1659570473435.jpeg?fit=552%2C322","jetpack_sharing_enabled":true,"_links":{"self":[{"href":"http:\/\/elterritorialweb.com.ar\/web\/wp-json\/wp\/v2\/posts\/43159","targetHints":{"allow":["GET"]}}],"collection":[{"href":"http:\/\/elterritorialweb.com.ar\/web\/wp-json\/wp\/v2\/posts"}],"about":[{"href":"http:\/\/elterritorialweb.com.ar\/web\/wp-json\/wp\/v2\/types\/post"}],"author":[{"embeddable":true,"href":"http:\/\/elterritorialweb.com.ar\/web\/wp-json\/wp\/v2\/users\/2"}],"replies":[{"embeddable":true,"href":"http:\/\/elterritorialweb.com.ar\/web\/wp-json\/wp\/v2\/comments?post=43159"}],"version-history":[{"count":1,"href":"http:\/\/elterritorialweb.com.ar\/web\/wp-json\/wp\/v2\/posts\/43159\/revisions"}],"predecessor-version":[{"id":43161,"href":"http:\/\/elterritorialweb.com.ar\/web\/wp-json\/wp\/v2\/posts\/43159\/revisions\/43161"}],"wp:featuredmedia":[{"embeddable":true,"href":"http:\/\/elterritorialweb.com.ar\/web\/wp-json\/wp\/v2\/media\/43167"}],"wp:attachment":[{"href":"http:\/\/elterritorialweb.com.ar\/web\/wp-json\/wp\/v2\/media?parent=43159"}],"wp:term":[{"taxonomy":"category","embeddable":true,"href":"http:\/\/elterritorialweb.com.ar\/web\/wp-json\/wp\/v2\/categories?post=43159"},{"taxonomy":"post_tag","embeddable":true,"href":"http:\/\/elterritorialweb.com.ar\/web\/wp-json\/wp\/v2\/tags?post=43159"}],"curies":[{"name":"wp","href":"https:\/\/api.w.org\/{rel}","templated":true}]}}