{"id":43176,"date":"2022-08-04T03:52:04","date_gmt":"2022-08-04T03:52:04","guid":{"rendered":"http:\/\/elterritorialweb.com.ar\/web\/?p=43176"},"modified":"2022-08-04T03:52:04","modified_gmt":"2022-08-04T03:52:04","slug":"lamentable-muerte-de-una-nina-arrollada-por-un-camion","status":"publish","type":"post","link":"http:\/\/elterritorialweb.com.ar\/web\/lamentable-muerte-de-una-nina-arrollada-por-un-camion\/","title":{"rendered":"LAMENTABLE MUERTE DE UNA NI\u00d1A ARROLLADA POR UN CAMI\u00d3N"},"content":{"rendered":"\n<p>Una ni\u00f1a de 9 a\u00f1os muri\u00f3 arrollada por un cami\u00f3n en pleno centro capitalino. Fuentes policiales informaron que ocurri\u00f3 pasadas las 16.30 en la intersecci\u00f3n de\u00a0<strong>Roca y Pellegrini,<\/strong>\u00a0por donde la v\u00edctima circulaba como acompa\u00f1ante en una motocicleta en la caravana del Frente C\u00edvico.<\/p>\n\n\n\n<p>En las im\u00e1genes que no tardaron en viralizarse se observa c\u00f3mo el cami\u00f3n la arrolla, luego de que la conductora de la\u00a0<strong>moto intentara sobrepasar una camioneta,<\/strong>\u00a0pero perdi\u00f3 el control del rodado y terminaron en el asfalto.<\/p>\n\n\n\n<p>R\u00e1pidamente, los&nbsp;<strong>testigos le realizaron tareas de reanimaci\u00f3n,<\/strong>&nbsp;sin \u00e9xito, ya que la joven<strong>&nbsp;lleg\u00f3 sin vida al hospital<\/strong>&nbsp;Regional. El caso qued\u00f3 a cargo del fiscal Rub\u00e9n Alfonzo.<\/p>\n","protected":false},"excerpt":{"rendered":"<p>Ocurri\u00f3 en la intersecci\u00f3n de Roca y Pellegrini de esta ciudad Capital.<\/p>\n","protected":false},"author":2,"featured_media":43177,"comment_status":"open","ping_status":"open","sticky":false,"template":"","format":"standard","meta":{"om_disable_all_campaigns":false,"_monsterinsights_skip_tracking":false,"_monsterinsights_sitenote_active":false,"_monsterinsights_sitenote_note":"","_monsterinsights_sitenote_category":0,"_uf_show_specific_survey":0,"_uf_disable_surveys":false,"jetpack_post_was_ever_published":false,"_jetpack_newsletter_access":"","_jetpack_dont_email_post_to_subs":false,"_jetpack_newsletter_tier_id":0,"_jetpack_memberships_contains_paywalled_content":false,"_jetpack_memberships_contains_paid_content":false,"footnotes":"","jetpack_publicize_message":"","jetpack_publicize_feature_enabled":true,"jetpack_social_post_already_shared":false,"jetpack_social_options":{"image_generator_settings":{"template":"highway","default_image_id":0,"font":"","enabled":false},"version":2}},"categories":[21],"tags":[],"class_list":["post-43176","post","type-post","status-publish","format-standard","has-post-thumbnail","hentry","category-locales"],"aioseo_notices":[],"views":33,"jetpack_publicize_connections":[],"jetpack_featured_media_url":"https:\/\/i0.wp.com\/elterritorialweb.com.ar\/web\/wp-content\/uploads\/2022\/08\/image-7.png?fit=1010%2C567","jetpack_sharing_enabled":true,"_links":{"self":[{"href":"http:\/\/elterritorialweb.com.ar\/web\/wp-json\/wp\/v2\/posts\/43176","targetHints":{"allow":["GET"]}}],"collection":[{"href":"http:\/\/elterritorialweb.com.ar\/web\/wp-json\/wp\/v2\/posts"}],"about":[{"href":"http:\/\/elterritorialweb.com.ar\/web\/wp-json\/wp\/v2\/types\/post"}],"author":[{"embeddable":true,"href":"http:\/\/elterritorialweb.com.ar\/web\/wp-json\/wp\/v2\/users\/2"}],"replies":[{"embeddable":true,"href":"http:\/\/elterritorialweb.com.ar\/web\/wp-json\/wp\/v2\/comments?post=43176"}],"version-history":[{"count":1,"href":"http:\/\/elterritorialweb.com.ar\/web\/wp-json\/wp\/v2\/posts\/43176\/revisions"}],"predecessor-version":[{"id":43178,"href":"http:\/\/elterritorialweb.com.ar\/web\/wp-json\/wp\/v2\/posts\/43176\/revisions\/43178"}],"wp:featuredmedia":[{"embeddable":true,"href":"http:\/\/elterritorialweb.com.ar\/web\/wp-json\/wp\/v2\/media\/43177"}],"wp:attachment":[{"href":"http:\/\/elterritorialweb.com.ar\/web\/wp-json\/wp\/v2\/media?parent=43176"}],"wp:term":[{"taxonomy":"category","embeddable":true,"href":"http:\/\/elterritorialweb.com.ar\/web\/wp-json\/wp\/v2\/categories?post=43176"},{"taxonomy":"post_tag","embeddable":true,"href":"http:\/\/elterritorialweb.com.ar\/web\/wp-json\/wp\/v2\/tags?post=43176"}],"curies":[{"name":"wp","href":"https:\/\/api.w.org\/{rel}","templated":true}]}}