{"id":43183,"date":"2022-08-04T20:42:17","date_gmt":"2022-08-04T20:42:17","guid":{"rendered":"http:\/\/elterritorialweb.com.ar\/web\/?p=43183"},"modified":"2022-08-04T20:43:14","modified_gmt":"2022-08-04T20:43:14","slug":"massa-encabeza-una-reunion-de-gabinete-economico-en-el-palacio-de-hacienda","status":"publish","type":"post","link":"http:\/\/elterritorialweb.com.ar\/web\/massa-encabeza-una-reunion-de-gabinete-economico-en-el-palacio-de-hacienda\/","title":{"rendered":"MASSA ENCABEZA UNA REUNI\u00d3N DE GABINETE ECONOMICO EN EL PALACIO DE HACIENDA"},"content":{"rendered":"\n<p>El ministro de Econom\u00eda, Sergio Massa, encabeza este jueves una reuni\u00f3n de gabinete econ\u00f3mico en el Palacio de Hacienda.<\/p>\n\n\n\n<p>Al encuentro&nbsp;<strong>fueron convocados todos los secretarios y subsecretarios del \u00e1rea, con el objetivo de homogeneizar los anuncios bajo la premisa de trabajar en equipo<\/strong>, consignaron a T\u00e9lam fuentes de la cartera de Econom\u00eda.<\/p>\n\n\n\n<p>Massa anunci\u00f3 el mi\u00e9rcoles que\u00a0los principales lineamientos de su gesti\u00f3n\u00a0que se basar\u00e1n en el orden fiscal, el super\u00e1vit comercial, el fortalecimiento de las reservas y el desarrollo con inclusi\u00f3n<\/p>\n\n\n\n<p>Acompa\u00f1ado por una docena de sus secretarios y dos horas despu\u00e9s de prestar juramento en Casa de Gobierno, present\u00f3 en el microcine del Ministerio de Econom\u00eda los principales lineamientos de su gesti\u00f3n, que buscan cumplir con la meta de reducir el d\u00e9ficit fiscal al 2,5%, tal como se acord\u00f3 con el Fondo Monetario Internacional y hab\u00eda sido incluido en el Presupuesto Nacional.<\/p>\n","protected":false},"excerpt":{"rendered":"<p>Fueron convocados todos los secretarios y subsecretarios del \u00e1rea, con el objetivo de homogeneizar los anuncios bajo la premisa de trabajar en equipo.<\/p>\n","protected":false},"author":2,"featured_media":43184,"comment_status":"open","ping_status":"open","sticky":false,"template":"","format":"standard","meta":{"om_disable_all_campaigns":false,"_monsterinsights_skip_tracking":false,"_monsterinsights_sitenote_active":false,"_monsterinsights_sitenote_note":"","_monsterinsights_sitenote_category":0,"_uf_show_specific_survey":0,"_uf_disable_surveys":false,"jetpack_post_was_ever_published":false,"_jetpack_newsletter_access":"","_jetpack_dont_email_post_to_subs":false,"_jetpack_newsletter_tier_id":0,"_jetpack_memberships_contains_paywalled_content":false,"_jetpack_memberships_contains_paid_content":false,"footnotes":"","jetpack_publicize_message":"","jetpack_publicize_feature_enabled":true,"jetpack_social_post_already_shared":false,"jetpack_social_options":{"image_generator_settings":{"template":"highway","default_image_id":0,"font":"","enabled":false},"version":2}},"categories":[4,2],"tags":[],"class_list":["post-43183","post","type-post","status-publish","format-standard","has-post-thumbnail","hentry","category-destacadas","category-economia"],"aioseo_notices":[],"views":5,"jetpack_publicize_connections":[],"jetpack_featured_media_url":"https:\/\/i0.wp.com\/elterritorialweb.com.ar\/web\/wp-content\/uploads\/2022\/08\/MASSA-CON-EL-GABINETE.jpg?fit=900%2C506","jetpack_sharing_enabled":true,"_links":{"self":[{"href":"http:\/\/elterritorialweb.com.ar\/web\/wp-json\/wp\/v2\/posts\/43183","targetHints":{"allow":["GET"]}}],"collection":[{"href":"http:\/\/elterritorialweb.com.ar\/web\/wp-json\/wp\/v2\/posts"}],"about":[{"href":"http:\/\/elterritorialweb.com.ar\/web\/wp-json\/wp\/v2\/types\/post"}],"author":[{"embeddable":true,"href":"http:\/\/elterritorialweb.com.ar\/web\/wp-json\/wp\/v2\/users\/2"}],"replies":[{"embeddable":true,"href":"http:\/\/elterritorialweb.com.ar\/web\/wp-json\/wp\/v2\/comments?post=43183"}],"version-history":[{"count":1,"href":"http:\/\/elterritorialweb.com.ar\/web\/wp-json\/wp\/v2\/posts\/43183\/revisions"}],"predecessor-version":[{"id":43185,"href":"http:\/\/elterritorialweb.com.ar\/web\/wp-json\/wp\/v2\/posts\/43183\/revisions\/43185"}],"wp:featuredmedia":[{"embeddable":true,"href":"http:\/\/elterritorialweb.com.ar\/web\/wp-json\/wp\/v2\/media\/43184"}],"wp:attachment":[{"href":"http:\/\/elterritorialweb.com.ar\/web\/wp-json\/wp\/v2\/media?parent=43183"}],"wp:term":[{"taxonomy":"category","embeddable":true,"href":"http:\/\/elterritorialweb.com.ar\/web\/wp-json\/wp\/v2\/categories?post=43183"},{"taxonomy":"post_tag","embeddable":true,"href":"http:\/\/elterritorialweb.com.ar\/web\/wp-json\/wp\/v2\/tags?post=43183"}],"curies":[{"name":"wp","href":"https:\/\/api.w.org\/{rel}","templated":true}]}}