{"id":43194,"date":"2022-08-04T21:24:57","date_gmt":"2022-08-04T21:24:57","guid":{"rendered":"http:\/\/elterritorialweb.com.ar\/web\/?p=43194"},"modified":"2022-08-04T21:24:57","modified_gmt":"2022-08-04T21:24:57","slug":"cerruti-el-80-por-ciento-de-los-hogares-va-a-tener-el-subsidio-completo","status":"publish","type":"post","link":"http:\/\/elterritorialweb.com.ar\/web\/cerruti-el-80-por-ciento-de-los-hogares-va-a-tener-el-subsidio-completo\/","title":{"rendered":"CERRUTI: \u00abEL 80 POR CIENTO DE LOS HOGARES VA A TENER EL SUBSIDIO COMPLETO\u00bb"},"content":{"rendered":"\n<p>La portavoz presidencial Gabriela Cerruti destac\u00f3 este jueves que las consultoras privadas \u00abven con optimismo las medidas\u00bb anunciadas por el flamante ministro de Econom\u00eda, Sergio Massa, y que ya est\u00e1n \u00absiendo implementadas\u00bb.<\/p>\n\n\n\n<p>Por otro lado, sobre la segmentaci\u00f3n de las tarifas, Cerruti se\u00f1al\u00f3 en conferencia de prensa que el \u00ab80 por ciento de los 9 millones de hogares\u00bb que solicitaron el subsidio \u00abgasta menos de 400 kilowatts por mes\u00bb, por lo que, reafirm\u00f3, \u00abel 80 por ciento de esos hogares va a tener el subsidio completo\u00bb.<\/p>\n\n\n\n<p>Cerruti indic\u00f3 adem\u00e1s que el presidente Alberto Fern\u00e1ndez mantuvo este jueves una \u00ablarga reuni\u00f3n de trabajo\u00bb con Massa, en la que \u00abevaluaron la situaci\u00f3n a partir de los \u00faltimos cambios que se dieron y avanzaron en la hoja de ruta e implementaci\u00f3n de alguna de esas medidas\u00bb.<\/p>\n\n\n\n<figure class=\"wp-block-image size-full\"><a href=\"https:\/\/i0.wp.com\/elterritorialweb.com.ar\/web\/wp-content\/uploads\/2022\/08\/WhatsApp-Image-2022-08-04-at-11.23.30-PM.jpeg\"><img data-recalc-dims=\"1\" decoding=\"async\" width=\"640\" height=\"385\" data-src=\"https:\/\/i0.wp.com\/elterritorialweb.com.ar\/web\/wp-content\/uploads\/2022\/08\/WhatsApp-Image-2022-08-04-at-11.23.30-PM.jpeg?resize=640%2C385\" alt=\"\" class=\"wp-image-43195 lazyload\" data-srcset=\"https:\/\/i0.wp.com\/elterritorialweb.com.ar\/web\/wp-content\/uploads\/2022\/08\/WhatsApp-Image-2022-08-04-at-11.23.30-PM.jpeg?w=907 907w, https:\/\/i0.wp.com\/elterritorialweb.com.ar\/web\/wp-content\/uploads\/2022\/08\/WhatsApp-Image-2022-08-04-at-11.23.30-PM.jpeg?resize=300%2C180 300w, https:\/\/i0.wp.com\/elterritorialweb.com.ar\/web\/wp-content\/uploads\/2022\/08\/WhatsApp-Image-2022-08-04-at-11.23.30-PM.jpeg?resize=768%2C461 768w\" data-sizes=\"(max-width: 640px) 100vw, 640px\" src=\"data:image\/svg+xml;base64,PHN2ZyB3aWR0aD0iMSIgaGVpZ2h0PSIxIiB4bWxucz0iaHR0cDovL3d3dy53My5vcmcvMjAwMC9zdmciPjwvc3ZnPg==\" style=\"--smush-placeholder-width: 640px; --smush-placeholder-aspect-ratio: 640\/385;\" \/><\/a><\/figure>\n\n\n\n<p><strong>\u00abRecuperamos una cierta sensaci\u00f3n de estabilidad\u00bb<\/strong>, destac\u00f3 la funcionaria.<\/p>\n\n\n\n<p>En otro pasaje, la portavoz afirm\u00f3 que el Gobierno \u00abtiene pol\u00edticas activas de conversaci\u00f3n con todos los sectores, y todas las discusiones se dan en el Parlamento, que es el lugar donde se expresan las mayor\u00edas y las minor\u00edas en la pol\u00edtica\u00bb.<\/p>\n\n\n\n<p>Ponder\u00f3, en ese sentido, otras \u00abmesas\u00bb de di\u00e1logo como el Consejo Econ\u00f3mico y Social, que ahora \u00abva a conducir\u00bb la secretaria de Asuntos Estrat\u00e9gicos, Mercedes Marc\u00f3 del Pont, y el Consejo del Salario M\u00ednimo Vital y M\u00f3vil, entre otros.<\/p>\n\n\n\n<p>Cerruti sostuvo tambi\u00e9n que Alberto Fern\u00e1ndez \u00absiempre comparti\u00f3 el parecer\u00bb del\u00a0Grupo de Puebla\u00a0respecto de que la causa por presuntas irregularidades en la obra p\u00fablica contra la vicepresidenta Cristina Fern\u00e1ndez \u00abes de clara\u00a0<strong>persecuci\u00f3n judicial<\/strong>\u00ab, \u00abno tiene ni pies ni cabeza y es un disparate\u00bb.<\/p>\n\n\n\n<p>\u00abEl Presidente lo expres\u00f3 yendo a declarar al tribunal y en un hilo de tuits\u00bb, record\u00f3 Cerruti en la conferencia de prensa.<\/p>\n","protected":false},"excerpt":{"rendered":"<p>En su habitual conferencia de prensa, la portavoz presidencial asegur\u00f3 que el \u00ab80 por ciento de los 9 millones de hogares\u00bb que solicitaron el subsidio \u00abgasta menos de 400 kilowatts por mes\u00bb, por lo que mantendr\u00e1n los subsidios al consumo.<\/p>\n","protected":false},"author":2,"featured_media":43196,"comment_status":"open","ping_status":"open","sticky":false,"template":"","format":"standard","meta":{"om_disable_all_campaigns":false,"_monsterinsights_skip_tracking":false,"_monsterinsights_sitenote_active":false,"_monsterinsights_sitenote_note":"","_monsterinsights_sitenote_category":0,"_uf_show_specific_survey":0,"_uf_disable_surveys":false,"jetpack_post_was_ever_published":false,"_jetpack_newsletter_access":"","_jetpack_dont_email_post_to_subs":false,"_jetpack_newsletter_tier_id":0,"_jetpack_memberships_contains_paywalled_content":false,"_jetpack_memberships_contains_paid_content":false,"footnotes":"","jetpack_publicize_message":"","jetpack_publicize_feature_enabled":true,"jetpack_social_post_already_shared":false,"jetpack_social_options":{"image_generator_settings":{"template":"highway","default_image_id":0,"font":"","enabled":false},"version":2}},"categories":[18],"tags":[],"class_list":["post-43194","post","type-post","status-publish","format-standard","has-post-thumbnail","hentry","category-politica"],"aioseo_notices":[],"views":5,"jetpack_publicize_connections":[],"jetpack_featured_media_url":"https:\/\/i0.wp.com\/elterritorialweb.com.ar\/web\/wp-content\/uploads\/2022\/08\/WhatsApp-Image-2022-08-04-at-11.21.57-PM.jpeg?fit=901%2C628","jetpack_sharing_enabled":true,"_links":{"self":[{"href":"http:\/\/elterritorialweb.com.ar\/web\/wp-json\/wp\/v2\/posts\/43194","targetHints":{"allow":["GET"]}}],"collection":[{"href":"http:\/\/elterritorialweb.com.ar\/web\/wp-json\/wp\/v2\/posts"}],"about":[{"href":"http:\/\/elterritorialweb.com.ar\/web\/wp-json\/wp\/v2\/types\/post"}],"author":[{"embeddable":true,"href":"http:\/\/elterritorialweb.com.ar\/web\/wp-json\/wp\/v2\/users\/2"}],"replies":[{"embeddable":true,"href":"http:\/\/elterritorialweb.com.ar\/web\/wp-json\/wp\/v2\/comments?post=43194"}],"version-history":[{"count":1,"href":"http:\/\/elterritorialweb.com.ar\/web\/wp-json\/wp\/v2\/posts\/43194\/revisions"}],"predecessor-version":[{"id":43197,"href":"http:\/\/elterritorialweb.com.ar\/web\/wp-json\/wp\/v2\/posts\/43194\/revisions\/43197"}],"wp:featuredmedia":[{"embeddable":true,"href":"http:\/\/elterritorialweb.com.ar\/web\/wp-json\/wp\/v2\/media\/43196"}],"wp:attachment":[{"href":"http:\/\/elterritorialweb.com.ar\/web\/wp-json\/wp\/v2\/media?parent=43194"}],"wp:term":[{"taxonomy":"category","embeddable":true,"href":"http:\/\/elterritorialweb.com.ar\/web\/wp-json\/wp\/v2\/categories?post=43194"},{"taxonomy":"post_tag","embeddable":true,"href":"http:\/\/elterritorialweb.com.ar\/web\/wp-json\/wp\/v2\/tags?post=43194"}],"curies":[{"name":"wp","href":"https:\/\/api.w.org\/{rel}","templated":true}]}}