{"id":43198,"date":"2022-08-04T22:31:25","date_gmt":"2022-08-04T22:31:25","guid":{"rendered":"http:\/\/elterritorialweb.com.ar\/web\/?p=43198"},"modified":"2022-08-04T22:31:26","modified_gmt":"2022-08-04T22:31:26","slug":"alerta-banda-colaboro-con-la-recuperacion-de-un-automovil-en-el-barrio-san-martin","status":"publish","type":"post","link":"http:\/\/elterritorialweb.com.ar\/web\/alerta-banda-colaboro-con-la-recuperacion-de-un-automovil-en-el-barrio-san-martin\/","title":{"rendered":"ALERTA BANDA COLABOR\u00d3 CON LA RECUPERACI\u00d3N DE UN AUTOM\u00d3VIL EN EL BARRIO SAN MART\u00cdN"},"content":{"rendered":"\n<p>El \u00e1rea del \u201cLaboratorio de investigaciones\u201d de Alerta Banda tomo conocimiento de los hechos el d\u00eda 27 de julio mediante el pedido de colaboraci\u00f3n solicitado por distintas \u00e1reas de la polic\u00eda de la Provincia.<br>Fue as\u00ed que de forma inmediata se comenz\u00f3 a revisar las grabaciones, detectando que el d\u00eda del hecho particip\u00f3 un autom\u00f3vil Renault 19 color gris con sus puertas delanteras color negro, luego de realizar el seguimiento correspondiente se estableci\u00f3 el domicilio exacto donde hab\u00edan ocultado al autom\u00f3vil Volkswagen Gol Power sustra\u00eddo. Sobre los resultados obtenidos se inform\u00f3 de forma inmediata a la divisi\u00f3n automotores de la polic\u00eda de la Provincia quienes ejecutaron las \u00f3rdenes de la Fiscal\u00eda interviniente para recuperar el veh\u00edculo que posteriormente ser\u00e1 restituido a su due\u00f1o.<\/p>\n\n\n\n<figure class=\"wp-block-video\"><video height=\"352\" style=\"aspect-ratio: 640 \/ 352;\" width=\"640\" controls src=\"http:\/\/elterritorialweb.com.ar\/web\/wp-content\/uploads\/2022\/08\/WhatsApp-Video-2022-08-04-at-6.53.14-PM.mp4\"><\/video><\/figure>\n","protected":false},"excerpt":{"rendered":"<p>El Programa de Seguridad Alerta Banda de la Municipalidad de La Banda aport\u00f3 informaci\u00f3n fundamental en el esclarecimiento del robo de un autom\u00f3vil que fue sustra\u00eddo de la v\u00eda p\u00fablica en el barrio San Martin a fines del mes de julio.<\/p>\n","protected":false},"author":2,"featured_media":43199,"comment_status":"open","ping_status":"open","sticky":false,"template":"","format":"standard","meta":{"om_disable_all_campaigns":false,"_monsterinsights_skip_tracking":false,"_monsterinsights_sitenote_active":false,"_monsterinsights_sitenote_note":"","_monsterinsights_sitenote_category":0,"_uf_show_specific_survey":0,"_uf_disable_surveys":false,"jetpack_post_was_ever_published":false,"_jetpack_newsletter_access":"","_jetpack_dont_email_post_to_subs":false,"_jetpack_newsletter_tier_id":0,"_jetpack_memberships_contains_paywalled_content":false,"_jetpack_memberships_contains_paid_content":false,"footnotes":"","jetpack_publicize_message":"","jetpack_publicize_feature_enabled":true,"jetpack_social_post_already_shared":false,"jetpack_social_options":{"image_generator_settings":{"template":"highway","default_image_id":0,"font":"","enabled":false},"version":2}},"categories":[21],"tags":[],"class_list":["post-43198","post","type-post","status-publish","format-standard","has-post-thumbnail","hentry","category-locales"],"aioseo_notices":[],"views":5,"jetpack_publicize_connections":[],"jetpack_featured_media_url":"https:\/\/i0.wp.com\/elterritorialweb.com.ar\/web\/wp-content\/uploads\/2022\/08\/WhatsApp-Image-2022-08-04-at-6.53.14-PM-e1659651950699.jpeg?fit=1049%2C578","jetpack_sharing_enabled":true,"_links":{"self":[{"href":"http:\/\/elterritorialweb.com.ar\/web\/wp-json\/wp\/v2\/posts\/43198","targetHints":{"allow":["GET"]}}],"collection":[{"href":"http:\/\/elterritorialweb.com.ar\/web\/wp-json\/wp\/v2\/posts"}],"about":[{"href":"http:\/\/elterritorialweb.com.ar\/web\/wp-json\/wp\/v2\/types\/post"}],"author":[{"embeddable":true,"href":"http:\/\/elterritorialweb.com.ar\/web\/wp-json\/wp\/v2\/users\/2"}],"replies":[{"embeddable":true,"href":"http:\/\/elterritorialweb.com.ar\/web\/wp-json\/wp\/v2\/comments?post=43198"}],"version-history":[{"count":1,"href":"http:\/\/elterritorialweb.com.ar\/web\/wp-json\/wp\/v2\/posts\/43198\/revisions"}],"predecessor-version":[{"id":43201,"href":"http:\/\/elterritorialweb.com.ar\/web\/wp-json\/wp\/v2\/posts\/43198\/revisions\/43201"}],"wp:featuredmedia":[{"embeddable":true,"href":"http:\/\/elterritorialweb.com.ar\/web\/wp-json\/wp\/v2\/media\/43199"}],"wp:attachment":[{"href":"http:\/\/elterritorialweb.com.ar\/web\/wp-json\/wp\/v2\/media?parent=43198"}],"wp:term":[{"taxonomy":"category","embeddable":true,"href":"http:\/\/elterritorialweb.com.ar\/web\/wp-json\/wp\/v2\/categories?post=43198"},{"taxonomy":"post_tag","embeddable":true,"href":"http:\/\/elterritorialweb.com.ar\/web\/wp-json\/wp\/v2\/tags?post=43198"}],"curies":[{"name":"wp","href":"https:\/\/api.w.org\/{rel}","templated":true}]}}