{"id":43202,"date":"2022-08-04T23:15:20","date_gmt":"2022-08-04T23:15:20","guid":{"rendered":"http:\/\/elterritorialweb.com.ar\/web\/?p=43202"},"modified":"2022-08-04T23:16:32","modified_gmt":"2022-08-04T23:16:32","slug":"el-renzi-presenta-hetake-una-pelicula-de-mujeres-que-buscan-sanacion-frente-al-abuso","status":"publish","type":"post","link":"http:\/\/elterritorialweb.com.ar\/web\/el-renzi-presenta-hetake-una-pelicula-de-mujeres-que-buscan-sanacion-frente-al-abuso\/","title":{"rendered":"EL RENZI PRESENTA \u00abH\u00c9KATE\u00bb UNA PEL\u00cdCULA DE MUJERES QUE BUSCAN SANACI\u00d3N FRENTE AL ABUSO"},"content":{"rendered":"\n<p>\u201cH\u00e9kate\u201d cuenta la historia de Helena quien recibe a Kira en la casa que comparte con su novio Juan, luego de que esta fuera mordida por el perro de la pareja. La invitan a cenar, aunque su apariencia amigable ser\u00e1 solo la llave para que se desencadene la tensi\u00f3n y la violencia. Porque Juan es un ser desagradable en sus pensamientos, osco en sus formas y violento en su v\u00ednculo con Helena, a quien somete a diversas formas de agresi\u00f3n. Exhibiendo su violencia sexual, y ante presencia obligada de la invitada, Juan desencadena toda su furia contra Helena, pero Kira logra desatarse, reducir al violador y rescatarla. Juntas lo introducen inconsciente en el auto y comienzan un periplo por rutas y caminos que, adem\u00e1s de la naturaleza errante, tambi\u00e9n significa un viaje transformador para ellas.<\/p>\n\n\n\n<figure class=\"wp-block-image size-full\"><a href=\"https:\/\/i0.wp.com\/elterritorialweb.com.ar\/web\/wp-content\/uploads\/2022\/08\/TREN-BALA-PELICULAS.jpeg\"><img data-recalc-dims=\"1\" decoding=\"async\" width=\"640\" height=\"426\" data-src=\"https:\/\/i0.wp.com\/elterritorialweb.com.ar\/web\/wp-content\/uploads\/2022\/08\/TREN-BALA-PELICULAS.jpeg?resize=640%2C426\" alt=\"\" class=\"wp-image-43204 lazyload\" data-srcset=\"https:\/\/i0.wp.com\/elterritorialweb.com.ar\/web\/wp-content\/uploads\/2022\/08\/TREN-BALA-PELICULAS.jpeg?w=800 800w, https:\/\/i0.wp.com\/elterritorialweb.com.ar\/web\/wp-content\/uploads\/2022\/08\/TREN-BALA-PELICULAS.jpeg?resize=300%2C200 300w, https:\/\/i0.wp.com\/elterritorialweb.com.ar\/web\/wp-content\/uploads\/2022\/08\/TREN-BALA-PELICULAS.jpeg?resize=768%2C512 768w\" data-sizes=\"(max-width: 640px) 100vw, 640px\" src=\"data:image\/svg+xml;base64,PHN2ZyB3aWR0aD0iMSIgaGVpZ2h0PSIxIiB4bWxucz0iaHR0cDovL3d3dy53My5vcmcvMjAwMC9zdmciPjwvc3ZnPg==\" style=\"--smush-placeholder-width: 640px; --smush-placeholder-aspect-ratio: 640\/426;\" \/><\/a><\/figure>\n\n\n\n<p>Asimismo, se presenta el estreno de la pel\u00edcula de acci\u00f3n norteamericana, \u201cTren bala\u201d, en la que cinco asesinos a sueldo se encuentran a bordo de un tren bala que viaja de Tokio a Morioka con unas pocas paradas intermedias. Descubren que sus misiones no son ajenas entre s\u00ed. La pregunta es qui\u00e9n saldr\u00e1 vivo del tren y qu\u00e9 les espera en la estaci\u00f3n final. El film podr\u00e1 verse todos los d\u00edas a las 22 y 00.15<br>Mientras que las producciones infantiles \u201cLiga de supermascotas\u201d (18.30) y \u201cMinions: Nace un villano\u201d (17) seguir\u00e1n en cartelera durante esta semana.<br>El valor general de las entradas es de $500; con una promoci\u00f3n de lunes a mi\u00e9rcoles y trasnoche de viernes de dos entradas por $700.<\/p>\n\n\n\n<figure class=\"wp-block-image size-large\"><a href=\"https:\/\/i0.wp.com\/elterritorialweb.com.ar\/web\/wp-content\/uploads\/2022\/08\/WhatsApp-Image-2022-08-04-at-6.53.15-PM.jpeg\"><img data-recalc-dims=\"1\" decoding=\"async\" width=\"576\" height=\"1024\" data-src=\"https:\/\/i0.wp.com\/elterritorialweb.com.ar\/web\/wp-content\/uploads\/2022\/08\/WhatsApp-Image-2022-08-04-at-6.53.15-PM.jpeg?resize=576%2C1024\" alt=\"\" class=\"wp-image-43205 lazyload\" data-srcset=\"https:\/\/i0.wp.com\/elterritorialweb.com.ar\/web\/wp-content\/uploads\/2022\/08\/WhatsApp-Image-2022-08-04-at-6.53.15-PM.jpeg?resize=576%2C1024 576w, https:\/\/i0.wp.com\/elterritorialweb.com.ar\/web\/wp-content\/uploads\/2022\/08\/WhatsApp-Image-2022-08-04-at-6.53.15-PM.jpeg?resize=169%2C300 169w, https:\/\/i0.wp.com\/elterritorialweb.com.ar\/web\/wp-content\/uploads\/2022\/08\/WhatsApp-Image-2022-08-04-at-6.53.15-PM.jpeg?w=720 720w\" data-sizes=\"(max-width: 576px) 100vw, 576px\" src=\"data:image\/svg+xml;base64,PHN2ZyB3aWR0aD0iMSIgaGVpZ2h0PSIxIiB4bWxucz0iaHR0cDovL3d3dy53My5vcmcvMjAwMC9zdmciPjwvc3ZnPg==\" style=\"--smush-placeholder-width: 576px; --smush-placeholder-aspect-ratio: 576\/1024;\" \/><\/a><\/figure>\n\n\n\n<p><br><\/p>\n","protected":false},"excerpt":{"rendered":"<p>El Cine Teatro Municipal Renzi renueva su cartelera desde el jueves 4 hasta el mi\u00e9rcoles 10 con la presentaci\u00f3n de la pel\u00edcula de producci\u00f3n argentina \u201cH\u00e9take\u201d como parte del Espacio Incaa con un valor de la entrada de tan solo $100 por persona en el horario de las 20.30.<\/p>\n","protected":false},"author":2,"featured_media":43206,"comment_status":"open","ping_status":"open","sticky":false,"template":"","format":"standard","meta":{"om_disable_all_campaigns":false,"_monsterinsights_skip_tracking":false,"_monsterinsights_sitenote_active":false,"_monsterinsights_sitenote_note":"","_monsterinsights_sitenote_category":0,"_uf_show_specific_survey":0,"_uf_disable_surveys":false,"jetpack_post_was_ever_published":false,"_jetpack_newsletter_access":"","_jetpack_dont_email_post_to_subs":false,"_jetpack_newsletter_tier_id":0,"_jetpack_memberships_contains_paywalled_content":false,"_jetpack_memberships_contains_paid_content":false,"footnotes":"","jetpack_publicize_message":"","jetpack_publicize_feature_enabled":true,"jetpack_social_post_already_shared":false,"jetpack_social_options":{"image_generator_settings":{"template":"highway","default_image_id":0,"font":"","enabled":false},"version":2}},"categories":[20],"tags":[],"class_list":["post-43202","post","type-post","status-publish","format-standard","has-post-thumbnail","hentry","category-especysociales"],"aioseo_notices":[],"views":10,"jetpack_publicize_connections":[],"jetpack_featured_media_url":"https:\/\/i0.wp.com\/elterritorialweb.com.ar\/web\/wp-content\/uploads\/2022\/08\/HEKATE-CINE.jpeg?fit=960%2C540","jetpack_sharing_enabled":true,"_links":{"self":[{"href":"http:\/\/elterritorialweb.com.ar\/web\/wp-json\/wp\/v2\/posts\/43202","targetHints":{"allow":["GET"]}}],"collection":[{"href":"http:\/\/elterritorialweb.com.ar\/web\/wp-json\/wp\/v2\/posts"}],"about":[{"href":"http:\/\/elterritorialweb.com.ar\/web\/wp-json\/wp\/v2\/types\/post"}],"author":[{"embeddable":true,"href":"http:\/\/elterritorialweb.com.ar\/web\/wp-json\/wp\/v2\/users\/2"}],"replies":[{"embeddable":true,"href":"http:\/\/elterritorialweb.com.ar\/web\/wp-json\/wp\/v2\/comments?post=43202"}],"version-history":[{"count":2,"href":"http:\/\/elterritorialweb.com.ar\/web\/wp-json\/wp\/v2\/posts\/43202\/revisions"}],"predecessor-version":[{"id":43208,"href":"http:\/\/elterritorialweb.com.ar\/web\/wp-json\/wp\/v2\/posts\/43202\/revisions\/43208"}],"wp:featuredmedia":[{"embeddable":true,"href":"http:\/\/elterritorialweb.com.ar\/web\/wp-json\/wp\/v2\/media\/43206"}],"wp:attachment":[{"href":"http:\/\/elterritorialweb.com.ar\/web\/wp-json\/wp\/v2\/media?parent=43202"}],"wp:term":[{"taxonomy":"category","embeddable":true,"href":"http:\/\/elterritorialweb.com.ar\/web\/wp-json\/wp\/v2\/categories?post=43202"},{"taxonomy":"post_tag","embeddable":true,"href":"http:\/\/elterritorialweb.com.ar\/web\/wp-json\/wp\/v2\/tags?post=43202"}],"curies":[{"name":"wp","href":"https:\/\/api.w.org\/{rel}","templated":true}]}}