{"id":43214,"date":"2022-08-05T01:37:46","date_gmt":"2022-08-05T01:37:46","guid":{"rendered":"http:\/\/elterritorialweb.com.ar\/web\/?p=43214"},"modified":"2022-08-05T01:40:50","modified_gmt":"2022-08-05T01:40:50","slug":"massa-y-claver-carone-analizaron-el-estado-de-los-prestamos-existentes-y-nuevos-financiamientos","status":"publish","type":"post","link":"http:\/\/elterritorialweb.com.ar\/web\/massa-y-claver-carone-analizaron-el-estado-de-los-prestamos-existentes-y-nuevos-financiamientos\/","title":{"rendered":"MASSA Y CLAVER-CARONE ANALIZARON EL ESTADO DE LOS PRESTAMOS EXISTENTES Y NUEVOS FINANCIAMIENTOS"},"content":{"rendered":"\n<p>El\u00a0nuevo ministro de Econom\u00eda,\u00a0<strong>Sergio Massa<\/strong>, mantuvo este jueves una conversaci\u00f3n telef\u00f3nica con el presidente del Banco Interamericano de Desarrollo (BID),\u00a0<strong>Mauricio Claver-Carone<\/strong>, con quien evalu\u00f3\u00a0<strong>\u00abel estado de situaci\u00f3n de los pr\u00e9stamos existentes\u00bb<\/strong>\u00a0y\u00a0<strong>\u00abnuevas oportunidades de financiaci\u00f3n\u00bb<\/strong>.<\/p>\n\n\n\n<p>\u00abAgradezco a Mauricio Claver-Carone la reuni\u00f3n mantenida en la que evaluamos el estado de situaci\u00f3n de los prestamos existentes y las nuevas oportunidades de financiaci\u00f3n para promover el desarrollo inclusivo y desarrollar obras de infraestructura en nuestro pa\u00eds\u00bb, tuite\u00f3 Massa.<\/p>\n\n\n\n<figure class=\"wp-block-image size-full\"><a href=\"https:\/\/i0.wp.com\/elterritorialweb.com.ar\/web\/wp-content\/uploads\/2022\/08\/image-8.png\"><img data-recalc-dims=\"1\" decoding=\"async\" width=\"640\" height=\"310\" data-src=\"https:\/\/i0.wp.com\/elterritorialweb.com.ar\/web\/wp-content\/uploads\/2022\/08\/image-8.png?resize=640%2C310\" alt=\"\" class=\"wp-image-43215 lazyload\" data-srcset=\"https:\/\/i0.wp.com\/elterritorialweb.com.ar\/web\/wp-content\/uploads\/2022\/08\/image-8.png?w=790 790w, https:\/\/i0.wp.com\/elterritorialweb.com.ar\/web\/wp-content\/uploads\/2022\/08\/image-8.png?resize=300%2C145 300w, https:\/\/i0.wp.com\/elterritorialweb.com.ar\/web\/wp-content\/uploads\/2022\/08\/image-8.png?resize=768%2C372 768w\" data-sizes=\"(max-width: 640px) 100vw, 640px\" src=\"data:image\/svg+xml;base64,PHN2ZyB3aWR0aD0iMSIgaGVpZ2h0PSIxIiB4bWxucz0iaHR0cDovL3d3dy53My5vcmcvMjAwMC9zdmciPjwvc3ZnPg==\" style=\"--smush-placeholder-width: 640px; --smush-placeholder-aspect-ratio: 640\/310;\" \/><\/a><\/figure>\n\n\n\n<p>Por su parte, en la misma red social, el BID se\u00f1al\u00f3 que su presidente Claver-Carone \u00abconvers\u00f3 telef\u00f3nicamente con el nuevo ministro de Econom\u00eda de Argentina, Sergio Massa, sobre los esfuerzos para\u00a0<strong>apoyar la estabilidad macroecon\u00f3mica de Argentina<\/strong>, un marco con miras al futuro y c\u00f3mo\u00a0<strong>generar crecimiento econ\u00f3mico sostenible<\/strong>\u00ab.<\/p>\n\n\n\n<figure class=\"wp-block-image size-full is-resized\"><a href=\"https:\/\/i0.wp.com\/elterritorialweb.com.ar\/web\/wp-content\/uploads\/2022\/08\/image-9.png\"><img data-recalc-dims=\"1\" decoding=\"async\" data-src=\"https:\/\/i0.wp.com\/elterritorialweb.com.ar\/web\/wp-content\/uploads\/2022\/08\/image-9.png?resize=640%2C318\" alt=\"\" class=\"wp-image-43216 lazyload\" width=\"640\" height=\"318\" data-srcset=\"https:\/\/i0.wp.com\/elterritorialweb.com.ar\/web\/wp-content\/uploads\/2022\/08\/image-9.png?w=790 790w, https:\/\/i0.wp.com\/elterritorialweb.com.ar\/web\/wp-content\/uploads\/2022\/08\/image-9.png?resize=300%2C149 300w, https:\/\/i0.wp.com\/elterritorialweb.com.ar\/web\/wp-content\/uploads\/2022\/08\/image-9.png?resize=768%2C381 768w\" data-sizes=\"(max-width: 640px) 100vw, 640px\" src=\"data:image\/svg+xml;base64,PHN2ZyB3aWR0aD0iMSIgaGVpZ2h0PSIxIiB4bWxucz0iaHR0cDovL3d3dy53My5vcmcvMjAwMC9zdmciPjwvc3ZnPg==\" style=\"--smush-placeholder-width: 640px; --smush-placeholder-aspect-ratio: 640\/318;\" \/><\/a><\/figure>\n\n\n\n<p>El mi\u00e9rcoles, durante los anuncios realizados en el Palacio de Hacienda, Massa anunci\u00f3 que el Gobierno avanza en&nbsp;<strong>\u00abdesembolsos por u$s1.200 millones con organismos internacionales por programas vigentes y por programas en estudio\u00bb<\/strong>. Se refer\u00eda puntualmente a la liberaci\u00f3n de u$s500 millones de las l\u00edneas corrientes que el BID ya ten\u00eda aprobadas en el pa\u00eds, que hasta hace diez d\u00edas el propio Claver-Carone se negaba a entregar, m\u00e1s otros u$s300 millones correspondientes a los giros de septiembre pr\u00f3ximo, y nuevos pr\u00e9stamos ejecutivos por unos u$s 1.100 millones m\u00e1s.<\/p>\n\n\n\n<p>Claver-Carone es&nbsp;<strong>un alfil de Donald Trump<\/strong>&nbsp;que fue representante de Estados Unidos en el&nbsp;<em>board<\/em>&nbsp;del Fondo Monetario Internacional (FMI) cuando en 2018 se aprob\u00f3 el&nbsp;<strong>cr\u00e9dito de u$s57.000 millones otorgado a la administraci\u00f3n de Mauricio Macri<\/strong>&nbsp;y en 2020 se convirti\u00f3 en presidente del BID, un cargo para el cual la Argentina impulsaba la candidatura de Gustavo Beliz, entonces secretario de Asuntos Estrat\u00e9gicos de la Presidencia.<\/p>\n\n\n\n<p>Adem\u00e1s de trabar el desembolso de u$s500 millones, hace diez d\u00edas Claver-Carone hab\u00eda lanzado fuertes cr\u00edticas al Gobierno de Alberto Fern\u00e1ndez. Sin embargo, la llegada de Massa al ministerio de Econom\u00eda y el alejamiento de B\u00e9liz parecieran haber modificado su postura frente a la Argentina.<\/p>\n","protected":false},"excerpt":{"rendered":"<p>El nuevo ministro de Econom\u00eda y el presidente del BID mantuvieron una conversaci\u00f3n telef\u00f3nica sobre los desembolsos pendientes y otros programas en estudio.<\/p>\n","protected":false},"author":2,"featured_media":43217,"comment_status":"open","ping_status":"open","sticky":false,"template":"","format":"standard","meta":{"om_disable_all_campaigns":false,"_monsterinsights_skip_tracking":false,"_monsterinsights_sitenote_active":false,"_monsterinsights_sitenote_note":"","_monsterinsights_sitenote_category":0,"_uf_show_specific_survey":0,"_uf_disable_surveys":false,"jetpack_post_was_ever_published":false,"_jetpack_newsletter_access":"","_jetpack_dont_email_post_to_subs":false,"_jetpack_newsletter_tier_id":0,"_jetpack_memberships_contains_paywalled_content":false,"_jetpack_memberships_contains_paid_content":false,"footnotes":"","jetpack_publicize_message":"","jetpack_publicize_feature_enabled":true,"jetpack_social_post_already_shared":false,"jetpack_social_options":{"image_generator_settings":{"template":"highway","default_image_id":0,"font":"","enabled":false},"version":2}},"categories":[4,18],"tags":[],"class_list":["post-43214","post","type-post","status-publish","format-standard","has-post-thumbnail","hentry","category-destacadas","category-politica"],"aioseo_notices":[],"views":7,"jetpack_publicize_connections":[],"jetpack_featured_media_url":"https:\/\/i0.wp.com\/elterritorialweb.com.ar\/web\/wp-content\/uploads\/2022\/08\/MASSA-Y-CARONE.png?fit=828%2C548","jetpack_sharing_enabled":true,"_links":{"self":[{"href":"http:\/\/elterritorialweb.com.ar\/web\/wp-json\/wp\/v2\/posts\/43214","targetHints":{"allow":["GET"]}}],"collection":[{"href":"http:\/\/elterritorialweb.com.ar\/web\/wp-json\/wp\/v2\/posts"}],"about":[{"href":"http:\/\/elterritorialweb.com.ar\/web\/wp-json\/wp\/v2\/types\/post"}],"author":[{"embeddable":true,"href":"http:\/\/elterritorialweb.com.ar\/web\/wp-json\/wp\/v2\/users\/2"}],"replies":[{"embeddable":true,"href":"http:\/\/elterritorialweb.com.ar\/web\/wp-json\/wp\/v2\/comments?post=43214"}],"version-history":[{"count":1,"href":"http:\/\/elterritorialweb.com.ar\/web\/wp-json\/wp\/v2\/posts\/43214\/revisions"}],"predecessor-version":[{"id":43218,"href":"http:\/\/elterritorialweb.com.ar\/web\/wp-json\/wp\/v2\/posts\/43214\/revisions\/43218"}],"wp:featuredmedia":[{"embeddable":true,"href":"http:\/\/elterritorialweb.com.ar\/web\/wp-json\/wp\/v2\/media\/43217"}],"wp:attachment":[{"href":"http:\/\/elterritorialweb.com.ar\/web\/wp-json\/wp\/v2\/media?parent=43214"}],"wp:term":[{"taxonomy":"category","embeddable":true,"href":"http:\/\/elterritorialweb.com.ar\/web\/wp-json\/wp\/v2\/categories?post=43214"},{"taxonomy":"post_tag","embeddable":true,"href":"http:\/\/elterritorialweb.com.ar\/web\/wp-json\/wp\/v2\/tags?post=43214"}],"curies":[{"name":"wp","href":"https:\/\/api.w.org\/{rel}","templated":true}]}}