{"id":43219,"date":"2022-08-05T22:52:48","date_gmt":"2022-08-05T22:52:48","guid":{"rendered":"http:\/\/elterritorialweb.com.ar\/web\/?p=43219"},"modified":"2022-08-05T22:52:49","modified_gmt":"2022-08-05T22:52:49","slug":"historico-la-unse-graduo-hoy-a-sus-primeros-profesionales-en-medicina","status":"publish","type":"post","link":"http:\/\/elterritorialweb.com.ar\/web\/historico-la-unse-graduo-hoy-a-sus-primeros-profesionales-en-medicina\/","title":{"rendered":"HIST\u00d3RICO: LA UNSE GRADU\u00d3 HOY A SUS PRIMEROS PROFESIONALES EN MEDICINA"},"content":{"rendered":"\n<p>El mi\u00e9rcoles pasado, los cinco estudiantes aprobaron el examen te\u00f3rico y hoy, viernes 5 de agosto, desde las 15 horas, comenzaron a rendir el pr\u00e1ctico denominado Evaluaci\u00f3n Cl\u00ednica Objetiva y Estructurada (ECOE). Esta instancia consta de 10 postas donde, con sendas simulaciones -algunas de ellas utilizando actores y actrices-, los estudiantes debieron resolver consultas, emergencias y otras situaciones m\u00e9dicas.<\/p>\n\n\n\n<figure class=\"wp-block-image size-large\"><a href=\"https:\/\/i0.wp.com\/elterritorialweb.com.ar\/web\/wp-content\/uploads\/2022\/08\/IMG-20220805-WA0027.jpg\"><img data-recalc-dims=\"1\" decoding=\"async\" width=\"640\" height=\"481\" data-src=\"https:\/\/i0.wp.com\/elterritorialweb.com.ar\/web\/wp-content\/uploads\/2022\/08\/IMG-20220805-WA0027.jpg?resize=640%2C481\" alt=\"\" class=\"wp-image-43221 lazyload\" data-srcset=\"https:\/\/i0.wp.com\/elterritorialweb.com.ar\/web\/wp-content\/uploads\/2022\/08\/IMG-20220805-WA0027.jpg?resize=1024%2C769 1024w, https:\/\/i0.wp.com\/elterritorialweb.com.ar\/web\/wp-content\/uploads\/2022\/08\/IMG-20220805-WA0027.jpg?resize=300%2C225 300w, https:\/\/i0.wp.com\/elterritorialweb.com.ar\/web\/wp-content\/uploads\/2022\/08\/IMG-20220805-WA0027.jpg?resize=768%2C576 768w, https:\/\/i0.wp.com\/elterritorialweb.com.ar\/web\/wp-content\/uploads\/2022\/08\/IMG-20220805-WA0027.jpg?resize=1536%2C1153 1536w, https:\/\/i0.wp.com\/elterritorialweb.com.ar\/web\/wp-content\/uploads\/2022\/08\/IMG-20220805-WA0027.jpg?w=1600 1600w, https:\/\/i0.wp.com\/elterritorialweb.com.ar\/web\/wp-content\/uploads\/2022\/08\/IMG-20220805-WA0027.jpg?w=1280 1280w\" data-sizes=\"(max-width: 640px) 100vw, 640px\" src=\"data:image\/svg+xml;base64,PHN2ZyB3aWR0aD0iMSIgaGVpZ2h0PSIxIiB4bWxucz0iaHR0cDovL3d3dy53My5vcmcvMjAwMC9zdmciPjwvc3ZnPg==\" style=\"--smush-placeholder-width: 640px; --smush-placeholder-aspect-ratio: 640\/481;\" \/><\/a><\/figure>\n\n\n\n<p>Felizmente, los cinco j\u00f3venes aprobaron tambi\u00e9n este examen y alrededor de las 17.30 salieron juntos a recibir a una gran cantidad de autoridades, familiares y amigos que se hicieron presentes en este acontecimiento hist\u00f3rico para la provincia.<br>El gobernador Gerardo Zamora y la senadora Claudia Abdala de Zamora arribaron al edificio de la Facultad unos minutos antes y esperaron all\u00ed la salida de los flamantes graduados de Medicina, junto al rector de la UNSE, H\u00e9ctor Paz, la ex rectora y actual ministra de Salud, Natividad Nassif, la vicerrectora Marcela Ju\u00e1rez, el decano normalizador Eduardo Allub, y otras autoridades provinciales y universitarias.<\/p>\n\n\n\n<figure class=\"wp-block-image size-large is-resized\"><a href=\"https:\/\/i0.wp.com\/elterritorialweb.com.ar\/web\/wp-content\/uploads\/2022\/08\/IMG-20220805-WA0028.jpg\"><img data-recalc-dims=\"1\" decoding=\"async\" data-src=\"https:\/\/i0.wp.com\/elterritorialweb.com.ar\/web\/wp-content\/uploads\/2022\/08\/IMG-20220805-WA0028.jpg?resize=392%2C871\" alt=\"\" class=\"wp-image-43220 lazyload\" width=\"392\" height=\"871\" data-srcset=\"https:\/\/i0.wp.com\/elterritorialweb.com.ar\/web\/wp-content\/uploads\/2022\/08\/IMG-20220805-WA0028.jpg?resize=461%2C1024 461w, https:\/\/i0.wp.com\/elterritorialweb.com.ar\/web\/wp-content\/uploads\/2022\/08\/IMG-20220805-WA0028.jpg?resize=135%2C300 135w, https:\/\/i0.wp.com\/elterritorialweb.com.ar\/web\/wp-content\/uploads\/2022\/08\/IMG-20220805-WA0028.jpg?w=576 576w\" data-sizes=\"(max-width: 392px) 100vw, 392px\" src=\"data:image\/svg+xml;base64,PHN2ZyB3aWR0aD0iMSIgaGVpZ2h0PSIxIiB4bWxucz0iaHR0cDovL3d3dy53My5vcmcvMjAwMC9zdmciPjwvc3ZnPg==\" style=\"--smush-placeholder-width: 392px; --smush-placeholder-aspect-ratio: 392\/871;\" \/><\/a><\/figure>\n\n\n\n<p>La Facultad de Ciencias M\u00e9dicas fue creada en diciembre del 2014 por el Consejo Superior de la UNSE, y posteriormente la carrera de Medicina. Fue el resultado de meses de gestiones, acompa\u00f1amientos y compromisos compartidos entre la UNSE, Gobierno de Santiago del Estero y de la Naci\u00f3n, legisladores, para hacer realidad el sue\u00f1o de toda una provincia.<\/p>\n","protected":false},"excerpt":{"rendered":"<p>Las bande\u00f1as Tamara Bruno y Cinthia Toledo, los frienses Dami\u00e1n G\u00f3mez y Nahuel Avila y el loretano Daniel Sequeira aprobaron el examen final pr\u00e1ctico y son los primeros graduados de la carrera de Medicina de la Facultad de Ciencias M\u00e9dicas de la Universidad nacional de Santiago del Estero.<\/p>\n","protected":false},"author":2,"featured_media":43223,"comment_status":"open","ping_status":"open","sticky":false,"template":"","format":"standard","meta":{"om_disable_all_campaigns":false,"_monsterinsights_skip_tracking":false,"_monsterinsights_sitenote_active":false,"_monsterinsights_sitenote_note":"","_monsterinsights_sitenote_category":0,"_uf_show_specific_survey":0,"_uf_disable_surveys":false,"jetpack_post_was_ever_published":false,"_jetpack_newsletter_access":"","_jetpack_dont_email_post_to_subs":false,"_jetpack_newsletter_tier_id":0,"_jetpack_memberships_contains_paywalled_content":false,"_jetpack_memberships_contains_paid_content":false,"footnotes":"","jetpack_publicize_message":"","jetpack_publicize_feature_enabled":true,"jetpack_social_post_already_shared":false,"jetpack_social_options":{"image_generator_settings":{"template":"highway","default_image_id":0,"font":"","enabled":false},"version":2}},"categories":[19],"tags":[],"class_list":["post-43219","post","type-post","status-publish","format-standard","has-post-thumbnail","hentry","category-educacion"],"aioseo_notices":[],"views":14,"jetpack_publicize_connections":[],"jetpack_featured_media_url":"https:\/\/i0.wp.com\/elterritorialweb.com.ar\/web\/wp-content\/uploads\/2022\/08\/IMG-20220805-WA0025.jpg?fit=576%2C1280","jetpack_sharing_enabled":true,"_links":{"self":[{"href":"http:\/\/elterritorialweb.com.ar\/web\/wp-json\/wp\/v2\/posts\/43219","targetHints":{"allow":["GET"]}}],"collection":[{"href":"http:\/\/elterritorialweb.com.ar\/web\/wp-json\/wp\/v2\/posts"}],"about":[{"href":"http:\/\/elterritorialweb.com.ar\/web\/wp-json\/wp\/v2\/types\/post"}],"author":[{"embeddable":true,"href":"http:\/\/elterritorialweb.com.ar\/web\/wp-json\/wp\/v2\/users\/2"}],"replies":[{"embeddable":true,"href":"http:\/\/elterritorialweb.com.ar\/web\/wp-json\/wp\/v2\/comments?post=43219"}],"version-history":[{"count":1,"href":"http:\/\/elterritorialweb.com.ar\/web\/wp-json\/wp\/v2\/posts\/43219\/revisions"}],"predecessor-version":[{"id":43224,"href":"http:\/\/elterritorialweb.com.ar\/web\/wp-json\/wp\/v2\/posts\/43219\/revisions\/43224"}],"wp:featuredmedia":[{"embeddable":true,"href":"http:\/\/elterritorialweb.com.ar\/web\/wp-json\/wp\/v2\/media\/43223"}],"wp:attachment":[{"href":"http:\/\/elterritorialweb.com.ar\/web\/wp-json\/wp\/v2\/media?parent=43219"}],"wp:term":[{"taxonomy":"category","embeddable":true,"href":"http:\/\/elterritorialweb.com.ar\/web\/wp-json\/wp\/v2\/categories?post=43219"},{"taxonomy":"post_tag","embeddable":true,"href":"http:\/\/elterritorialweb.com.ar\/web\/wp-json\/wp\/v2\/tags?post=43219"}],"curies":[{"name":"wp","href":"https:\/\/api.w.org\/{rel}","templated":true}]}}