{"id":43225,"date":"2022-08-06T22:23:14","date_gmt":"2022-08-06T22:23:14","guid":{"rendered":"http:\/\/elterritorialweb.com.ar\/web\/?p=43225"},"modified":"2022-08-06T22:23:14","modified_gmt":"2022-08-06T22:23:14","slug":"bahillo-no-va-a-haber-cambios-de-las-reglas-de-juego-hay-que-darle-al-productor-un-marco-de-previsibilidad","status":"publish","type":"post","link":"http:\/\/elterritorialweb.com.ar\/web\/bahillo-no-va-a-haber-cambios-de-las-reglas-de-juego-hay-que-darle-al-productor-un-marco-de-previsibilidad\/","title":{"rendered":"BAHILLO: \u00abNO VA A HABER CAMBIOS DE LAS REGLAS DE JUEGO, HAY QUE DARLE AL PRODUCTOR UN MARCO DE PREVISIBILIDAD\u00bb"},"content":{"rendered":"\n<p><strong>El nuevo secretario de Agricultura, Juan Jos\u00e9 Bahillo, asegur\u00f3 que \u00abno va a haber cambios de las reglas de juego\u00bb para los sectores productivos.<\/strong>\u00a0El nuevo funcionario, que\u00a0<a href=\"http:\/\/elterritorialweb.com.ar\/web\/juan-jose-bahillo-sera-el-nuevo-secretario-de-agricultura\/\" data-type=\"URL\" data-id=\"http:\/\/elterritorialweb.com.ar\/web\/juan-jose-bahillo-sera-el-nuevo-secretario-de-agricultura\/\">fue designado esta semana por el ministro Sergio Massa<\/a>, destac\u00f3 que es importante \u00abdar un marco de previsibilidad\u00bb.<\/p>\n\n\n\n<p><strong>\u00abLo m\u00e1s importante para el productor son las condiciones macroecon\u00f3micas de estabilidad, previsibilidad y qu\u00e9 va a producir, y que con las mismas reglas de juego que siembra en la campa\u00f1a va a cosechar despu\u00e9s del a\u00f1o que viene\u00bb,<\/strong>&nbsp;sostuvo.<\/p>\n\n\n\n<p><strong>\u00abNo va a haber variaciones importantes, ni apropiaci\u00f3n o cambios de las reglas de juego. Tenemos que darles a los productores un marco de previsibilidad\u00bb,<\/strong>&nbsp;afirm\u00f3 en di\u00e1logo con Radio La Red. Tambi\u00e9n adelant\u00f3 que se reunir\u00e1 \u00abseguramente\u00bb la semana que viene con la Mesa de Enlace.<\/p>\n\n\n\n<p><strong>\u00abM\u00e1s all\u00e1 de su importancia y gravitaci\u00f3n, no podemos pensar el desarrollo del sector primario sin el desarrollo armonioso y articulado de todos los sectores productivos del pa\u00eds. Tenemos que armar una agenda productiva con cada sector productivo o cada econom\u00eda regional\u00bb,<\/strong>&nbsp;explic\u00f3 Bahillo.<\/p>\n\n\n\n<p>Sobre las pr\u00f3ximas medidas, asegur\u00f3 que \u00abhay una decisi\u00f3n pol\u00edtica de simplificar el esquema que fij\u00f3 d\u00edas atr\u00e1s el Banco Central de liquidaci\u00f3n de 70\/30\u00bb.&nbsp;<strong>Alent\u00f3 a \u00abque la producci\u00f3n se siga incrementando en los vol\u00famenes para ir saliendo de las cuestiones de las cuotas de equilibrio, porque esto se supera con m\u00e1s producci\u00f3n\u00bb.<\/strong><\/p>\n\n\n\n<p><strong>Por \u00faltimo, el secretario de Agricultura sostuvo que se buscar\u00e1 \u00abincorporar el concepto de cadenas de valor agroindustrial o agroalimentaria,<\/strong>&nbsp;esto acompa\u00f1ado de econom\u00eda del conocimiento, hi-tech, apoyo, y promoci\u00f3n de la agricultura de precisi\u00f3n y de las econom\u00edas regionales\u00bb.<\/p>\n","protected":false},"excerpt":{"rendered":"<p>El nuevo secretario de Agricultura destac\u00f3 que es importante dar un marco de estabilidad y previsibilidad. \u00abEsto se supera con m\u00e1s producci\u00f3n\u00bb, afirm\u00f3.<\/p>\n","protected":false},"author":2,"featured_media":43226,"comment_status":"open","ping_status":"open","sticky":false,"template":"","format":"standard","meta":{"om_disable_all_campaigns":false,"_monsterinsights_skip_tracking":false,"_monsterinsights_sitenote_active":false,"_monsterinsights_sitenote_note":"","_monsterinsights_sitenote_category":0,"_uf_show_specific_survey":0,"_uf_disable_surveys":false,"jetpack_post_was_ever_published":false,"_jetpack_newsletter_access":"","_jetpack_dont_email_post_to_subs":false,"_jetpack_newsletter_tier_id":0,"_jetpack_memberships_contains_paywalled_content":false,"_jetpack_memberships_contains_paid_content":false,"footnotes":"","jetpack_publicize_message":"","jetpack_publicize_feature_enabled":true,"jetpack_social_post_already_shared":false,"jetpack_social_options":{"image_generator_settings":{"template":"highway","default_image_id":0,"font":"","enabled":false},"version":2}},"categories":[18],"tags":[],"class_list":["post-43225","post","type-post","status-publish","format-standard","has-post-thumbnail","hentry","category-politica"],"aioseo_notices":[],"views":5,"jetpack_publicize_connections":[],"jetpack_featured_media_url":"https:\/\/i0.wp.com\/elterritorialweb.com.ar\/web\/wp-content\/uploads\/2022\/08\/BAHILLO-1.jpg?fit=1123%2C629","jetpack_sharing_enabled":true,"_links":{"self":[{"href":"http:\/\/elterritorialweb.com.ar\/web\/wp-json\/wp\/v2\/posts\/43225","targetHints":{"allow":["GET"]}}],"collection":[{"href":"http:\/\/elterritorialweb.com.ar\/web\/wp-json\/wp\/v2\/posts"}],"about":[{"href":"http:\/\/elterritorialweb.com.ar\/web\/wp-json\/wp\/v2\/types\/post"}],"author":[{"embeddable":true,"href":"http:\/\/elterritorialweb.com.ar\/web\/wp-json\/wp\/v2\/users\/2"}],"replies":[{"embeddable":true,"href":"http:\/\/elterritorialweb.com.ar\/web\/wp-json\/wp\/v2\/comments?post=43225"}],"version-history":[{"count":1,"href":"http:\/\/elterritorialweb.com.ar\/web\/wp-json\/wp\/v2\/posts\/43225\/revisions"}],"predecessor-version":[{"id":43227,"href":"http:\/\/elterritorialweb.com.ar\/web\/wp-json\/wp\/v2\/posts\/43225\/revisions\/43227"}],"wp:featuredmedia":[{"embeddable":true,"href":"http:\/\/elterritorialweb.com.ar\/web\/wp-json\/wp\/v2\/media\/43226"}],"wp:attachment":[{"href":"http:\/\/elterritorialweb.com.ar\/web\/wp-json\/wp\/v2\/media?parent=43225"}],"wp:term":[{"taxonomy":"category","embeddable":true,"href":"http:\/\/elterritorialweb.com.ar\/web\/wp-json\/wp\/v2\/categories?post=43225"},{"taxonomy":"post_tag","embeddable":true,"href":"http:\/\/elterritorialweb.com.ar\/web\/wp-json\/wp\/v2\/tags?post=43225"}],"curies":[{"name":"wp","href":"https:\/\/api.w.org\/{rel}","templated":true}]}}