{"id":43228,"date":"2022-08-06T22:47:46","date_gmt":"2022-08-06T22:47:46","guid":{"rendered":"http:\/\/elterritorialweb.com.ar\/web\/?p=43228"},"modified":"2022-08-06T22:47:46","modified_gmt":"2022-08-06T22:47:46","slug":"massa-reunira-a-ministros-para-fijar-las-prioridades-de-inversion-y-el-tope-de-gastos","status":"publish","type":"post","link":"http:\/\/elterritorialweb.com.ar\/web\/massa-reunira-a-ministros-para-fijar-las-prioridades-de-inversion-y-el-tope-de-gastos\/","title":{"rendered":"MASSA REUNIR\u00c1 A MINISTROS PARA FIJAR LAS PRIORIDADES DE INVERSI\u00d3N Y EL TOPE DE GASTOS"},"content":{"rendered":"\n<p>El ministro de Econom\u00eda,\u00a0<strong>Sergio Massa<\/strong>, ratific\u00f3 este s\u00e1bado que cit\u00f3 para el martes a los responsables de administraci\u00f3n de ministerios para darles la\u00a0<strong>programaci\u00f3n hasta fin de a\u00f1o<\/strong>, para que conozcan las\u00a0<strong>prioridades de inversi\u00f3n<\/strong>\u00a0y los\u00a0<strong>techos de gasto<\/strong>, entre otras decisiones, tal como hab\u00eda anticipado el mi\u00e9rcoles durante\u00a0los anuncios de las primeras medidas.<\/p>\n\n\n\n<p>En un hilo de mensajes en Twitter, Massa realiz\u00f3 \u00abun informe de estas primeras 48 horas con la idea de que, m\u00e1s all\u00e1 de cualquier especulaci\u00f3n de terceros, sepan qu\u00e9 estamos haciendo y c\u00f3mo avanzamos\u00bb.<\/p>\n\n\n\n<p>\u00abHemos citado para el d\u00eda martes a todos los y las responsables de administraci\u00f3n de ministerios para darles la programaci\u00f3n hasta fin de a\u00f1o, para que conozcan las prioridades de inversi\u00f3n y los techos de gasto\u00bb, afirm\u00f3.<\/p>\n\n\n\n<p>Seg\u00fan el titular del Palacio de Hacienda, \u00abya comunicamos ambas decisiones;&nbsp;<strong>no habr\u00e1 m\u00e1s emisi\u00f3n para financiamiento hasta fin de a\u00f1o y el lunes iniciamos reintegros al Banco Central<\/strong>\u00ab.<\/p>\n\n\n\n<p>\u00abEmpezamos en coordinaci\u00f3n con todos los sectores de la administraci\u00f3n p\u00fablica la fijaci\u00f3n de topes al ingreso de personal, y a partir del 1\u00b0 de septiembre debe estar publicada con acceso p\u00fablico cada declaraci\u00f3n jurada en la p\u00e1gina de Indec\u00bb, agreg\u00f3.<\/p>\n\n\n\n<figure class=\"wp-block-embed is-type-rich is-provider-twitter wp-block-embed-twitter\"><div class=\"wp-block-embed__wrapper\">\n<blockquote class=\"twitter-tweet\" data-width=\"550\" data-dnt=\"true\"><p lang=\"es\" dir=\"ltr\">Hace 48 horas iniciamos con responsabilidad y compromiso nuestra tarea al frente del ministerio de <a href=\"https:\/\/twitter.com\/Economia_Ar?ref_src=twsrc%5Etfw\">@Economia_Ar<\/a>.<br>Quiero hacerles un informe de estas primeras 48 horas con la idea de que, m\u00e1s all\u00e1 de cualquier especulaci\u00f3n de terceros, sepan qu\u00e9 estamos haciendo y c\u00f3mo avanzamos. <a href=\"https:\/\/t.co\/iVmP54N19P\">pic.twitter.com\/iVmP54N19P<\/a><\/p>&mdash; Sergio Massa (@SergioMassa) <a href=\"https:\/\/twitter.com\/SergioMassa\/status\/1556033505502666764?ref_src=twsrc%5Etfw\">August 6, 2022<\/a><\/blockquote><script async src=\"https:\/\/platform.twitter.com\/widgets.js\" charset=\"utf-8\"><\/script>\n<\/div><\/figure>\n\n\n\n<figure class=\"wp-block-embed is-type-rich is-provider-twitter wp-block-embed-twitter\"><div class=\"wp-block-embed__wrapper\">\n<blockquote class=\"twitter-tweet\" data-width=\"550\" data-dnt=\"true\"><p lang=\"es\" dir=\"ltr\">Hemos citado para el d\u00eda martes a todos los y las responsables de administraci\u00f3n de ministerios para darles la programaci\u00f3n hasta fin de a\u00f1o, para que conozcan las prioridades de inversi\u00f3n y los techos de gasto. <a href=\"https:\/\/t.co\/0dEawHktfW\">pic.twitter.com\/0dEawHktfW<\/a><\/p>&mdash; Sergio Massa (@SergioMassa) <a href=\"https:\/\/twitter.com\/SergioMassa\/status\/1556033535944925185?ref_src=twsrc%5Etfw\">August 6, 2022<\/a><\/blockquote><script async src=\"https:\/\/platform.twitter.com\/widgets.js\" charset=\"utf-8\"><\/script>\n<\/div><\/figure>\n","protected":false},"excerpt":{"rendered":"<p>El encuentro ser\u00e1 el martes en el Palacio de Hacienda. All\u00ed se dar\u00e1 a conocer la programaci\u00f3n hasta fin de a\u00f1o.<\/p>\n","protected":false},"author":2,"featured_media":43229,"comment_status":"open","ping_status":"open","sticky":false,"template":"","format":"standard","meta":{"om_disable_all_campaigns":false,"_monsterinsights_skip_tracking":false,"_monsterinsights_sitenote_active":false,"_monsterinsights_sitenote_note":"","_monsterinsights_sitenote_category":0,"_uf_show_specific_survey":0,"_uf_disable_surveys":false,"jetpack_post_was_ever_published":false,"_jetpack_newsletter_access":"","_jetpack_dont_email_post_to_subs":false,"_jetpack_newsletter_tier_id":0,"_jetpack_memberships_contains_paywalled_content":false,"_jetpack_memberships_contains_paid_content":false,"footnotes":"","jetpack_publicize_message":"","jetpack_publicize_feature_enabled":true,"jetpack_social_post_already_shared":false,"jetpack_social_options":{"image_generator_settings":{"template":"highway","default_image_id":0,"font":"","enabled":false},"version":2}},"categories":[2],"tags":[],"class_list":["post-43228","post","type-post","status-publish","format-standard","has-post-thumbnail","hentry","category-economia"],"aioseo_notices":[],"views":8,"jetpack_publicize_connections":[],"jetpack_featured_media_url":"https:\/\/i0.wp.com\/elterritorialweb.com.ar\/web\/wp-content\/uploads\/2022\/08\/MASSA-CON-MINISTROS.jpg?fit=680%2C445","jetpack_sharing_enabled":true,"_links":{"self":[{"href":"http:\/\/elterritorialweb.com.ar\/web\/wp-json\/wp\/v2\/posts\/43228","targetHints":{"allow":["GET"]}}],"collection":[{"href":"http:\/\/elterritorialweb.com.ar\/web\/wp-json\/wp\/v2\/posts"}],"about":[{"href":"http:\/\/elterritorialweb.com.ar\/web\/wp-json\/wp\/v2\/types\/post"}],"author":[{"embeddable":true,"href":"http:\/\/elterritorialweb.com.ar\/web\/wp-json\/wp\/v2\/users\/2"}],"replies":[{"embeddable":true,"href":"http:\/\/elterritorialweb.com.ar\/web\/wp-json\/wp\/v2\/comments?post=43228"}],"version-history":[{"count":1,"href":"http:\/\/elterritorialweb.com.ar\/web\/wp-json\/wp\/v2\/posts\/43228\/revisions"}],"predecessor-version":[{"id":43230,"href":"http:\/\/elterritorialweb.com.ar\/web\/wp-json\/wp\/v2\/posts\/43228\/revisions\/43230"}],"wp:featuredmedia":[{"embeddable":true,"href":"http:\/\/elterritorialweb.com.ar\/web\/wp-json\/wp\/v2\/media\/43229"}],"wp:attachment":[{"href":"http:\/\/elterritorialweb.com.ar\/web\/wp-json\/wp\/v2\/media?parent=43228"}],"wp:term":[{"taxonomy":"category","embeddable":true,"href":"http:\/\/elterritorialweb.com.ar\/web\/wp-json\/wp\/v2\/categories?post=43228"},{"taxonomy":"post_tag","embeddable":true,"href":"http:\/\/elterritorialweb.com.ar\/web\/wp-json\/wp\/v2\/tags?post=43228"}],"curies":[{"name":"wp","href":"https:\/\/api.w.org\/{rel}","templated":true}]}}