{"id":43231,"date":"2022-08-07T11:50:07","date_gmt":"2022-08-07T11:50:07","guid":{"rendered":"http:\/\/elterritorialweb.com.ar\/web\/?p=43231"},"modified":"2022-08-07T11:50:08","modified_gmt":"2022-08-07T11:50:08","slug":"con-un-messi-brillante-el-paris-saint-germain-goleo-al-clermont","status":"publish","type":"post","link":"http:\/\/elterritorialweb.com.ar\/web\/con-un-messi-brillante-el-paris-saint-germain-goleo-al-clermont\/","title":{"rendered":"CON UN MESSI BRILLANTE, EL PAR\u00cdS SAINT GERMAIN GOLE\u00d3 AL CLERMONT"},"content":{"rendered":"\n<p>El astro argentino Lionel Messi brill\u00f3 y cerr\u00f3 con un doblete la goleada de Paris Saint Germain por 5 a 0 sobre Clermont, como visitante, en uno de los dos partidos que pusieron en marcha este s\u00e1bado la Ligue 1 de f\u00fatbol de Francia.<\/p>\n\n\n\n<p>Messi, que jug\u00f3 en un muy buen nivel a lo largo de todo el encuentro, marc\u00f3 su primer tanto a los 35 minutos del segundo tiempo luego de conducir un contragolpe y armar una buena pared en el \u00e1rea con su gran socio, el brasile\u00f1o Neymar Jr.<\/p>\n\n\n\n<figure class=\"wp-block-image size-full is-resized\"><a href=\"https:\/\/i0.wp.com\/elterritorialweb.com.ar\/web\/wp-content\/uploads\/2022\/08\/16598181943130.jpg\"><img data-recalc-dims=\"1\" decoding=\"async\" data-src=\"https:\/\/i0.wp.com\/elterritorialweb.com.ar\/web\/wp-content\/uploads\/2022\/08\/16598181943130.jpg?resize=385%2C256\" alt=\"\" class=\"wp-image-43235 lazyload\" width=\"385\" height=\"256\" data-srcset=\"https:\/\/i0.wp.com\/elterritorialweb.com.ar\/web\/wp-content\/uploads\/2022\/08\/16598181943130.jpg?w=414 414w, https:\/\/i0.wp.com\/elterritorialweb.com.ar\/web\/wp-content\/uploads\/2022\/08\/16598181943130.jpg?resize=300%2C200 300w\" data-sizes=\"(max-width: 385px) 100vw, 385px\" src=\"data:image\/svg+xml;base64,PHN2ZyB3aWR0aD0iMSIgaGVpZ2h0PSIxIiB4bWxucz0iaHR0cDovL3d3dy53My5vcmcvMjAwMC9zdmciPjwvc3ZnPg==\" style=\"--smush-placeholder-width: 385px; --smush-placeholder-aspect-ratio: 385\/256;\" \/><\/a><\/figure>\n\n\n\n<p>Y a los 41m, tras recibir un buen pase en profundidad de Leandro Paredes (entr\u00f3 en el complemento),&nbsp;<strong>la par\u00f3 de pecho y defini\u00f3 de chilena sobre la cabeza del arquero Mory Diaw<\/strong>.<\/p>\n\n\n\n<p>Los otros goles del conjunto parisino fueron del propio Neymar (9m PT, luego de un control impreciso de Messi), el lateral marroqu\u00ed Achraf Hakimi (26m PT) y el brasile\u00f1o Marquinhos (38m PT).<\/p>\n\n\n\n<p>Paredes, lo dicho, ingres\u00f3 en el complemento mientras todav\u00eda hay rumores de su pase a la Juventus de Italia, y Mauro Icardi no estuvo entre los convocados por problemas personales. En PSG, respecto de la pasada temporada, ya no est\u00e1n \u00c1ngel Di Mar\u00eda (se fue justamente a la \u00abJuve\u00bb) ni el DT Mauricio Pochettino.<\/p>\n\n\n\n<figure class=\"wp-block-image size-full\"><a href=\"https:\/\/i0.wp.com\/elterritorialweb.com.ar\/web\/wp-content\/uploads\/2022\/08\/16598214165351.jpg\"><img data-recalc-dims=\"1\" decoding=\"async\" width=\"640\" height=\"360\" data-src=\"https:\/\/i0.wp.com\/elterritorialweb.com.ar\/web\/wp-content\/uploads\/2022\/08\/16598214165351.jpg?resize=640%2C360\" alt=\"\" class=\"wp-image-43234 lazyload\" data-srcset=\"https:\/\/i0.wp.com\/elterritorialweb.com.ar\/web\/wp-content\/uploads\/2022\/08\/16598214165351.jpg?w=660 660w, https:\/\/i0.wp.com\/elterritorialweb.com.ar\/web\/wp-content\/uploads\/2022\/08\/16598214165351.jpg?resize=300%2C169 300w\" data-sizes=\"(max-width: 640px) 100vw, 640px\" src=\"data:image\/svg+xml;base64,PHN2ZyB3aWR0aD0iMSIgaGVpZ2h0PSIxIiB4bWxucz0iaHR0cDovL3d3dy53My5vcmcvMjAwMC9zdmciPjwvc3ZnPg==\" style=\"--smush-placeholder-width: 640px; --smush-placeholder-aspect-ratio: 640\/360;\" \/><\/a><\/figure>\n\n\n\n<p>A poco m\u00e1s de tres meses para inicio del Mundial de Qatar 2022, el crack rosarino empez\u00f3 de la mejor manera el torneo franc\u00e9s y alimenta las ilusiones de la Argentina.<\/p>\n\n\n\n<p>PSG, que ven\u00eda de ganar la Supercopa de Francia con otra goleada, 4-0 a Nantes (uno de Messi), y buscar\u00e1 saldar la deuda de la Champions, en la segunda jornada recibir\u00e1 a Montpellier.<\/p>\n\n\n\n<p>En el otro encuentro jugado hoy por la fecha inicial de la Ligue 1, Monaco se impuso de visitante a Strasbourg por 1 a 0.<\/p>\n\n\n\n<figure class=\"wp-block-image size-full\"><a href=\"https:\/\/i0.wp.com\/elterritorialweb.com.ar\/web\/wp-content\/uploads\/2022\/08\/62eed94876c9e.jpeg\"><img data-recalc-dims=\"1\" decoding=\"async\" width=\"640\" height=\"320\" data-src=\"https:\/\/i0.wp.com\/elterritorialweb.com.ar\/web\/wp-content\/uploads\/2022\/08\/62eed94876c9e.jpeg?resize=640%2C320\" alt=\"\" class=\"wp-image-43233 lazyload\" data-srcset=\"https:\/\/i0.wp.com\/elterritorialweb.com.ar\/web\/wp-content\/uploads\/2022\/08\/62eed94876c9e.jpeg?w=950 950w, https:\/\/i0.wp.com\/elterritorialweb.com.ar\/web\/wp-content\/uploads\/2022\/08\/62eed94876c9e.jpeg?resize=300%2C150 300w, https:\/\/i0.wp.com\/elterritorialweb.com.ar\/web\/wp-content\/uploads\/2022\/08\/62eed94876c9e.jpeg?resize=768%2C384 768w\" data-sizes=\"(max-width: 640px) 100vw, 640px\" src=\"data:image\/svg+xml;base64,PHN2ZyB3aWR0aD0iMSIgaGVpZ2h0PSIxIiB4bWxucz0iaHR0cDovL3d3dy53My5vcmcvMjAwMC9zdmciPjwvc3ZnPg==\" style=\"--smush-placeholder-width: 640px; --smush-placeholder-aspect-ratio: 640\/320;\" \/><\/a><\/figure>\n\n\n\n<p>Este domingo completar\u00e1n Toulouse-Niza, Montpellier-Troyes, Angers-Nantes, Lille-Auxerre, Lens-Brest, Rennes-Lorient, Marsella-Reims.<\/p>\n","protected":false},"excerpt":{"rendered":"<p>Tras un contundente primer tiempo en el que el equipo parisino se impon\u00eda por 3-0 (Neymar a los &#8216;9, Hakimi a los 26&#8217;, Marquinhos a los &#8217;38), el complemento fue todo del astro argentino, que marc\u00f3 a los &#8217;80 y &#8217;86 para sellar el 5-0 final.<\/p>\n","protected":false},"author":2,"featured_media":43232,"comment_status":"open","ping_status":"open","sticky":false,"template":"","format":"standard","meta":{"om_disable_all_campaigns":false,"_monsterinsights_skip_tracking":false,"_monsterinsights_sitenote_active":false,"_monsterinsights_sitenote_note":"","_monsterinsights_sitenote_category":0,"_uf_show_specific_survey":0,"_uf_disable_surveys":false,"jetpack_post_was_ever_published":false,"_jetpack_newsletter_access":"","_jetpack_dont_email_post_to_subs":false,"_jetpack_newsletter_tier_id":0,"_jetpack_memberships_contains_paywalled_content":false,"_jetpack_memberships_contains_paid_content":false,"footnotes":"","jetpack_publicize_message":"","jetpack_publicize_feature_enabled":true,"jetpack_social_post_already_shared":false,"jetpack_social_options":{"image_generator_settings":{"template":"highway","default_image_id":0,"font":"","enabled":false},"version":2}},"categories":[6],"tags":[],"class_list":["post-43231","post","type-post","status-publish","format-standard","has-post-thumbnail","hentry","category-deportes"],"aioseo_notices":[],"views":14,"jetpack_publicize_connections":[],"jetpack_featured_media_url":"https:\/\/i0.wp.com\/elterritorialweb.com.ar\/web\/wp-content\/uploads\/2022\/08\/wbuKB4c7B_340x340__1.jpg?fit=340%2C340","jetpack_sharing_enabled":true,"_links":{"self":[{"href":"http:\/\/elterritorialweb.com.ar\/web\/wp-json\/wp\/v2\/posts\/43231","targetHints":{"allow":["GET"]}}],"collection":[{"href":"http:\/\/elterritorialweb.com.ar\/web\/wp-json\/wp\/v2\/posts"}],"about":[{"href":"http:\/\/elterritorialweb.com.ar\/web\/wp-json\/wp\/v2\/types\/post"}],"author":[{"embeddable":true,"href":"http:\/\/elterritorialweb.com.ar\/web\/wp-json\/wp\/v2\/users\/2"}],"replies":[{"embeddable":true,"href":"http:\/\/elterritorialweb.com.ar\/web\/wp-json\/wp\/v2\/comments?post=43231"}],"version-history":[{"count":1,"href":"http:\/\/elterritorialweb.com.ar\/web\/wp-json\/wp\/v2\/posts\/43231\/revisions"}],"predecessor-version":[{"id":43236,"href":"http:\/\/elterritorialweb.com.ar\/web\/wp-json\/wp\/v2\/posts\/43231\/revisions\/43236"}],"wp:featuredmedia":[{"embeddable":true,"href":"http:\/\/elterritorialweb.com.ar\/web\/wp-json\/wp\/v2\/media\/43232"}],"wp:attachment":[{"href":"http:\/\/elterritorialweb.com.ar\/web\/wp-json\/wp\/v2\/media?parent=43231"}],"wp:term":[{"taxonomy":"category","embeddable":true,"href":"http:\/\/elterritorialweb.com.ar\/web\/wp-json\/wp\/v2\/categories?post=43231"},{"taxonomy":"post_tag","embeddable":true,"href":"http:\/\/elterritorialweb.com.ar\/web\/wp-json\/wp\/v2\/tags?post=43231"}],"curies":[{"name":"wp","href":"https:\/\/api.w.org\/{rel}","templated":true}]}}