{"id":43237,"date":"2022-08-07T13:24:58","date_gmt":"2022-08-07T13:24:58","guid":{"rendered":"http:\/\/elterritorialweb.com.ar\/web\/?p=43237"},"modified":"2022-08-07T14:55:59","modified_gmt":"2022-08-07T14:55:59","slug":"comicios-santiago-elige-intendentes-y-concejales","status":"publish","type":"post","link":"http:\/\/elterritorialweb.com.ar\/web\/comicios-santiago-elige-intendentes-y-concejales\/","title":{"rendered":"SANTIAGO DEL ESTERO ELIGE INTENDENTES Y CONCEJALES"},"content":{"rendered":"\n<p>Los dos municipios santiague\u00f1os que est\u00e1n exceptuados de las elecciones son Clodomira y Villa Atamisqui porque tuvieron sus comicios el a\u00f1o pasado.<\/p>\n\n\n\n<p>As\u00ed, en las comunas de primera categor\u00eda, Capital, Las Termas, Fr\u00edas y A\u00f1atuya, se vota intendente y 12 concejales, mientras que en La Banda se vota adem\u00e1s viceintendente y defensor del Pueblo.<\/p>\n\n\n\n<p>En las comunas de segunda categor\u00eda, Quimil\u00ed, Fern\u00e1ndez, Loreto, Monte Quemado, se elige intendente y 9 concejales; mientras que en las de tercera categor\u00eda, Bandera, Beltr\u00e1n, Campo Gallo, Colonia Dora, Forres, Los Jur\u00edes, Los Telares, Nueva Esperanza, Pampa de los Guanacos, Pinto, Pozo Hondo, Selva, Sumampa, Suncho Corral, Tintina, San Pedro de Guasay\u00e1ny Villa Ojo de Agua, se votar\u00e1 intendente y seis concejales.<\/p>\n\n\n\n<p>Desde tempranas horas de la madrugada, Correo Argentino inici\u00f3 el operativo log\u00edstico por el que movilizar\u00e1 durante toda la jornada 220 veh\u00edculos en el territorio provincial para el traslado de las urnas, as\u00ed como tambi\u00e9n el repliegue de los telegramas al finalizar la elecci\u00f3n.<\/p>\n\n\n\n<p>El operativo dispone que un trabajador del Correo Oficial realice la entrega de cada urna a cada presidente de mesa designado para que inicie el proceso electoral, inform\u00f3 la empresa en un comunicado.<\/p>\n\n\n\n<p>La entrega de urnas y material electoral \u00abse desarroll\u00f3 en total normalidad, permitiendo que se habilite la elecci\u00f3n al comienzo de la jornada\u00bb.<\/p>\n\n\n\n<p>Al finalizar el comicio, en tanto, el Correo pondr\u00e1 a disposici\u00f3n \u00ab28 sucursales electorales en toda la provincia desde donde se transmitir\u00e1n los telegramas escaneados a la sede central operativa ubicada en la Capital provincial para realizar el escrutinio provisorio\u00bb.<\/p>\n\n\n\n<p>Este proceso ya realizado en anteriores elecciones nacionales \u00abpermite conocer los datos de manera m\u00e1s \u00e1gil y eficaz\u00bb, se destac\u00f3.<\/p>\n","protected":false},"excerpt":{"rendered":"<p>M\u00e1s de 578 mil santiague\u00f1os votan intendentes y concejales en 26 municipios de la provincia.<\/p>\n","protected":false},"author":2,"featured_media":43238,"comment_status":"open","ping_status":"open","sticky":false,"template":"","format":"standard","meta":{"om_disable_all_campaigns":false,"_monsterinsights_skip_tracking":false,"_monsterinsights_sitenote_active":false,"_monsterinsights_sitenote_note":"","_monsterinsights_sitenote_category":0,"_uf_show_specific_survey":0,"_uf_disable_surveys":false,"jetpack_post_was_ever_published":false,"_jetpack_newsletter_access":"","_jetpack_dont_email_post_to_subs":false,"_jetpack_newsletter_tier_id":0,"_jetpack_memberships_contains_paywalled_content":false,"_jetpack_memberships_contains_paid_content":false,"footnotes":"","jetpack_publicize_message":"","jetpack_publicize_feature_enabled":true,"jetpack_social_post_already_shared":false,"jetpack_social_options":{"image_generator_settings":{"template":"highway","default_image_id":0,"font":"","enabled":false},"version":2}},"categories":[4,21],"tags":[],"class_list":["post-43237","post","type-post","status-publish","format-standard","has-post-thumbnail","hentry","category-destacadas","category-locales"],"aioseo_notices":[],"views":16,"jetpack_publicize_connections":[],"jetpack_featured_media_url":"https:\/\/i0.wp.com\/elterritorialweb.com.ar\/web\/wp-content\/uploads\/2022\/08\/elecciones-santiago-del-esterojpgwebp.png?fit=1200%2C675","jetpack_sharing_enabled":true,"_links":{"self":[{"href":"http:\/\/elterritorialweb.com.ar\/web\/wp-json\/wp\/v2\/posts\/43237","targetHints":{"allow":["GET"]}}],"collection":[{"href":"http:\/\/elterritorialweb.com.ar\/web\/wp-json\/wp\/v2\/posts"}],"about":[{"href":"http:\/\/elterritorialweb.com.ar\/web\/wp-json\/wp\/v2\/types\/post"}],"author":[{"embeddable":true,"href":"http:\/\/elterritorialweb.com.ar\/web\/wp-json\/wp\/v2\/users\/2"}],"replies":[{"embeddable":true,"href":"http:\/\/elterritorialweb.com.ar\/web\/wp-json\/wp\/v2\/comments?post=43237"}],"version-history":[{"count":4,"href":"http:\/\/elterritorialweb.com.ar\/web\/wp-json\/wp\/v2\/posts\/43237\/revisions"}],"predecessor-version":[{"id":43245,"href":"http:\/\/elterritorialweb.com.ar\/web\/wp-json\/wp\/v2\/posts\/43237\/revisions\/43245"}],"wp:featuredmedia":[{"embeddable":true,"href":"http:\/\/elterritorialweb.com.ar\/web\/wp-json\/wp\/v2\/media\/43238"}],"wp:attachment":[{"href":"http:\/\/elterritorialweb.com.ar\/web\/wp-json\/wp\/v2\/media?parent=43237"}],"wp:term":[{"taxonomy":"category","embeddable":true,"href":"http:\/\/elterritorialweb.com.ar\/web\/wp-json\/wp\/v2\/categories?post=43237"},{"taxonomy":"post_tag","embeddable":true,"href":"http:\/\/elterritorialweb.com.ar\/web\/wp-json\/wp\/v2\/tags?post=43237"}],"curies":[{"name":"wp","href":"https:\/\/api.w.org\/{rel}","templated":true}]}}