{"id":43251,"date":"2022-08-07T15:11:04","date_gmt":"2022-08-07T15:11:04","guid":{"rendered":"http:\/\/elterritorialweb.com.ar\/web\/?p=43251"},"modified":"2022-08-07T16:08:04","modified_gmt":"2022-08-07T16:08:04","slug":"nediani-voto-e-insto-a-los-bandenos-a-renovar-sus-esperanzas-a-traves-del-acto-eleccionario","status":"publish","type":"post","link":"http:\/\/elterritorialweb.com.ar\/web\/nediani-voto-e-insto-a-los-bandenos-a-renovar-sus-esperanzas-a-traves-del-acto-eleccionario\/","title":{"rendered":"NEDIANI VOT\u00d3 E INST\u00d3 A LOS BANDE\u00d1OS A RENOVAR SUS ESPERANZAS A TRAV\u00c9S DEL ACTO ELECCIONARIO"},"content":{"rendered":"\n<p>Luego de cumplir con su deber c\u00edvico, Nediani destac\u00f3 lo siguiente: \u00abEn un principio estoy muy contento porque el acto eleccionario se est\u00e1 desarrollando con normalidad, obviamente siempre hay alg\u00fan tipo de inconvenientes sobre todo en la apertura de las mesas que se demoran un poco ya que en algunas escuelas faltaron los presidentes y presidentes suplentes pero es un tema que se fue normalizando durante la ma\u00f1ana \u00ab.<br>Agreg\u00f3: \u00abLas expectativas para estas elecciones son las mejores. Uno cuando concurre a sufragar renueva las esperanzas, mejora las espectativas, adem\u00e1s tenemos centradas nuestras espectativas en seguir mejorando la ciudad.<br>Hay que tener en cuenta que se est\u00e1n votando en 36 establecimientos con 274 mesas y todo marcha normal. As\u00ed que pedirle a los vecinos que vayan a votar ya que el voto no s\u00f3lo es una obligaci\u00f3n sino tambi\u00e9n un derecho que tenemos como ciudadanos, es un momento donde podemos expresar lo que queremos, lo que deseamos y quienes ser\u00e1n los candidatos que van a cumplir con los anhelos de la gran mayor\u00eda del pueblo\u00bb.<\/p>\n","protected":false},"excerpt":{"rendered":"<p>El candidato a intendente de la Lista 505 del Frente Renovador y Progresista, Roger Nediani, emiti\u00f3 su voto durante la ma\u00f1ana de este domingo en el Colegio Mater Dei de la ciudad de La Banda.<\/p>\n","protected":false},"author":2,"featured_media":43252,"comment_status":"open","ping_status":"open","sticky":false,"template":"","format":"standard","meta":{"om_disable_all_campaigns":false,"_monsterinsights_skip_tracking":false,"_monsterinsights_sitenote_active":false,"_monsterinsights_sitenote_note":"","_monsterinsights_sitenote_category":0,"_uf_show_specific_survey":0,"_uf_disable_surveys":false,"jetpack_post_was_ever_published":false,"_jetpack_newsletter_access":"","_jetpack_dont_email_post_to_subs":false,"_jetpack_newsletter_tier_id":0,"_jetpack_memberships_contains_paywalled_content":false,"_jetpack_memberships_contains_paid_content":false,"footnotes":"","jetpack_publicize_message":"","jetpack_publicize_feature_enabled":true,"jetpack_social_post_already_shared":false,"jetpack_social_options":{"image_generator_settings":{"template":"highway","default_image_id":0,"font":"","enabled":false},"version":2}},"categories":[21],"tags":[],"class_list":["post-43251","post","type-post","status-publish","format-standard","has-post-thumbnail","hentry","category-locales"],"aioseo_notices":[],"views":8,"jetpack_publicize_connections":[],"jetpack_featured_media_url":"https:\/\/i0.wp.com\/elterritorialweb.com.ar\/web\/wp-content\/uploads\/2022\/08\/WhatsApp-Image-2022-08-07-at-3.51.36-PM.jpeg?fit=1280%2C850","jetpack_sharing_enabled":true,"_links":{"self":[{"href":"http:\/\/elterritorialweb.com.ar\/web\/wp-json\/wp\/v2\/posts\/43251","targetHints":{"allow":["GET"]}}],"collection":[{"href":"http:\/\/elterritorialweb.com.ar\/web\/wp-json\/wp\/v2\/posts"}],"about":[{"href":"http:\/\/elterritorialweb.com.ar\/web\/wp-json\/wp\/v2\/types\/post"}],"author":[{"embeddable":true,"href":"http:\/\/elterritorialweb.com.ar\/web\/wp-json\/wp\/v2\/users\/2"}],"replies":[{"embeddable":true,"href":"http:\/\/elterritorialweb.com.ar\/web\/wp-json\/wp\/v2\/comments?post=43251"}],"version-history":[{"count":2,"href":"http:\/\/elterritorialweb.com.ar\/web\/wp-json\/wp\/v2\/posts\/43251\/revisions"}],"predecessor-version":[{"id":43255,"href":"http:\/\/elterritorialweb.com.ar\/web\/wp-json\/wp\/v2\/posts\/43251\/revisions\/43255"}],"wp:featuredmedia":[{"embeddable":true,"href":"http:\/\/elterritorialweb.com.ar\/web\/wp-json\/wp\/v2\/media\/43252"}],"wp:attachment":[{"href":"http:\/\/elterritorialweb.com.ar\/web\/wp-json\/wp\/v2\/media?parent=43251"}],"wp:term":[{"taxonomy":"category","embeddable":true,"href":"http:\/\/elterritorialweb.com.ar\/web\/wp-json\/wp\/v2\/categories?post=43251"},{"taxonomy":"post_tag","embeddable":true,"href":"http:\/\/elterritorialweb.com.ar\/web\/wp-json\/wp\/v2\/tags?post=43251"}],"curies":[{"name":"wp","href":"https:\/\/api.w.org\/{rel}","templated":true}]}}