{"id":43265,"date":"2022-08-08T02:41:23","date_gmt":"2022-08-08T02:41:23","guid":{"rendered":"http:\/\/elterritorialweb.com.ar\/web\/?p=43265"},"modified":"2022-08-08T02:45:41","modified_gmt":"2022-08-08T02:45:41","slug":"zamora-la-ciudadania-se-expreso-nuevamente-en-las-urnas-en-paz-y-con-respeto","status":"publish","type":"post","link":"http:\/\/elterritorialweb.com.ar\/web\/zamora-la-ciudadania-se-expreso-nuevamente-en-las-urnas-en-paz-y-con-respeto\/","title":{"rendered":"ZAMORA: \u00abLA CIUDADAN\u00cdA SE EXPRESO NUEVAMENTE EN LAS URNAS EN PAZ Y CON RESPETO\u00bb"},"content":{"rendered":"\n<p>Ante un nutrido n\u00famero de militantes, e<strong>l gobernador Gerardo Zamora habl\u00f3 en la sede del Frente C\u00edvico en Rivadavia y Col\u00f3n<\/strong>. A la vez que felicit\u00f3 a la ciudadan\u00eda, a los candidatos y a los espacios pol\u00edticos por la elecci\u00f3n. Por otra parte, y a trav\u00e9s de sus redes sociales tambi\u00e9n se expres\u00f3, valorando la jornada c\u00edvica, que signific\u00f3 el fortalecimiento de la democracia.<\/p>\n\n\n\n<p>\u201cFelicitaciones a toda la ciudadan\u00eda, que se expres\u00f3 nuevamente en las urnas en paz y con respeto, en las distintas ciudades que hoy realizaron elecciones municipales en nuestra provincia. Felicitaciones a quienes resultaron electos para gobernar los destinos de sus municipios por lo pr\u00f3ximos 4 a\u00f1os. En ese sentido: un abrazo a todos los candidatos de nuestro espacio pol\u00edtico que triunfaron en 25 municipios de los 26 que concurrieron a las urnas -empezando por el de la Ciudad Capital, lo que significar\u00e1 la continuidad de la Ing. Norma Fuentes, bajo una impronta que est\u00e1 poniendo a la Madre de Ciudades en un lugar importante dentro de las capitales de provincia de nuestro pa\u00eds- . Y en igual \u00a0sentido, felicitaciones al actual intendente de La Banda, que desde el Frente Renovador, retuvo \u00a0la intendencia para ese espacio pol\u00edtico\u201d, se\u00f1al\u00f3.<\/p>\n\n\n\n<p>Por otra parte, Zamora agradeci\u00f3 a \u201c\u201dlos militantes pol\u00edticos del Frente Civico por Santiago, por el apoyo y el esfuerzo realizado\u201d. \u201cY mis respetos y felicitaciones a los de todas las dem\u00e1s expresiones pol\u00edticas, que llevaron adelante sus propuestas en estos comicios. Mi compromiso inclaudicable de seguir trabajando con todas mis fuerzas y junto a todos. Que Dios nos gu\u00ede e ilumine siempre, a todos los santiague\u00f1os\u201d, puntualiz\u00f3.<\/p>\n","protected":false},"excerpt":{"rendered":"<p>El gobernador Gerardo Zamora, tambi\u00e9n felicit\u00f3 a los candidatos que participaron en este acto eleccionario.<\/p>\n","protected":false},"author":2,"featured_media":43266,"comment_status":"open","ping_status":"open","sticky":false,"template":"","format":"standard","meta":{"om_disable_all_campaigns":false,"_monsterinsights_skip_tracking":false,"_monsterinsights_sitenote_active":false,"_monsterinsights_sitenote_note":"","_monsterinsights_sitenote_category":0,"_uf_show_specific_survey":0,"_uf_disable_surveys":false,"jetpack_post_was_ever_published":false,"_jetpack_newsletter_access":"","_jetpack_dont_email_post_to_subs":false,"_jetpack_newsletter_tier_id":0,"_jetpack_memberships_contains_paywalled_content":false,"_jetpack_memberships_contains_paid_content":false,"footnotes":"","jetpack_publicize_message":"","jetpack_publicize_feature_enabled":true,"jetpack_social_post_already_shared":false,"jetpack_social_options":{"image_generator_settings":{"template":"highway","default_image_id":0,"font":"","enabled":false},"version":2}},"categories":[4,21],"tags":[],"class_list":["post-43265","post","type-post","status-publish","format-standard","has-post-thumbnail","hentry","category-destacadas","category-locales"],"aioseo_notices":[],"views":8,"jetpack_publicize_connections":[],"jetpack_featured_media_url":"https:\/\/i0.wp.com\/elterritorialweb.com.ar\/web\/wp-content\/uploads\/2022\/08\/zamora-elecciones.jpg?fit=951%2C735","jetpack_sharing_enabled":true,"_links":{"self":[{"href":"http:\/\/elterritorialweb.com.ar\/web\/wp-json\/wp\/v2\/posts\/43265","targetHints":{"allow":["GET"]}}],"collection":[{"href":"http:\/\/elterritorialweb.com.ar\/web\/wp-json\/wp\/v2\/posts"}],"about":[{"href":"http:\/\/elterritorialweb.com.ar\/web\/wp-json\/wp\/v2\/types\/post"}],"author":[{"embeddable":true,"href":"http:\/\/elterritorialweb.com.ar\/web\/wp-json\/wp\/v2\/users\/2"}],"replies":[{"embeddable":true,"href":"http:\/\/elterritorialweb.com.ar\/web\/wp-json\/wp\/v2\/comments?post=43265"}],"version-history":[{"count":2,"href":"http:\/\/elterritorialweb.com.ar\/web\/wp-json\/wp\/v2\/posts\/43265\/revisions"}],"predecessor-version":[{"id":43268,"href":"http:\/\/elterritorialweb.com.ar\/web\/wp-json\/wp\/v2\/posts\/43265\/revisions\/43268"}],"wp:featuredmedia":[{"embeddable":true,"href":"http:\/\/elterritorialweb.com.ar\/web\/wp-json\/wp\/v2\/media\/43266"}],"wp:attachment":[{"href":"http:\/\/elterritorialweb.com.ar\/web\/wp-json\/wp\/v2\/media?parent=43265"}],"wp:term":[{"taxonomy":"category","embeddable":true,"href":"http:\/\/elterritorialweb.com.ar\/web\/wp-json\/wp\/v2\/categories?post=43265"},{"taxonomy":"post_tag","embeddable":true,"href":"http:\/\/elterritorialweb.com.ar\/web\/wp-json\/wp\/v2\/tags?post=43265"}],"curies":[{"name":"wp","href":"https:\/\/api.w.org\/{rel}","templated":true}]}}