{"id":43269,"date":"2022-08-08T02:50:08","date_gmt":"2022-08-08T02:50:08","guid":{"rendered":"http:\/\/elterritorialweb.com.ar\/web\/?p=43269"},"modified":"2022-08-08T02:51:34","modified_gmt":"2022-08-08T02:51:34","slug":"los-bandenos-eligieron-a-nediani-como-nuevo-intendente-de-la-ciudad","status":"publish","type":"post","link":"http:\/\/elterritorialweb.com.ar\/web\/los-bandenos-eligieron-a-nediani-como-nuevo-intendente-de-la-ciudad\/","title":{"rendered":"LOS BANDE\u00d1OS ELIGIERON A NEDIANI COMO NUEVO INTENDENTE DE LA CIUDAD"},"content":{"rendered":"\n<p>Tras una jornada electoral ardua en la que alrededor de 70% del padr\u00f3n electoral de la ciudad de La Banda tuvo activa participaci\u00f3n se confirm\u00f3 el triunfo de la f\u00f3rmula de Roger Nediani y Gabriel Santill\u00e1n quienes iniciar\u00e1n sus gestiones al frente del Departamento Ejecutivo Municipal y el Concejo Deliberante respectivamente.<br>Al oficializar la victoria, Nediani presidi\u00f3 un acto en el que manifest\u00f3: \u201cEsta es una jornada hist\u00f3rica para los bande\u00f1os en la que quiero manifestar todo mi agradecimiento a las fuerzas pol\u00edticas que nos acompa\u00f1aron como Libres del Sur, el Partido del Trabajo y la Equidad, las diversas agrupaciones de bases peronistas y radicales que se sumaron a la apertura del Frente Renovador a las diferentes ideolog\u00edas. Tambi\u00e9n agradecemos a cada fiscal de mesa y generales que trabajaron en defensa de la democracia\u201d.<br>Agreg\u00f3: \u201cNos comprometemos a continuar trabajando en el crecimiento de la ciudad en el avance de las obras de infraestructura que tanto necesitan la ciudad, como as\u00ed tambi\u00e9n de la igualdad de distribuci\u00f3n de los recursos municipales en cada barrio\u201d.<br>\u201cNo Quiero dejar de agradecer a Pablo Mirolo con quien estuvimos trabajando intensamente desde el 2014 por el progreso y el crecimiento de todos los bande\u00f1os. Agradezco su confianza y su compromiso por continuar trabajando en beneficio de la ciudad desde su nuevo cargo como vicepresidente de Trenes Argentinos\u201d, se\u00f1al\u00f3.<br>\u201cTambi\u00e9n no quiero dejar de agradecer al m\u00e1ximo referente del Frente Renovador a nivel nacional, a quien le decimos que este triunfo del Frente Renovador en La Banda es el triunfo de nuestro espacio a nivel provincial\u201d, agreg\u00f3.<br>\u201cDe igual manera destac\u00f3 el apoyo de mi esposa Viviana, de mis hijos que me han apoyado desde el inicio de la campa\u00f1a, han estado en cada paso d\u00e1ndome aliento, sin ellos nada de esto ser\u00eda posible\u201d, finaliz\u00f3.<\/p>\n","protected":false},"excerpt":{"rendered":"<p>El candidato por el Frente Renovador y Progresista, Roger El\u00edas Nediani, se consolid\u00f3 como el nuevo intendente de la ciudad de La Banda con un amplio porcentaje de votantes que determinaron su continuidad al frente del municipio.<\/p>\n","protected":false},"author":2,"featured_media":43270,"comment_status":"open","ping_status":"open","sticky":false,"template":"","format":"standard","meta":{"om_disable_all_campaigns":false,"_monsterinsights_skip_tracking":false,"_monsterinsights_sitenote_active":false,"_monsterinsights_sitenote_note":"","_monsterinsights_sitenote_category":0,"_uf_show_specific_survey":0,"_uf_disable_surveys":false,"jetpack_post_was_ever_published":false,"_jetpack_newsletter_access":"","_jetpack_dont_email_post_to_subs":false,"_jetpack_newsletter_tier_id":0,"_jetpack_memberships_contains_paywalled_content":false,"_jetpack_memberships_contains_paid_content":false,"footnotes":"","jetpack_publicize_message":"","jetpack_publicize_feature_enabled":true,"jetpack_social_post_already_shared":false,"jetpack_social_options":{"image_generator_settings":{"template":"highway","default_image_id":0,"font":"","enabled":false},"version":2}},"categories":[4,21],"tags":[],"class_list":["post-43269","post","type-post","status-publish","format-standard","has-post-thumbnail","hentry","category-destacadas","category-locales"],"aioseo_notices":[],"views":10,"jetpack_publicize_connections":[],"jetpack_featured_media_url":"https:\/\/i0.wp.com\/elterritorialweb.com.ar\/web\/wp-content\/uploads\/2022\/08\/WhatsApp-Image-2022-08-08-at-3.45.01-AM.jpeg?fit=1240%2C839","jetpack_sharing_enabled":true,"_links":{"self":[{"href":"http:\/\/elterritorialweb.com.ar\/web\/wp-json\/wp\/v2\/posts\/43269","targetHints":{"allow":["GET"]}}],"collection":[{"href":"http:\/\/elterritorialweb.com.ar\/web\/wp-json\/wp\/v2\/posts"}],"about":[{"href":"http:\/\/elterritorialweb.com.ar\/web\/wp-json\/wp\/v2\/types\/post"}],"author":[{"embeddable":true,"href":"http:\/\/elterritorialweb.com.ar\/web\/wp-json\/wp\/v2\/users\/2"}],"replies":[{"embeddable":true,"href":"http:\/\/elterritorialweb.com.ar\/web\/wp-json\/wp\/v2\/comments?post=43269"}],"version-history":[{"count":1,"href":"http:\/\/elterritorialweb.com.ar\/web\/wp-json\/wp\/v2\/posts\/43269\/revisions"}],"predecessor-version":[{"id":43271,"href":"http:\/\/elterritorialweb.com.ar\/web\/wp-json\/wp\/v2\/posts\/43269\/revisions\/43271"}],"wp:featuredmedia":[{"embeddable":true,"href":"http:\/\/elterritorialweb.com.ar\/web\/wp-json\/wp\/v2\/media\/43270"}],"wp:attachment":[{"href":"http:\/\/elterritorialweb.com.ar\/web\/wp-json\/wp\/v2\/media?parent=43269"}],"wp:term":[{"taxonomy":"category","embeddable":true,"href":"http:\/\/elterritorialweb.com.ar\/web\/wp-json\/wp\/v2\/categories?post=43269"},{"taxonomy":"post_tag","embeddable":true,"href":"http:\/\/elterritorialweb.com.ar\/web\/wp-json\/wp\/v2\/tags?post=43269"}],"curies":[{"name":"wp","href":"https:\/\/api.w.org\/{rel}","templated":true}]}}