{"id":43308,"date":"2022-08-08T18:43:40","date_gmt":"2022-08-08T18:43:40","guid":{"rendered":"http:\/\/elterritorialweb.com.ar\/web\/?p=43308"},"modified":"2022-08-08T18:44:07","modified_gmt":"2022-08-08T18:44:07","slug":"cuanto-tiene-que-ganar-una-familia-para-ser-de-clase-media","status":"publish","type":"post","link":"http:\/\/elterritorialweb.com.ar\/web\/cuanto-tiene-que-ganar-una-familia-para-ser-de-clase-media\/","title":{"rendered":"CUANTO TIENE QUE GANAR UNA FAMILIA PARA SER DE CLASE MEDIA"},"content":{"rendered":"\n<p><strong>Seg\u00fan datos de consultoras privadas,\u00a0el precio de los alimentos subi\u00f3\u00a02,1% durante la primera semana de agosto y la inflaci\u00f3n del mes de julio se ubicar\u00eda en torno al 8%.<\/strong>\u00a0Estos datos impactan en los sectores de menores ingresos, pero tambi\u00e9n en la clase media, que incluye a un 45% de la poblaci\u00f3n argentina.<\/p>\n\n\n\n<p>El \u00cdndice de Precios al Consumidor (IPC) ubica a la Canasta B\u00e1sica Total, que incluye alimentos, adem\u00e1s de bienes y servicios no alimentarios, en $104.216,80 al 21 de julio de este a\u00f1o.&nbsp;<strong>El dato es que un 30% de los hogares ganan menos de $90.000 por mes.<\/strong><\/p>\n\n\n\n<p>La Consultora W del economista Guillermo Oliveto, especializado en consumo, detect\u00f3 que solo el 22% de las familias argentinas ganan m\u00e1s de $250.000 netos mensuales.&nbsp;<strong>Incluso los hogares de clase media, que ganan en promedio $150.000 por mes, no son propietarios y no tienen previsibilidad de consumo.<\/strong><\/p>\n\n\n\n<h3 class=\"wp-block-heading\">C\u00f3mo es la pir\u00e1mide social en Argentina<\/h3>\n\n\n\n<p>Seg\u00fan la Consultora W, la\u00a0<strong>pir\u00e1mide social<\/strong>\u00a0est\u00e1 conformada de la siguiente manera:<\/p>\n\n\n\n<figure class=\"wp-block-image size-full\"><a href=\"https:\/\/i0.wp.com\/elterritorialweb.com.ar\/web\/wp-content\/uploads\/2022\/08\/image-10.png\"><img data-recalc-dims=\"1\" decoding=\"async\" width=\"640\" height=\"259\" data-src=\"https:\/\/i0.wp.com\/elterritorialweb.com.ar\/web\/wp-content\/uploads\/2022\/08\/image-10.png?resize=640%2C259\" alt=\"\" class=\"wp-image-43309 lazyload\" data-srcset=\"https:\/\/i0.wp.com\/elterritorialweb.com.ar\/web\/wp-content\/uploads\/2022\/08\/image-10.png?w=790 790w, https:\/\/i0.wp.com\/elterritorialweb.com.ar\/web\/wp-content\/uploads\/2022\/08\/image-10.png?resize=300%2C122 300w, https:\/\/i0.wp.com\/elterritorialweb.com.ar\/web\/wp-content\/uploads\/2022\/08\/image-10.png?resize=768%2C311 768w\" data-sizes=\"(max-width: 640px) 100vw, 640px\" src=\"data:image\/svg+xml;base64,PHN2ZyB3aWR0aD0iMSIgaGVpZ2h0PSIxIiB4bWxucz0iaHR0cDovL3d3dy53My5vcmcvMjAwMC9zdmciPjwvc3ZnPg==\" style=\"--smush-placeholder-width: 640px; --smush-placeholder-aspect-ratio: 640\/259;\" \/><\/a><\/figure>\n\n\n\n<ul class=\"wp-block-list\"><li><strong>Clase baja (pobreza):<\/strong>\u00a0el ingreso mensual neto del hogar es menor a $90.000 (30% de las familias).<\/li><li><strong>Clase baja superior:<\/strong>\u00a0el ingreso es de $90.000 a $120.000 (20% de las familias).<\/li><li><strong>Clase media baja:<\/strong>\u00a0el ingreso es de $120.000 a $250.000 (28% de las familias).<\/li><li><strong>Clase media alta:<\/strong>\u00a0el ingreso es de $250.000 a $450.000 (17% de las familias).<\/li><li><strong>Clase alta:<\/strong>\u00a0el ingreso es igual o mayor a $450.000 (5% de las familias).<\/li><\/ul>\n","protected":false},"excerpt":{"rendered":"<p>Seg\u00fan consultoras privadas, el precio de los alimentos subi\u00f3 2,1% durante la primera semana de agosto. El 30% de los hogares argentinos tienen ingresos por debajo de la Canasta B\u00e1sica Total.<\/p>\n","protected":false},"author":2,"featured_media":36850,"comment_status":"open","ping_status":"open","sticky":false,"template":"","format":"standard","meta":{"om_disable_all_campaigns":false,"_monsterinsights_skip_tracking":false,"_monsterinsights_sitenote_active":false,"_monsterinsights_sitenote_note":"","_monsterinsights_sitenote_category":0,"_uf_show_specific_survey":0,"_uf_disable_surveys":false,"jetpack_post_was_ever_published":false,"_jetpack_newsletter_access":"","_jetpack_dont_email_post_to_subs":false,"_jetpack_newsletter_tier_id":0,"_jetpack_memberships_contains_paywalled_content":false,"_jetpack_memberships_contains_paid_content":false,"footnotes":"","jetpack_publicize_message":"","jetpack_publicize_feature_enabled":true,"jetpack_social_post_already_shared":false,"jetpack_social_options":{"image_generator_settings":{"template":"highway","default_image_id":0,"font":"","enabled":false},"version":2}},"categories":[4,2],"tags":[],"class_list":["post-43308","post","type-post","status-publish","format-standard","has-post-thumbnail","hentry","category-destacadas","category-economia"],"aioseo_notices":[],"views":11,"jetpack_publicize_connections":[],"jetpack_featured_media_url":"https:\/\/i0.wp.com\/elterritorialweb.com.ar\/web\/wp-content\/uploads\/2022\/03\/indec_alimentos.jpg_689937239.jpg?fit=360%2C200","jetpack_sharing_enabled":true,"_links":{"self":[{"href":"http:\/\/elterritorialweb.com.ar\/web\/wp-json\/wp\/v2\/posts\/43308","targetHints":{"allow":["GET"]}}],"collection":[{"href":"http:\/\/elterritorialweb.com.ar\/web\/wp-json\/wp\/v2\/posts"}],"about":[{"href":"http:\/\/elterritorialweb.com.ar\/web\/wp-json\/wp\/v2\/types\/post"}],"author":[{"embeddable":true,"href":"http:\/\/elterritorialweb.com.ar\/web\/wp-json\/wp\/v2\/users\/2"}],"replies":[{"embeddable":true,"href":"http:\/\/elterritorialweb.com.ar\/web\/wp-json\/wp\/v2\/comments?post=43308"}],"version-history":[{"count":1,"href":"http:\/\/elterritorialweb.com.ar\/web\/wp-json\/wp\/v2\/posts\/43308\/revisions"}],"predecessor-version":[{"id":43310,"href":"http:\/\/elterritorialweb.com.ar\/web\/wp-json\/wp\/v2\/posts\/43308\/revisions\/43310"}],"wp:featuredmedia":[{"embeddable":true,"href":"http:\/\/elterritorialweb.com.ar\/web\/wp-json\/wp\/v2\/media\/36850"}],"wp:attachment":[{"href":"http:\/\/elterritorialweb.com.ar\/web\/wp-json\/wp\/v2\/media?parent=43308"}],"wp:term":[{"taxonomy":"category","embeddable":true,"href":"http:\/\/elterritorialweb.com.ar\/web\/wp-json\/wp\/v2\/categories?post=43308"},{"taxonomy":"post_tag","embeddable":true,"href":"http:\/\/elterritorialweb.com.ar\/web\/wp-json\/wp\/v2\/tags?post=43308"}],"curies":[{"name":"wp","href":"https:\/\/api.w.org\/{rel}","templated":true}]}}