{"id":43314,"date":"2022-08-08T19:07:47","date_gmt":"2022-08-08T19:07:47","guid":{"rendered":"http:\/\/elterritorialweb.com.ar\/web\/?p=43314"},"modified":"2022-08-08T19:09:07","modified_gmt":"2022-08-08T19:09:07","slug":"el-gobierno-relanzara-el-programa-precios-cuidados","status":"publish","type":"post","link":"http:\/\/elterritorialweb.com.ar\/web\/el-gobierno-relanzara-el-programa-precios-cuidados\/","title":{"rendered":"EL GOBIERNO RELANZAR\u00c1 EL PROGRAMA PRECIOS CUIDADOS"},"content":{"rendered":"\n<p>El secretario de Comercio, Mat\u00edas Tombolini, confirm\u00f3 que\u00a0<strong>dentro de los pr\u00f3ximos \u00ab45 a 60 d\u00edas\u00bb se relanzar\u00e1 el programa Precios Cuidados<\/strong>\u00a0con el objetivo de que los consumidores tengan \u00abprecios de referencia\u00bb de los productos de la canasta b\u00e1sica.<\/p>\n\n\n\n<p><strong>\u00abVamos a empezar a juntarnos la semana que viene con las distintas asociaciones empresarias, los supermercados, las bocas de proximidad, usuarios y consumidores y, obviamente, los principales actores de la cadena de formaci\u00f3n de precios\u00bb<\/strong>, adelant\u00f3 el funcionario en di\u00e1logo con&nbsp;<em>Radio 10<\/em>.<\/p>\n\n\n\n<p>Uno de los objetivos de los encuentros, precis\u00f3 el funcionario, ser\u00e1&nbsp;<strong>\u00abvolver a recuperar a los precios como una unidad de informaci\u00f3n \u00fatil a la hora de decidir\u00bb<\/strong>, ya que \u00abhoy Argentina atraviesa un momento donde los precios han dejado de ser una referencia cotidiana\u00bb.<\/p>\n\n\n\n<p>En este sentido, aclar\u00f3. \u00abNosotros cuando asumimos, lo que hicimos, a partir del puntapi\u00e9 inicial que dio Sergio (Massa) a la gesti\u00f3n es marcar una hoja de ruta clara, establecer un diagn\u00f3stico, un conjunto de objetivos y a partir de all\u00ed un camino a recorrer, un plan, un programa\u00bb.<\/p>\n\n\n\n<p>\u00abLo que tenemos que intentar es encontrar acuerdos que sean estables a lo largo del tiempo, por lo menos un trimestre\u00bb, se\u00f1al\u00f3 Tombolini, y advirti\u00f3 que&nbsp;<strong>\u00abdonde haya un abuso, se va a intentar detectarlo y trabajar en consecuencia\u00bb.<\/strong><\/p>\n\n\n\n<p>En ese sentido, el secretario reiter\u00f3 que el programa buscar\u00e1 regresar a los fundamentos que le imprimi\u00f3 su antecesor, Augusto Costa, entre 2014 y 2015, con&nbsp;<strong>\u00abla idea de que los precios funcionen como precios de referencia y no como un congelamiento\u00bb.<\/strong><\/p>\n\n\n\n<h3 class=\"wp-block-heading\"><strong>Precios Cuidados: qu\u00e9 productos incluye hoy en d\u00eda<\/strong><\/h3>\n\n\n\n<p>El programa Precios Cuidados se renov\u00f3 el 7 de julio e incluye productos de los rubros<strong>&nbsp;almac\u00e9n, limpieza, perfumer\u00eda, cuidado e higiene personal; art\u00edculos para beb\u00e9s, productos frescos (fiambres, pastas frescas, tapas de empanadas y de tartas), congelados y bebidas<\/strong>; junto con una&nbsp;<strong>canasta de frutas y verduras.<\/strong><\/p>\n\n\n\n<p>Semanas m\u00e1s tarde, el Gobierno logr\u00f3 un acuerdo con&nbsp;<strong>empresas productoras de l\u00e1cteos<\/strong>&nbsp;y supermercados para&nbsp;<strong>la incorporaci\u00f3n de 120 productos de ese rubro<\/strong>.<\/p>\n","protected":false},"excerpt":{"rendered":"<p>El flamante Secretario de Comercio, Mat\u00edas Tombolini, adelant\u00f3 que esta semana se reunir\u00e1 con los principales actores de la formaci\u00f3n de precios.<\/p>\n","protected":false},"author":2,"featured_media":41981,"comment_status":"open","ping_status":"open","sticky":false,"template":"","format":"standard","meta":{"om_disable_all_campaigns":false,"_monsterinsights_skip_tracking":false,"_monsterinsights_sitenote_active":false,"_monsterinsights_sitenote_note":"","_monsterinsights_sitenote_category":0,"_uf_show_specific_survey":0,"_uf_disable_surveys":false,"jetpack_post_was_ever_published":false,"_jetpack_newsletter_access":"","_jetpack_dont_email_post_to_subs":false,"_jetpack_newsletter_tier_id":0,"_jetpack_memberships_contains_paywalled_content":false,"_jetpack_memberships_contains_paid_content":false,"footnotes":"","jetpack_publicize_message":"","jetpack_publicize_feature_enabled":true,"jetpack_social_post_already_shared":false,"jetpack_social_options":{"image_generator_settings":{"template":"highway","default_image_id":0,"font":"","enabled":false},"version":2}},"categories":[4,2],"tags":[],"class_list":["post-43314","post","type-post","status-publish","format-standard","has-post-thumbnail","hentry","category-destacadas","category-economia"],"aioseo_notices":[],"views":9,"jetpack_publicize_connections":[],"jetpack_featured_media_url":"https:\/\/i0.wp.com\/elterritorialweb.com.ar\/web\/wp-content\/uploads\/2022\/07\/PRECIOS-CUIDADOS.jpg?fit=1200%2C675","jetpack_sharing_enabled":true,"_links":{"self":[{"href":"http:\/\/elterritorialweb.com.ar\/web\/wp-json\/wp\/v2\/posts\/43314","targetHints":{"allow":["GET"]}}],"collection":[{"href":"http:\/\/elterritorialweb.com.ar\/web\/wp-json\/wp\/v2\/posts"}],"about":[{"href":"http:\/\/elterritorialweb.com.ar\/web\/wp-json\/wp\/v2\/types\/post"}],"author":[{"embeddable":true,"href":"http:\/\/elterritorialweb.com.ar\/web\/wp-json\/wp\/v2\/users\/2"}],"replies":[{"embeddable":true,"href":"http:\/\/elterritorialweb.com.ar\/web\/wp-json\/wp\/v2\/comments?post=43314"}],"version-history":[{"count":1,"href":"http:\/\/elterritorialweb.com.ar\/web\/wp-json\/wp\/v2\/posts\/43314\/revisions"}],"predecessor-version":[{"id":43315,"href":"http:\/\/elterritorialweb.com.ar\/web\/wp-json\/wp\/v2\/posts\/43314\/revisions\/43315"}],"wp:featuredmedia":[{"embeddable":true,"href":"http:\/\/elterritorialweb.com.ar\/web\/wp-json\/wp\/v2\/media\/41981"}],"wp:attachment":[{"href":"http:\/\/elterritorialweb.com.ar\/web\/wp-json\/wp\/v2\/media?parent=43314"}],"wp:term":[{"taxonomy":"category","embeddable":true,"href":"http:\/\/elterritorialweb.com.ar\/web\/wp-json\/wp\/v2\/categories?post=43314"},{"taxonomy":"post_tag","embeddable":true,"href":"http:\/\/elterritorialweb.com.ar\/web\/wp-json\/wp\/v2\/tags?post=43314"}],"curies":[{"name":"wp","href":"https:\/\/api.w.org\/{rel}","templated":true}]}}