{"id":43316,"date":"2022-08-08T19:35:03","date_gmt":"2022-08-08T19:35:03","guid":{"rendered":"http:\/\/elterritorialweb.com.ar\/web\/?p=43316"},"modified":"2022-08-08T19:35:04","modified_gmt":"2022-08-08T19:35:04","slug":"nediani-entrego-herramientas-a-miembros-de-una-agrupacion-solidaria","status":"publish","type":"post","link":"http:\/\/elterritorialweb.com.ar\/web\/nediani-entrego-herramientas-a-miembros-de-una-agrupacion-solidaria\/","title":{"rendered":"NEDIANI ENTREG\u00d3 HERRAMIENTAS A MIEMBROS DE UNA AGRUPACI\u00d3N SOLIDARIA"},"content":{"rendered":"\n<p>En este sentido, el jefe comunal recibi\u00f3 a miembros de mencionada agrupaci\u00f3n, quienes recibieron una m\u00e1quina de coser y elementos, la cual ser\u00e1 destina para la confecci\u00f3n de ropa que posteriormente ser\u00e1 donada a quienes m\u00e1s lo necesiten.<br>Asimismo, las integrantes del movimiento comentaron que la herramienta les es muy \u00fatil, ya que con ella, se suma a la que ya cuentan, y capacitan a sus compa\u00f1eras para aumentar la mano de obra y poder realizar mayor cantidad de confecciones, adem\u00e1s, aprenden del oficio mientras colaboran con la comunidad.<br>Dicha organizaci\u00f3n, funciona en el barrio 25 de Mayo Ampliaci\u00f3n, all\u00ed cuentan con comedor y merendero cuando las donaciones tanto de las personas, como del Banco de Alimentos se los permite, adem\u00e1s de realizar las confecciones de ropas, remiendan o refuncionalizan prendas que reciben como donaciones.<br>Cabe destacar, que quienes quieran colaborar con cualquier tipo de donaci\u00f3n, pueden hacerlo comunic\u00e1ndose y coordinando al tel\u00e9fono 3855738239. All\u00ed, podr\u00e1n donar alimentos, golosinas, ropa, juguetes y entre otras cosas con las que puedan colaborar.<\/p>\n","protected":false},"excerpt":{"rendered":"<p>El intendente de la ciudad de La Banda, Roger Nediani realiz\u00f3 la entrega de herramientas, en el marco de las pol\u00edticas de gesti\u00f3n que impulsa el mismo, a la agrupaci\u00f3n \u2018Movimiento 8 de Abril\u2019 que le permitir\u00e1 impulsar su trabajo solidario.<\/p>\n","protected":false},"author":2,"featured_media":43317,"comment_status":"open","ping_status":"open","sticky":false,"template":"","format":"standard","meta":{"om_disable_all_campaigns":false,"_monsterinsights_skip_tracking":false,"_monsterinsights_sitenote_active":false,"_monsterinsights_sitenote_note":"","_monsterinsights_sitenote_category":0,"_uf_show_specific_survey":0,"_uf_disable_surveys":false,"jetpack_post_was_ever_published":false,"_jetpack_newsletter_access":"","_jetpack_dont_email_post_to_subs":false,"_jetpack_newsletter_tier_id":0,"_jetpack_memberships_contains_paywalled_content":false,"_jetpack_memberships_contains_paid_content":false,"footnotes":"","jetpack_publicize_message":"","jetpack_publicize_feature_enabled":true,"jetpack_social_post_already_shared":false,"jetpack_social_options":{"image_generator_settings":{"template":"highway","default_image_id":0,"font":"","enabled":false},"version":2}},"categories":[21],"tags":[],"class_list":["post-43316","post","type-post","status-publish","format-standard","has-post-thumbnail","hentry","category-locales"],"aioseo_notices":[],"views":6,"jetpack_publicize_connections":[],"jetpack_featured_media_url":"https:\/\/i0.wp.com\/elterritorialweb.com.ar\/web\/wp-content\/uploads\/2022\/08\/WhatsApp-Image-2022-08-08-at-8.56.48-PM.jpeg?fit=1380%2C912","jetpack_sharing_enabled":true,"_links":{"self":[{"href":"http:\/\/elterritorialweb.com.ar\/web\/wp-json\/wp\/v2\/posts\/43316","targetHints":{"allow":["GET"]}}],"collection":[{"href":"http:\/\/elterritorialweb.com.ar\/web\/wp-json\/wp\/v2\/posts"}],"about":[{"href":"http:\/\/elterritorialweb.com.ar\/web\/wp-json\/wp\/v2\/types\/post"}],"author":[{"embeddable":true,"href":"http:\/\/elterritorialweb.com.ar\/web\/wp-json\/wp\/v2\/users\/2"}],"replies":[{"embeddable":true,"href":"http:\/\/elterritorialweb.com.ar\/web\/wp-json\/wp\/v2\/comments?post=43316"}],"version-history":[{"count":1,"href":"http:\/\/elterritorialweb.com.ar\/web\/wp-json\/wp\/v2\/posts\/43316\/revisions"}],"predecessor-version":[{"id":43318,"href":"http:\/\/elterritorialweb.com.ar\/web\/wp-json\/wp\/v2\/posts\/43316\/revisions\/43318"}],"wp:featuredmedia":[{"embeddable":true,"href":"http:\/\/elterritorialweb.com.ar\/web\/wp-json\/wp\/v2\/media\/43317"}],"wp:attachment":[{"href":"http:\/\/elterritorialweb.com.ar\/web\/wp-json\/wp\/v2\/media?parent=43316"}],"wp:term":[{"taxonomy":"category","embeddable":true,"href":"http:\/\/elterritorialweb.com.ar\/web\/wp-json\/wp\/v2\/categories?post=43316"},{"taxonomy":"post_tag","embeddable":true,"href":"http:\/\/elterritorialweb.com.ar\/web\/wp-json\/wp\/v2\/tags?post=43316"}],"curies":[{"name":"wp","href":"https:\/\/api.w.org\/{rel}","templated":true}]}}