{"id":43319,"date":"2022-08-08T19:44:55","date_gmt":"2022-08-08T19:44:55","guid":{"rendered":"http:\/\/elterritorialweb.com.ar\/web\/?p=43319"},"modified":"2022-08-08T19:44:55","modified_gmt":"2022-08-08T19:44:55","slug":"iniciara-una-nueva-etapa-del-curso-de-formacion-de-agentes-sanitarios","status":"publish","type":"post","link":"http:\/\/elterritorialweb.com.ar\/web\/iniciara-una-nueva-etapa-del-curso-de-formacion-de-agentes-sanitarios\/","title":{"rendered":"INICIAR\u00c1 UNA NUEVA ETAPA DEL CURSO DE FORMACI\u00d3N DE AGENTES SANITARIOS"},"content":{"rendered":"\n<p>Desde la organizaci\u00f3n se indic\u00f3 que se trabaja en torno a la necesidad de fortalecer la promoci\u00f3n de la salud mediante modelos de atenci\u00f3n con enfoque territorial, promoviendo la interconexi\u00f3n de redes, la capacitaci\u00f3n de recursos humanos, la investigaci\u00f3n sanitaria y la gesti\u00f3n de tecnolog\u00edas adecuadas como herramientas para el logro del acceso universal y de calidad.<br>El mismo durar\u00e1 seis meses, con una modalidad semipresencial, se entregar\u00e1n certificados oficiales y anal\u00edticos. Por mayor informaci\u00f3n e inscripciones, los interesados pueden comunicarse al tel\u00e9fono (0385) 154-353658.<\/p>\n","protected":false},"excerpt":{"rendered":"<p>La Municipalidad de La Banda informa que los d\u00edas 10 y 11 de agosto en el horario de 18 a 20 se realizar\u00e1n las inscripciones para el curso de capacitaci\u00f3n y formaci\u00f3n de agentes sanitarios que se dictar\u00e1 en las instalaciones del Atelier Cultural, sito en Av. Besares y Garay.<\/p>\n","protected":false},"author":2,"featured_media":43320,"comment_status":"open","ping_status":"open","sticky":false,"template":"","format":"standard","meta":{"om_disable_all_campaigns":false,"_monsterinsights_skip_tracking":false,"_monsterinsights_sitenote_active":false,"_monsterinsights_sitenote_note":"","_monsterinsights_sitenote_category":0,"_uf_show_specific_survey":0,"_uf_disable_surveys":false,"jetpack_post_was_ever_published":false,"_jetpack_newsletter_access":"","_jetpack_dont_email_post_to_subs":false,"_jetpack_newsletter_tier_id":0,"_jetpack_memberships_contains_paywalled_content":false,"_jetpack_memberships_contains_paid_content":false,"footnotes":"","jetpack_publicize_message":"","jetpack_publicize_feature_enabled":true,"jetpack_social_post_already_shared":false,"jetpack_social_options":{"image_generator_settings":{"template":"highway","default_image_id":0,"font":"","enabled":false},"version":2}},"categories":[21],"tags":[],"class_list":["post-43319","post","type-post","status-publish","format-standard","has-post-thumbnail","hentry","category-locales"],"aioseo_notices":[],"views":11,"jetpack_publicize_connections":[],"jetpack_featured_media_url":"https:\/\/i0.wp.com\/elterritorialweb.com.ar\/web\/wp-content\/uploads\/2022\/08\/WhatsApp-Image-2022-08-08-at-8.56.46-PM.jpeg?fit=1280%2C958","jetpack_sharing_enabled":true,"_links":{"self":[{"href":"http:\/\/elterritorialweb.com.ar\/web\/wp-json\/wp\/v2\/posts\/43319","targetHints":{"allow":["GET"]}}],"collection":[{"href":"http:\/\/elterritorialweb.com.ar\/web\/wp-json\/wp\/v2\/posts"}],"about":[{"href":"http:\/\/elterritorialweb.com.ar\/web\/wp-json\/wp\/v2\/types\/post"}],"author":[{"embeddable":true,"href":"http:\/\/elterritorialweb.com.ar\/web\/wp-json\/wp\/v2\/users\/2"}],"replies":[{"embeddable":true,"href":"http:\/\/elterritorialweb.com.ar\/web\/wp-json\/wp\/v2\/comments?post=43319"}],"version-history":[{"count":1,"href":"http:\/\/elterritorialweb.com.ar\/web\/wp-json\/wp\/v2\/posts\/43319\/revisions"}],"predecessor-version":[{"id":43321,"href":"http:\/\/elterritorialweb.com.ar\/web\/wp-json\/wp\/v2\/posts\/43319\/revisions\/43321"}],"wp:featuredmedia":[{"embeddable":true,"href":"http:\/\/elterritorialweb.com.ar\/web\/wp-json\/wp\/v2\/media\/43320"}],"wp:attachment":[{"href":"http:\/\/elterritorialweb.com.ar\/web\/wp-json\/wp\/v2\/media?parent=43319"}],"wp:term":[{"taxonomy":"category","embeddable":true,"href":"http:\/\/elterritorialweb.com.ar\/web\/wp-json\/wp\/v2\/categories?post=43319"},{"taxonomy":"post_tag","embeddable":true,"href":"http:\/\/elterritorialweb.com.ar\/web\/wp-json\/wp\/v2\/tags?post=43319"}],"curies":[{"name":"wp","href":"https:\/\/api.w.org\/{rel}","templated":true}]}}