{"id":43370,"date":"2022-08-09T01:38:41","date_gmt":"2022-08-09T01:38:41","guid":{"rendered":"http:\/\/elterritorialweb.com.ar\/web\/?p=43370"},"modified":"2022-08-09T01:41:24","modified_gmt":"2022-08-09T01:41:24","slug":"massa-anunciara-este-miercoles-el-indice-de-movilidad-jubilatoria","status":"publish","type":"post","link":"http:\/\/elterritorialweb.com.ar\/web\/massa-anunciara-este-miercoles-el-indice-de-movilidad-jubilatoria\/","title":{"rendered":"MASSA DEFINE LOS DETALLES DEL \u00cdNDICE DE MOVILIDAD JUBILATORIA"},"content":{"rendered":"\n<p>El ministro de Econom\u00eda,&nbsp;<strong>Sergio Massa<\/strong>, se reuni\u00f3 este lunes con la titular de la Anses, F<strong>ernanda Raverta<\/strong>; y el secretario de Hacienda, Ra\u00fal Rigo; para definir los detalles del \u00edndice de movilidad jubilatoria que se anunciar\u00e1 este mi\u00e9rcoles.<\/p>\n\n\n\n<p>\u00abNos reunimos con la Directora Ejecutiva de la ANSES, Fernanda Raverta, y el secretario de Hacienda,&nbsp;<strong>Ra\u00fal Rigo<\/strong>&nbsp;para ultimar detalles de los anuncios del mi\u00e9rcoles para los jubilados y jubiladas\u00bb, inform\u00f3 el ministro en su cuenta de Twitter.<\/p>\n\n\n\n<p>El Gobierno nacional otorgar\u00e1 este mes un nuevo bono para reforzar el ingreso de los jubilados, que se dar\u00e1 a conocer el 10 de agosto en ocasi\u00f3n de presentarse el \u00cdndice de Movilidad Jubilatoria.<\/p>\n\n\n\n<p>El bono que pagar\u00e1 la Administraci\u00f3n Nacional de la Seguridad Social (<strong>Anses<\/strong>) a jubilados se aplicar\u00e1 junto al aumento de las jubilaciones previsto para septiembre.<\/p>\n\n\n\n<p>El 10 de agosto\u00a0<strong>\u00abse va a anunciar el \u00edndice de movilidad jubilatoria con un refuerzo que ayude a los jubilados para superar el da\u00f1o que les produce la inflaci\u00f3n\u00bb<\/strong>, explic\u00f3 Massa al presentar las primeras medidas econ\u00f3micas de su gesti\u00f3n.<\/p>\n\n\n\n<figure class=\"wp-block-embed is-type-rich is-provider-twitter wp-block-embed-twitter\"><div class=\"wp-block-embed__wrapper\">\n<blockquote class=\"twitter-tweet\" data-width=\"550\" data-dnt=\"true\"><p lang=\"es\" dir=\"ltr\">En el Ministerio de <a href=\"https:\/\/twitter.com\/Economia_Ar?ref_src=twsrc%5Etfw\">@Economia_Ar<\/a>, nos reunimos con la Directora Ejecutiva de la ANSES, <a href=\"https:\/\/twitter.com\/FerRaverta?ref_src=twsrc%5Etfw\">@FerRaverta<\/a> y el secretario de Hacienda, Ra\u00fal Rigo para ultimar detalles de los anuncios del mi\u00e9rcoles para los jubilados y jubiladas. <a href=\"https:\/\/t.co\/Q0eM5tCFbY\">pic.twitter.com\/Q0eM5tCFbY<\/a><\/p>&mdash; Sergio Massa (@SergioMassa) <a href=\"https:\/\/twitter.com\/SergioMassa\/status\/1556760487576190976?ref_src=twsrc%5Etfw\">August 8, 2022<\/a><\/blockquote><script async src=\"https:\/\/platform.twitter.com\/widgets.js\" charset=\"utf-8\"><\/script>\n<\/div><\/figure>\n\n\n\n<p>Conforme con lo dispuesto por la Ley de Movilidad, la Anses anunciar\u00e1 este mes el incremento para el pr\u00f3ximo trimestre en las jubilaciones, pensiones, asignaciones familiares y universales.<\/p>\n\n\n\n<p>El incremento se basa en el c\u00e1lculo establecido por la ley de Movilidad, que actualiza los montos en base a un coeficiente elaborado en partes iguales por la recaudaci\u00f3n previsional y la Remuneraci\u00f3n Imponible Promedio de los Trabajadores Estables (Ripte).<\/p>\n\n\n\n<p>A mediados de mayo pasado, el organismo\u00a0anunci\u00f3 el incremento del 15% para junio-agosto\u00a0que llev\u00f3 el haber m\u00ednimo jubilatorio a $37.524,96, y la Asignaci\u00f3n Universal por Hijo (AUH) y por Embarazo, a $7.332.<\/p>\n\n\n\n<p>Los anteriores ajustes fueron de 8,07% para el trimestre marzo-mayo de 2021, 12,12% para junio-agosto, 12,39% para septiembre-noviembre, 12,11% para diciembre de 2021-febrero de 2022 y 12,28% para marzo-mayo de este a\u00f1o.<\/p>\n\n\n\n<p>Asimismo, Massa anticip\u00f3 que convocar\u00e1 a las entidades gremiales empresariales y sindicales para \u00abasegurar un mecanismo que permita recuperaci\u00f3n de ingresos de los trabajadores del sector privado\u00bb y adelant\u00f3 \u00bb una pol\u00edtica de reordenamiento de los programas sociales\u00bb.<\/p>\n","protected":false},"excerpt":{"rendered":"<p>La reuni\u00f3n entre el ministro de Econom\u00eda  y la titular de la Anses, Fernanda Raverta, se dio en el marco de un nuevo bono que el Gobierno nacional otorgar\u00e1 este mes para reforzar el ingreso de los jubilados y jubiladas, que se dar\u00e1 a conocer el mi\u00e9rcoles en ocasi\u00f3n de presentarse el \u00cdndice de Movilidad Jubilatoria.<\/p>\n","protected":false},"author":2,"featured_media":43371,"comment_status":"open","ping_status":"open","sticky":false,"template":"","format":"standard","meta":{"om_disable_all_campaigns":false,"_monsterinsights_skip_tracking":false,"_monsterinsights_sitenote_active":false,"_monsterinsights_sitenote_note":"","_monsterinsights_sitenote_category":0,"_uf_show_specific_survey":0,"_uf_disable_surveys":false,"jetpack_post_was_ever_published":false,"_jetpack_newsletter_access":"","_jetpack_dont_email_post_to_subs":false,"_jetpack_newsletter_tier_id":0,"_jetpack_memberships_contains_paywalled_content":false,"_jetpack_memberships_contains_paid_content":false,"footnotes":"","jetpack_publicize_message":"","jetpack_publicize_feature_enabled":true,"jetpack_social_post_already_shared":false,"jetpack_social_options":{"image_generator_settings":{"template":"highway","default_image_id":0,"font":"","enabled":false},"version":2}},"categories":[18],"tags":[],"class_list":["post-43370","post","type-post","status-publish","format-standard","has-post-thumbnail","hentry","category-politica"],"aioseo_notices":[],"views":5,"jetpack_publicize_connections":[],"jetpack_featured_media_url":"https:\/\/i0.wp.com\/elterritorialweb.com.ar\/web\/wp-content\/uploads\/2022\/08\/MASSA-Y-RAVERTA.jpg?fit=900%2C506","jetpack_sharing_enabled":true,"_links":{"self":[{"href":"http:\/\/elterritorialweb.com.ar\/web\/wp-json\/wp\/v2\/posts\/43370","targetHints":{"allow":["GET"]}}],"collection":[{"href":"http:\/\/elterritorialweb.com.ar\/web\/wp-json\/wp\/v2\/posts"}],"about":[{"href":"http:\/\/elterritorialweb.com.ar\/web\/wp-json\/wp\/v2\/types\/post"}],"author":[{"embeddable":true,"href":"http:\/\/elterritorialweb.com.ar\/web\/wp-json\/wp\/v2\/users\/2"}],"replies":[{"embeddable":true,"href":"http:\/\/elterritorialweb.com.ar\/web\/wp-json\/wp\/v2\/comments?post=43370"}],"version-history":[{"count":4,"href":"http:\/\/elterritorialweb.com.ar\/web\/wp-json\/wp\/v2\/posts\/43370\/revisions"}],"predecessor-version":[{"id":43376,"href":"http:\/\/elterritorialweb.com.ar\/web\/wp-json\/wp\/v2\/posts\/43370\/revisions\/43376"}],"wp:featuredmedia":[{"embeddable":true,"href":"http:\/\/elterritorialweb.com.ar\/web\/wp-json\/wp\/v2\/media\/43371"}],"wp:attachment":[{"href":"http:\/\/elterritorialweb.com.ar\/web\/wp-json\/wp\/v2\/media?parent=43370"}],"wp:term":[{"taxonomy":"category","embeddable":true,"href":"http:\/\/elterritorialweb.com.ar\/web\/wp-json\/wp\/v2\/categories?post=43370"},{"taxonomy":"post_tag","embeddable":true,"href":"http:\/\/elterritorialweb.com.ar\/web\/wp-json\/wp\/v2\/tags?post=43370"}],"curies":[{"name":"wp","href":"https:\/\/api.w.org\/{rel}","templated":true}]}}