{"id":43380,"date":"2022-08-09T02:39:07","date_gmt":"2022-08-09T02:39:07","guid":{"rendered":"http:\/\/elterritorialweb.com.ar\/web\/?p=43380"},"modified":"2022-08-09T02:39:07","modified_gmt":"2022-08-09T02:39:07","slug":"inicio-la-vacunacion-pediatrica-contra-el-coronavirus-en-el-caps-los-lagos","status":"publish","type":"post","link":"http:\/\/elterritorialweb.com.ar\/web\/inicio-la-vacunacion-pediatrica-contra-el-coronavirus-en-el-caps-los-lagos\/","title":{"rendered":"INICI\u00d3 LA VACUNACION PEDIATRICA CONTRA EL CORONAVIRUS EN EL CAPS LOS LAGOS"},"content":{"rendered":"\n<p>En el marco de la campa\u00f1a provincial de vacunaci\u00f3n pedi\u00e1trica contra el Covid-19 y de un trabajo articulado con el&nbsp;<strong>Ministerio de Salud, la Municipalidad de la Capital&nbsp;<\/strong>se sum\u00f3 a trav\u00e9s del centro de vacunaci\u00f3n del Caps Los Lagos a la aplicaci\u00f3n de las dosis preventivas.<\/p>\n\n\n\n<p>El director de&nbsp;<strong>Salud municipal, Dr. Antonio Palomo<\/strong>, inform\u00f3 que la actividad dio inicio el viernes pasado, &nbsp;y se desarrolla de lunes a viernes en el horario de 8 a 18, destinada a ni\u00f1os de 6 meses a 4 a\u00f1os de edad.<\/p>\n\n\n\n<p>En ese sentido, se\u00f1al\u00f3 que la colocaci\u00f3n de la 1\u00aa y 2\u00aa dosis se realiza con un intervalo de 28 d\u00edas y en el caso, de los ni\u00f1os de 5 a\u00f1os, que podr\u00e1n recibir el refuerzo con un intermedio de 4 meses, a partir de la segunda dosis.<\/p>\n\n\n\n<p>El funcionario, record\u00f3 que, la vacuna contra el Covid-19, &nbsp;se puede colocar en forma conjunta con otras dosis del calendario e inst\u00f3 a los padres a concurrir para acceder a la vacunaci\u00f3n.<\/p>\n","protected":false},"excerpt":{"rendered":"<p>El trabajo es articulado entre el Ministerio de Salud de la Provincia y la Municipalidad de La Capital.<\/p>\n","protected":false},"author":2,"featured_media":43381,"comment_status":"open","ping_status":"open","sticky":false,"template":"","format":"standard","meta":{"om_disable_all_campaigns":false,"_monsterinsights_skip_tracking":false,"_monsterinsights_sitenote_active":false,"_monsterinsights_sitenote_note":"","_monsterinsights_sitenote_category":0,"_uf_show_specific_survey":0,"_uf_disable_surveys":false,"jetpack_post_was_ever_published":false,"_jetpack_newsletter_access":"","_jetpack_dont_email_post_to_subs":false,"_jetpack_newsletter_tier_id":0,"_jetpack_memberships_contains_paywalled_content":false,"_jetpack_memberships_contains_paid_content":false,"footnotes":"","jetpack_publicize_message":"","jetpack_publicize_feature_enabled":true,"jetpack_social_post_already_shared":false,"jetpack_social_options":{"image_generator_settings":{"template":"highway","default_image_id":0,"font":"","enabled":false},"version":2}},"categories":[3],"tags":[],"class_list":["post-43380","post","type-post","status-publish","format-standard","has-post-thumbnail","hentry","category-salud"],"aioseo_notices":[],"views":6,"jetpack_publicize_connections":[],"jetpack_featured_media_url":"https:\/\/i0.wp.com\/elterritorialweb.com.ar\/web\/wp-content\/uploads\/2022\/08\/VACUNACION-PEDIATRICA-COVID.jpg?fit=1023%2C682","jetpack_sharing_enabled":true,"_links":{"self":[{"href":"http:\/\/elterritorialweb.com.ar\/web\/wp-json\/wp\/v2\/posts\/43380","targetHints":{"allow":["GET"]}}],"collection":[{"href":"http:\/\/elterritorialweb.com.ar\/web\/wp-json\/wp\/v2\/posts"}],"about":[{"href":"http:\/\/elterritorialweb.com.ar\/web\/wp-json\/wp\/v2\/types\/post"}],"author":[{"embeddable":true,"href":"http:\/\/elterritorialweb.com.ar\/web\/wp-json\/wp\/v2\/users\/2"}],"replies":[{"embeddable":true,"href":"http:\/\/elterritorialweb.com.ar\/web\/wp-json\/wp\/v2\/comments?post=43380"}],"version-history":[{"count":1,"href":"http:\/\/elterritorialweb.com.ar\/web\/wp-json\/wp\/v2\/posts\/43380\/revisions"}],"predecessor-version":[{"id":43382,"href":"http:\/\/elterritorialweb.com.ar\/web\/wp-json\/wp\/v2\/posts\/43380\/revisions\/43382"}],"wp:featuredmedia":[{"embeddable":true,"href":"http:\/\/elterritorialweb.com.ar\/web\/wp-json\/wp\/v2\/media\/43381"}],"wp:attachment":[{"href":"http:\/\/elterritorialweb.com.ar\/web\/wp-json\/wp\/v2\/media?parent=43380"}],"wp:term":[{"taxonomy":"category","embeddable":true,"href":"http:\/\/elterritorialweb.com.ar\/web\/wp-json\/wp\/v2\/categories?post=43380"},{"taxonomy":"post_tag","embeddable":true,"href":"http:\/\/elterritorialweb.com.ar\/web\/wp-json\/wp\/v2\/tags?post=43380"}],"curies":[{"name":"wp","href":"https:\/\/api.w.org\/{rel}","templated":true}]}}