{"id":43383,"date":"2022-08-09T03:14:28","date_gmt":"2022-08-09T03:14:28","guid":{"rendered":"http:\/\/elterritorialweb.com.ar\/web\/?p=43383"},"modified":"2022-08-09T03:14:29","modified_gmt":"2022-08-09T03:14:29","slug":"romero-estoy-feliz-de-llegar-al-club-mas-grande-de-argentina","status":"publish","type":"post","link":"http:\/\/elterritorialweb.com.ar\/web\/romero-estoy-feliz-de-llegar-al-club-mas-grande-de-argentina\/","title":{"rendered":"ROMERO: \u00abESTOY FEL\u00cdZ DE LLEGAR AL CLUB M\u00c1S GRANDE DE ARGENTINA\u00bb"},"content":{"rendered":"\n<p>Sergio \u00abChiquito\u00bb Romero destac\u00f3 esta noche de lunes que llega&nbsp;<strong>\u00abal club m\u00e1s grande de Argentina, que es Boca<\/strong>\u00ab, y en lo \u00fanico que piensa es<strong>&nbsp;\u00aben devolverle esta oportunidad\u00bb que le est\u00e1 brindando de regresar al f\u00fatbol argentino \u00bb&nbsp;<\/strong>y no en volver a la selecci\u00f3n\u00bb.<\/p>\n\n\n\n<p>\u00abEn este momento en lo \u00fanico que pienso es en devolverle a Boca lo que me est\u00e1 dando y no en el seleccionado argentino. Si ac\u00e1 va todo bien, puede ser un desencadenante para volver a la selecci\u00f3n, pero eso se ver\u00e1 con el tiempo\u00bb, le respondi\u00f3 a T\u00e9lam en su presentaci\u00f3n el guardavallas de 35 a\u00f1os que llevar\u00e1 el dorsal n\u00famero 25.<\/p>\n\n\n\n<p><strong>\u00abEstoy feliz con la posibilidad que me da Boca. Ya tom\u00e9 el reto de ir a Venezia sabiendo que iba a pelear los puestos de abajo en Italia (descendi\u00f3), y ahora vengo al m\u00e1s grande de Argentina a pelear por un lugar\u00bb,<\/strong>&nbsp;resalt\u00f3.<\/p>\n\n\n\n<p>Presentado por el presidente Jorge Ameal y con la asistencia en la sala de conferencias boquense del miembro del Consejo de F\u00fatbol, Jorge Berm\u00fadez, el misionero de Bernardo de Irigoyen llega a Boca para competir con Agust\u00edn Rossi, que decidi\u00f3 no renovar su contrato que vence en junio del a\u00f1o pr\u00f3ximo.<\/p>\n\n\n\n<p>\u00abNo s\u00e9 de d\u00f3nde sali\u00f3 que iba a jugar en la segunda de Italia. S\u00ed es cierto que ten\u00eda ofertas de la Premier League, pero hablando con mi se\u00f1ora (la exmodelo Eliana Guercio) convinimos en que venir a vivir otra vez a Argentina y jugar en Boca era lo m\u00e1s conveniente\u00bb, advirti\u00f3.<\/p>\n\n\n\n<p><strong>\u00abAnteriormente pude venir a Boca cuando me llam\u00f3 Guillermo (Barros Schelotto) y debo reconoc\u00e9rselo, porque fue el \u00fanico que lo hizo en aquel momento, pero entonces era dif\u00edcil porque ten\u00edan que pagarle mi pase a Manchester United\u00bb<\/strong>, revel\u00f3.<\/p>\n\n\n\n<p>Y asegur\u00f3 que su \u00abamigo\u00bb de los tiempos de la selecci\u00f3n,&nbsp;<strong>Marcos Rojo, fue el que m\u00e1s insisti\u00f3 para que viniera a Boca<\/strong>. \u00abMarcos se la pasaba quem\u00e1ndome la cabeza para que venga a Boca y ahora que me llam\u00f3 Rom\u00e1n (Riquelme), en tres d\u00edas nos pusimos de acuerdo\u00bb, refiri\u00f3.<\/p>\n\n\n\n<p>\u00abPor suerte&nbsp;<strong>en la AFA me pude recuperar muy bien (de una lesi\u00f3n ligamentaria) y debo agradecerle a (Claudio) \u00abChiqui\u00bb Tapia porque se puso a mi disposici\u00f3n para eso, me ofreci\u00f3 el predio de la AFA.<\/strong>&nbsp;Estoy f\u00edsicamente bien, pero si me dicen de realizar una pretemporada para ponerme a punto, lo har\u00e9\u00bb, avis\u00f3.<\/p>\n\n\n\n<figure class=\"wp-block-image size-large\"><a href=\"https:\/\/i0.wp.com\/elterritorialweb.com.ar\/web\/wp-content\/uploads\/2022\/08\/ROMERO-TAPA-scaled.jpg\"><img data-recalc-dims=\"1\" decoding=\"async\" width=\"640\" height=\"421\" data-src=\"https:\/\/i0.wp.com\/elterritorialweb.com.ar\/web\/wp-content\/uploads\/2022\/08\/ROMERO-TAPA.jpg?resize=640%2C421\" alt=\"\" class=\"wp-image-43385 lazyload\" data-srcset=\"https:\/\/i0.wp.com\/elterritorialweb.com.ar\/web\/wp-content\/uploads\/2022\/08\/ROMERO-TAPA-scaled.jpg?resize=1024%2C673 1024w, https:\/\/i0.wp.com\/elterritorialweb.com.ar\/web\/wp-content\/uploads\/2022\/08\/ROMERO-TAPA-scaled.jpg?resize=300%2C197 300w, https:\/\/i0.wp.com\/elterritorialweb.com.ar\/web\/wp-content\/uploads\/2022\/08\/ROMERO-TAPA-scaled.jpg?resize=768%2C505 768w, https:\/\/i0.wp.com\/elterritorialweb.com.ar\/web\/wp-content\/uploads\/2022\/08\/ROMERO-TAPA-scaled.jpg?resize=1536%2C1010 1536w, https:\/\/i0.wp.com\/elterritorialweb.com.ar\/web\/wp-content\/uploads\/2022\/08\/ROMERO-TAPA-scaled.jpg?resize=2048%2C1346 2048w, https:\/\/i0.wp.com\/elterritorialweb.com.ar\/web\/wp-content\/uploads\/2022\/08\/ROMERO-TAPA-scaled.jpg?w=1280 1280w, https:\/\/i0.wp.com\/elterritorialweb.com.ar\/web\/wp-content\/uploads\/2022\/08\/ROMERO-TAPA-scaled.jpg?w=1920 1920w\" data-sizes=\"(max-width: 640px) 100vw, 640px\" src=\"data:image\/svg+xml;base64,PHN2ZyB3aWR0aD0iMSIgaGVpZ2h0PSIxIiB4bWxucz0iaHR0cDovL3d3dy53My5vcmcvMjAwMC9zdmciPjwvc3ZnPg==\" style=\"--smush-placeholder-width: 640px; --smush-placeholder-aspect-ratio: 640\/421;\" \/><\/a><\/figure>\n\n\n\n<p>Claro que en los \u00faltimos tiempos estuvo entren\u00e1ndose en el club donde comenz\u00f3 su carrera, Racing Club, por lo que se especul\u00f3 con la posibilidad de que volviera a Avellaneda, pero finalmente ese llamado nunca se concret\u00f3 porque su t\u00e9cnico, Fernando Gago, tiene bien cubierto ese puesto con Gast\u00f3n \u00abChila\u00bb G\u00f3mez y el ya recuperado Gabriel Arias.<\/p>\n\n\n\n<p><strong>\u00abEste era un paso importante en mi carrera para tener continuidad, y si me hubiera llamado Racing seguramente hubiera ido all\u00ed, pero esa oferta nunca lleg\u00f3, as\u00ed que sabr\u00e1n ellos la puerta que tienen que ir a tocar. Esto es un trabajo y yo tengo hijos que mantener, as\u00ed que no veo porqu\u00e9 se enojar\u00edan sus hinchas\u00bb<\/strong>, advirti\u00f3.<\/p>\n\n\n\n<p>Esto repercuti\u00f3 inmediata y negativamente en el club de Avellaneda, cuyo presidente, V\u00edctor Blanco, sostuvo que Romero no fue tenido en cuenta \u00abporque Racing tiene dos arqueros de categor\u00eda como Arias y G\u00f3mez. Pero lo que dijo no es conveniente, y no digo que para siempre, pero por un buen tiempo se cerr\u00f3 las puertas de nuestra instituci\u00f3n\u00bb.<\/p>\n\n\n\n<p>Racing; AZ Alkmaar, de Pa\u00edses Bajos; Sampdoria, de Italia; M\u00f3naco, de Francia; Manchester United, de Inglaterra y Venezia, de Italia, fueron las camisetas que visti\u00f3 \u00abChiquito\u00bb, que&nbsp;<strong>con 96 presentaciones es el arquero con m\u00e1s presencias en la selecci\u00f3n mayor argentina entre 2007 y 2018,<\/strong>&nbsp;cuando a \u00faltimo momento el entrenador de entonces, Jorge Sampaoli, lo dej\u00f3 por lesi\u00f3n afuera del Mundial de Rusia. Hoy se sum\u00f3 Boca.<\/p>\n","protected":false},"excerpt":{"rendered":"<p>El arquero pas\u00f3 la revisi\u00f3n m\u00e9dica y fue presentado como la nueva incorporaci\u00f3n \u00abxeneize\u00bb. \u00abMarcos (Rojo) se la pasaba quem\u00e1ndome la cabeza para que venga a Boca y ahora que me llam\u00f3 Rom\u00e1n (Riquelme), en tres d\u00edas nos pusimos de acuerdo\u00bb, asegur\u00f3 el guardavallas en la conferencia.<\/p>\n","protected":false},"author":2,"featured_media":43384,"comment_status":"open","ping_status":"open","sticky":false,"template":"","format":"standard","meta":{"om_disable_all_campaigns":false,"_monsterinsights_skip_tracking":false,"_monsterinsights_sitenote_active":false,"_monsterinsights_sitenote_note":"","_monsterinsights_sitenote_category":0,"_uf_show_specific_survey":0,"_uf_disable_surveys":false,"jetpack_post_was_ever_published":false,"_jetpack_newsletter_access":"","_jetpack_dont_email_post_to_subs":false,"_jetpack_newsletter_tier_id":0,"_jetpack_memberships_contains_paywalled_content":false,"_jetpack_memberships_contains_paid_content":false,"footnotes":"","jetpack_publicize_message":"","jetpack_publicize_feature_enabled":true,"jetpack_social_post_already_shared":false,"jetpack_social_options":{"image_generator_settings":{"template":"highway","default_image_id":0,"font":"","enabled":false},"version":2}},"categories":[6],"tags":[],"class_list":["post-43383","post","type-post","status-publish","format-standard","has-post-thumbnail","hentry","category-deportes"],"aioseo_notices":[],"views":11,"jetpack_publicize_connections":[],"jetpack_featured_media_url":"https:\/\/i0.wp.com\/elterritorialweb.com.ar\/web\/wp-content\/uploads\/2022\/08\/ROMERO.jpg?fit=3201%2C4094","jetpack_sharing_enabled":true,"_links":{"self":[{"href":"http:\/\/elterritorialweb.com.ar\/web\/wp-json\/wp\/v2\/posts\/43383","targetHints":{"allow":["GET"]}}],"collection":[{"href":"http:\/\/elterritorialweb.com.ar\/web\/wp-json\/wp\/v2\/posts"}],"about":[{"href":"http:\/\/elterritorialweb.com.ar\/web\/wp-json\/wp\/v2\/types\/post"}],"author":[{"embeddable":true,"href":"http:\/\/elterritorialweb.com.ar\/web\/wp-json\/wp\/v2\/users\/2"}],"replies":[{"embeddable":true,"href":"http:\/\/elterritorialweb.com.ar\/web\/wp-json\/wp\/v2\/comments?post=43383"}],"version-history":[{"count":1,"href":"http:\/\/elterritorialweb.com.ar\/web\/wp-json\/wp\/v2\/posts\/43383\/revisions"}],"predecessor-version":[{"id":43386,"href":"http:\/\/elterritorialweb.com.ar\/web\/wp-json\/wp\/v2\/posts\/43383\/revisions\/43386"}],"wp:featuredmedia":[{"embeddable":true,"href":"http:\/\/elterritorialweb.com.ar\/web\/wp-json\/wp\/v2\/media\/43384"}],"wp:attachment":[{"href":"http:\/\/elterritorialweb.com.ar\/web\/wp-json\/wp\/v2\/media?parent=43383"}],"wp:term":[{"taxonomy":"category","embeddable":true,"href":"http:\/\/elterritorialweb.com.ar\/web\/wp-json\/wp\/v2\/categories?post=43383"},{"taxonomy":"post_tag","embeddable":true,"href":"http:\/\/elterritorialweb.com.ar\/web\/wp-json\/wp\/v2\/tags?post=43383"}],"curies":[{"name":"wp","href":"https:\/\/api.w.org\/{rel}","templated":true}]}}