{"id":43387,"date":"2022-08-09T18:03:48","date_gmt":"2022-08-09T18:03:48","guid":{"rendered":"http:\/\/elterritorialweb.com.ar\/web\/?p=43387"},"modified":"2022-08-09T18:03:49","modified_gmt":"2022-08-09T18:03:49","slug":"zamora-inauguro-un-jardin-de-infantes-y-habilito-la-refaccion-total-de-una-escuela-en-el-paraje-la-firmeza","status":"publish","type":"post","link":"http:\/\/elterritorialweb.com.ar\/web\/zamora-inauguro-un-jardin-de-infantes-y-habilito-la-refaccion-total-de-una-escuela-en-el-paraje-la-firmeza\/","title":{"rendered":"ZAMORA INAUGUR\u00d3 UN JARD\u00cdN DE INFANTES Y HABILIT\u00d3 LA REFACCION TOTAL DE UNA ESCUELA EN EL PARAJE LA FIRMEZA"},"content":{"rendered":"\n<p>Los cortes de cintas en cada establecimiento fueron realizados junto con la directora, Lili Romero, acompa\u00f1ados por el vicegobernador Carlos Silva Neder y la ministra de Educaci\u00f3n, Mariela Nassif.<\/p>\n\n\n\n<figure class=\"wp-block-image size-large\"><a href=\"https:\/\/i0.wp.com\/elterritorialweb.com.ar\/web\/wp-content\/uploads\/2022\/08\/la-firmeza-escuela1.jpeg\"><img data-recalc-dims=\"1\" decoding=\"async\" width=\"640\" height=\"448\" data-src=\"https:\/\/i0.wp.com\/elterritorialweb.com.ar\/web\/wp-content\/uploads\/2022\/08\/la-firmeza-escuela1-1024x716.jpeg?resize=640%2C448\" alt=\"\" class=\"wp-image-43389 lazyload\" data-srcset=\"https:\/\/i0.wp.com\/elterritorialweb.com.ar\/web\/wp-content\/uploads\/2022\/08\/la-firmeza-escuela1.jpeg?resize=1024%2C716 1024w, https:\/\/i0.wp.com\/elterritorialweb.com.ar\/web\/wp-content\/uploads\/2022\/08\/la-firmeza-escuela1.jpeg?resize=300%2C210 300w, https:\/\/i0.wp.com\/elterritorialweb.com.ar\/web\/wp-content\/uploads\/2022\/08\/la-firmeza-escuela1.jpeg?resize=768%2C537 768w, https:\/\/i0.wp.com\/elterritorialweb.com.ar\/web\/wp-content\/uploads\/2022\/08\/la-firmeza-escuela1.jpeg?w=1516 1516w, https:\/\/i0.wp.com\/elterritorialweb.com.ar\/web\/wp-content\/uploads\/2022\/08\/la-firmeza-escuela1.jpeg?w=1280 1280w\" data-sizes=\"(max-width: 640px) 100vw, 640px\" src=\"data:image\/svg+xml;base64,PHN2ZyB3aWR0aD0iMSIgaGVpZ2h0PSIxIiB4bWxucz0iaHR0cDovL3d3dy53My5vcmcvMjAwMC9zdmciPjwvc3ZnPg==\" style=\"--smush-placeholder-width: 640px; --smush-placeholder-aspect-ratio: 640\/448;\" \/><\/a><\/figure>\n\n\n\n<p>Tambi\u00e9n particip\u00f3 el intendente de Monte Quemado, Osvaldo Castillo, y autoridades municipales de la zona.<\/p>\n\n\n\n<p>En la escuela se realiz\u00f3 la refacci\u00f3n de tres aulas, direcci\u00f3n, cocina comedor y el cambio total del techo. Adem\u00e1s del cambio de pisos y aberturas, y la construcci\u00f3n de un patio cubierto, cerca perimetral, fog\u00f3n y aljibe.<\/p>\n\n\n\n<figure class=\"wp-block-image size-large\"><a href=\"https:\/\/i0.wp.com\/elterritorialweb.com.ar\/web\/wp-content\/uploads\/2022\/08\/la-firmeza-escuela2.jpeg\"><img data-recalc-dims=\"1\" decoding=\"async\" width=\"640\" height=\"426\" data-src=\"https:\/\/i0.wp.com\/elterritorialweb.com.ar\/web\/wp-content\/uploads\/2022\/08\/la-firmeza-escuela2-1024x682.jpeg?resize=640%2C426\" alt=\"\" class=\"wp-image-43390 lazyload\" data-srcset=\"https:\/\/i0.wp.com\/elterritorialweb.com.ar\/web\/wp-content\/uploads\/2022\/08\/la-firmeza-escuela2.jpeg?resize=1024%2C682 1024w, https:\/\/i0.wp.com\/elterritorialweb.com.ar\/web\/wp-content\/uploads\/2022\/08\/la-firmeza-escuela2.jpeg?resize=300%2C200 300w, https:\/\/i0.wp.com\/elterritorialweb.com.ar\/web\/wp-content\/uploads\/2022\/08\/la-firmeza-escuela2.jpeg?resize=768%2C512 768w, https:\/\/i0.wp.com\/elterritorialweb.com.ar\/web\/wp-content\/uploads\/2022\/08\/la-firmeza-escuela2.jpeg?w=1280 1280w\" data-sizes=\"(max-width: 640px) 100vw, 640px\" src=\"data:image\/svg+xml;base64,PHN2ZyB3aWR0aD0iMSIgaGVpZ2h0PSIxIiB4bWxucz0iaHR0cDovL3d3dy53My5vcmcvMjAwMC9zdmciPjwvc3ZnPg==\" style=\"--smush-placeholder-width: 640px; --smush-placeholder-aspect-ratio: 640\/426;\" \/><\/a><\/figure>\n\n\n\n<p>El flamante jard\u00edn cuenta con una sala integrada, completamente equipada con herramientas pedag\u00f3gicas y materiales de trabajo para los ni\u00f1os.<\/p>\n\n\n\n<p>En el acto, Zamora expres\u00f3 su compromiso para que los chicos de la zona puedan continuar los estudios secundarios a distancia. Tambi\u00e9n dijo que se est\u00e1 trabajando para llevar electricidad e Internet para los pobladores de La Firmeza y sus alrededores.<\/p>\n\n\n\n<figure class=\"wp-block-image size-large\"><a href=\"https:\/\/i0.wp.com\/elterritorialweb.com.ar\/web\/wp-content\/uploads\/2022\/08\/la-firmeza-escue.jpeg\"><img data-recalc-dims=\"1\" decoding=\"async\" width=\"640\" height=\"427\" data-src=\"https:\/\/i0.wp.com\/elterritorialweb.com.ar\/web\/wp-content\/uploads\/2022\/08\/la-firmeza-escue-1024x683.jpeg?resize=640%2C427\" alt=\"\" class=\"wp-image-43391 lazyload\" data-srcset=\"https:\/\/i0.wp.com\/elterritorialweb.com.ar\/web\/wp-content\/uploads\/2022\/08\/la-firmeza-escue.jpeg?resize=1024%2C683 1024w, https:\/\/i0.wp.com\/elterritorialweb.com.ar\/web\/wp-content\/uploads\/2022\/08\/la-firmeza-escue.jpeg?resize=300%2C200 300w, https:\/\/i0.wp.com\/elterritorialweb.com.ar\/web\/wp-content\/uploads\/2022\/08\/la-firmeza-escue.jpeg?resize=768%2C512 768w, https:\/\/i0.wp.com\/elterritorialweb.com.ar\/web\/wp-content\/uploads\/2022\/08\/la-firmeza-escue.jpeg?resize=1536%2C1024 1536w, https:\/\/i0.wp.com\/elterritorialweb.com.ar\/web\/wp-content\/uploads\/2022\/08\/la-firmeza-escue.jpeg?w=1599 1599w, https:\/\/i0.wp.com\/elterritorialweb.com.ar\/web\/wp-content\/uploads\/2022\/08\/la-firmeza-escue.jpeg?w=1280 1280w\" data-sizes=\"(max-width: 640px) 100vw, 640px\" src=\"data:image\/svg+xml;base64,PHN2ZyB3aWR0aD0iMSIgaGVpZ2h0PSIxIiB4bWxucz0iaHR0cDovL3d3dy53My5vcmcvMjAwMC9zdmciPjwvc3ZnPg==\" style=\"--smush-placeholder-width: 640px; --smush-placeholder-aspect-ratio: 640\/427;\" \/><\/a><\/figure>\n\n\n\n<p>En este marco destac\u00f3 &nbsp;el trabajo de los docentes que garantizan la educaci\u00f3n de miles de alumnos en todo el territorio provincial y que contribuyen a fortalecer el arraigo en su lugar de origen.<\/p>\n\n\n\n<p>Tambi\u00e9n valor\u00f3 la tarea de todo el sistema de salud que sigue luchando contra la pandemia de covid.<\/p>\n\n\n\n<figure class=\"wp-block-image size-large\"><a href=\"https:\/\/i0.wp.com\/elterritorialweb.com.ar\/web\/wp-content\/uploads\/2022\/08\/la-firmeza-jardin.jpeg\"><img data-recalc-dims=\"1\" decoding=\"async\" width=\"640\" height=\"427\" data-src=\"https:\/\/i0.wp.com\/elterritorialweb.com.ar\/web\/wp-content\/uploads\/2022\/08\/la-firmeza-jardin.jpeg?resize=640%2C427\" alt=\"\" class=\"wp-image-43392 lazyload\" data-srcset=\"https:\/\/i0.wp.com\/elterritorialweb.com.ar\/web\/wp-content\/uploads\/2022\/08\/la-firmeza-jardin.jpeg?resize=1024%2C683 1024w, https:\/\/i0.wp.com\/elterritorialweb.com.ar\/web\/wp-content\/uploads\/2022\/08\/la-firmeza-jardin.jpeg?resize=300%2C200 300w, https:\/\/i0.wp.com\/elterritorialweb.com.ar\/web\/wp-content\/uploads\/2022\/08\/la-firmeza-jardin.jpeg?resize=768%2C512 768w, https:\/\/i0.wp.com\/elterritorialweb.com.ar\/web\/wp-content\/uploads\/2022\/08\/la-firmeza-jardin.jpeg?resize=1536%2C1024 1536w, https:\/\/i0.wp.com\/elterritorialweb.com.ar\/web\/wp-content\/uploads\/2022\/08\/la-firmeza-jardin.jpeg?w=1599 1599w, https:\/\/i0.wp.com\/elterritorialweb.com.ar\/web\/wp-content\/uploads\/2022\/08\/la-firmeza-jardin.jpeg?w=1280 1280w\" data-sizes=\"(max-width: 640px) 100vw, 640px\" src=\"data:image\/svg+xml;base64,PHN2ZyB3aWR0aD0iMSIgaGVpZ2h0PSIxIiB4bWxucz0iaHR0cDovL3d3dy53My5vcmcvMjAwMC9zdmciPjwvc3ZnPg==\" style=\"--smush-placeholder-width: 640px; --smush-placeholder-aspect-ratio: 640\/427;\" \/><\/a><\/figure>\n\n\n\n<p>No obstante, hizo un llamado para mantener los cuidados necesarios y cumplir con el esquema de vacunaci\u00f3n para volver pronto a la normalidad plena.<\/p>\n\n\n\n<p><\/p>\n","protected":false},"excerpt":{"rendered":"<p>El gobernador Gerardo Zamora visit\u00f3 este martes el paraje La Firmeza, a 35 kil\u00f3metros de Monte Quemado, en el departamento Copo, donde habilit\u00f3 el edificio totalmente refaccionado de la Escuela N\u00b0 1005 -para 39 alumnos- y dej\u00f3 inaugurado el nuevo local del Jard\u00edn de Infantes Anexo N\u00b0 896, a donde concurren 7 chicos de 3 a 5 a\u00f1os.<\/p>\n","protected":false},"author":2,"featured_media":43388,"comment_status":"open","ping_status":"open","sticky":false,"template":"","format":"standard","meta":{"om_disable_all_campaigns":false,"_monsterinsights_skip_tracking":false,"_monsterinsights_sitenote_active":false,"_monsterinsights_sitenote_note":"","_monsterinsights_sitenote_category":0,"_uf_show_specific_survey":0,"_uf_disable_surveys":false,"jetpack_post_was_ever_published":false,"_jetpack_newsletter_access":"","_jetpack_dont_email_post_to_subs":false,"_jetpack_newsletter_tier_id":0,"_jetpack_memberships_contains_paywalled_content":false,"_jetpack_memberships_contains_paid_content":false,"footnotes":"","jetpack_publicize_message":"","jetpack_publicize_feature_enabled":true,"jetpack_social_post_already_shared":false,"jetpack_social_options":{"image_generator_settings":{"template":"highway","default_image_id":0,"font":"","enabled":false},"version":2}},"categories":[21],"tags":[],"class_list":["post-43387","post","type-post","status-publish","format-standard","has-post-thumbnail","hentry","category-locales"],"aioseo_notices":[],"views":5,"jetpack_publicize_connections":[],"jetpack_featured_media_url":"https:\/\/i0.wp.com\/elterritorialweb.com.ar\/web\/wp-content\/uploads\/2022\/08\/la-firmeza-escuela.jpeg?fit=1599%2C1066","jetpack_sharing_enabled":true,"_links":{"self":[{"href":"http:\/\/elterritorialweb.com.ar\/web\/wp-json\/wp\/v2\/posts\/43387","targetHints":{"allow":["GET"]}}],"collection":[{"href":"http:\/\/elterritorialweb.com.ar\/web\/wp-json\/wp\/v2\/posts"}],"about":[{"href":"http:\/\/elterritorialweb.com.ar\/web\/wp-json\/wp\/v2\/types\/post"}],"author":[{"embeddable":true,"href":"http:\/\/elterritorialweb.com.ar\/web\/wp-json\/wp\/v2\/users\/2"}],"replies":[{"embeddable":true,"href":"http:\/\/elterritorialweb.com.ar\/web\/wp-json\/wp\/v2\/comments?post=43387"}],"version-history":[{"count":1,"href":"http:\/\/elterritorialweb.com.ar\/web\/wp-json\/wp\/v2\/posts\/43387\/revisions"}],"predecessor-version":[{"id":43393,"href":"http:\/\/elterritorialweb.com.ar\/web\/wp-json\/wp\/v2\/posts\/43387\/revisions\/43393"}],"wp:featuredmedia":[{"embeddable":true,"href":"http:\/\/elterritorialweb.com.ar\/web\/wp-json\/wp\/v2\/media\/43388"}],"wp:attachment":[{"href":"http:\/\/elterritorialweb.com.ar\/web\/wp-json\/wp\/v2\/media?parent=43387"}],"wp:term":[{"taxonomy":"category","embeddable":true,"href":"http:\/\/elterritorialweb.com.ar\/web\/wp-json\/wp\/v2\/categories?post=43387"},{"taxonomy":"post_tag","embeddable":true,"href":"http:\/\/elterritorialweb.com.ar\/web\/wp-json\/wp\/v2\/tags?post=43387"}],"curies":[{"name":"wp","href":"https:\/\/api.w.org\/{rel}","templated":true}]}}