{"id":43394,"date":"2022-08-09T18:40:42","date_gmt":"2022-08-09T18:40:42","guid":{"rendered":"http:\/\/elterritorialweb.com.ar\/web\/?p=43394"},"modified":"2022-08-09T18:40:43","modified_gmt":"2022-08-09T18:40:43","slug":"ya-se-palpita-la-tradicional-fiesta-del-violinero-en-la-banda","status":"publish","type":"post","link":"http:\/\/elterritorialweb.com.ar\/web\/ya-se-palpita-la-tradicional-fiesta-del-violinero-en-la-banda\/","title":{"rendered":"YA SE PALPITA LA TRADICIONAL FIESTA DEL VIOLINERO EN LA BANDA"},"content":{"rendered":"\n<p>\u00abLa Fiesta del Violinero\u00bb, de N\u00e9stor Garnica, sigue siendo uno de los espacios pe\u00f1eros m\u00e1s visitados por quienes viajan en Agosto a Santiago del Estero. Esta vez, no ser\u00e1 la excepci\u00f3n.<br><em>\u00abNaci\u00f3 hace m\u00e1s de una d\u00e9cada. La hemos instalado como pe\u00f1a, como un lugar donde se vienen a mostrar muchos. Es un espacio multicultural\u00bb<\/em>, expresa Garnica<\/p>\n\n\n\n<p>Y es el mismo N\u00e9stor Garnica quien confirma la realizaci\u00f3n de la tradicional Fiesta del Violinero, que se une a la celebraci\u00f3n de la Fiesta de la Abuela, desde el escenario del Club Ol\u00edmpico: esta vez, el Domingo 14 de Agosto; con una grilla pensada en los santiague\u00f1os y tambi\u00e9n en los turistas. Se presentar\u00e1n N\u00e9stor Garnica, Horacio Banegas, Mart\u00edn Paz, Juanjo Abreg\u00fa, Hern\u00e1n Nieto, Luisa Galvan, La t\u00edpica Santiague\u00f1a y Karen Quiroga.<\/p>\n\n\n\n<figure class=\"wp-block-video\"><video height=\"640\" style=\"aspect-ratio: 640 \/ 640;\" width=\"640\" controls src=\"http:\/\/elterritorialweb.com.ar\/web\/wp-content\/uploads\/2022\/08\/WhatsApp-Video-2022-08-09-at-5.06.37-PM.mp4\"><\/video><\/figure>\n\n\n\n<p>N\u00e9stor reconoci\u00f3 que cada vez encuentra en su Fiesta del Violinero a m\u00e1s p\u00fablico que concurre desde provincias como Buenos Aires, C\u00f3rdoba, Santa Fe, Tucum\u00e1n, Catamarca, Chaco y otras tantas.<br>Para disfrutar de la Fiesta del Violinero el p\u00fablico podr\u00e1 comprar -en efectivo, tarjetas de d\u00e9bito y cr\u00e9dito- las entradas en los \u00fanicos lugares habilitados para la misma: Pago Donde Nac\u00ed (Independencia 553) y Entradaweb.com<\/p>\n\n\n\n<figure class=\"wp-block-image size-large\"><a href=\"https:\/\/i0.wp.com\/elterritorialweb.com.ar\/web\/wp-content\/uploads\/2022\/08\/WhatsApp-Image-2022-08-09-at-5.04.33-PM.jpeg\"><img data-recalc-dims=\"1\" decoding=\"async\" width=\"640\" height=\"944\" data-src=\"https:\/\/i0.wp.com\/elterritorialweb.com.ar\/web\/wp-content\/uploads\/2022\/08\/WhatsApp-Image-2022-08-09-at-5.04.33-PM.jpeg?resize=640%2C944\" alt=\"\" class=\"wp-image-43396 lazyload\" data-srcset=\"https:\/\/i0.wp.com\/elterritorialweb.com.ar\/web\/wp-content\/uploads\/2022\/08\/WhatsApp-Image-2022-08-09-at-5.04.33-PM.jpeg?resize=694%2C1024 694w, https:\/\/i0.wp.com\/elterritorialweb.com.ar\/web\/wp-content\/uploads\/2022\/08\/WhatsApp-Image-2022-08-09-at-5.04.33-PM.jpeg?resize=203%2C300 203w, https:\/\/i0.wp.com\/elterritorialweb.com.ar\/web\/wp-content\/uploads\/2022\/08\/WhatsApp-Image-2022-08-09-at-5.04.33-PM.jpeg?resize=768%2C1134 768w, https:\/\/i0.wp.com\/elterritorialweb.com.ar\/web\/wp-content\/uploads\/2022\/08\/WhatsApp-Image-2022-08-09-at-5.04.33-PM.jpeg?w=867 867w\" data-sizes=\"(max-width: 640px) 100vw, 640px\" src=\"data:image\/svg+xml;base64,PHN2ZyB3aWR0aD0iMSIgaGVpZ2h0PSIxIiB4bWxucz0iaHR0cDovL3d3dy53My5vcmcvMjAwMC9zdmciPjwvc3ZnPg==\" style=\"--smush-placeholder-width: 640px; --smush-placeholder-aspect-ratio: 640\/944;\" \/><\/a><\/figure>\n","protected":false},"excerpt":{"rendered":"<p>Se realizar\u00e1 el pr\u00f3ximo domingo 14 de agosto, desde las 22 hs.,en el Club Ciclista Ol\u00edmpico de la ciudad de La Banda. <\/p>\n","protected":false},"author":2,"featured_media":43395,"comment_status":"open","ping_status":"open","sticky":false,"template":"","format":"standard","meta":{"om_disable_all_campaigns":false,"_monsterinsights_skip_tracking":false,"_monsterinsights_sitenote_active":false,"_monsterinsights_sitenote_note":"","_monsterinsights_sitenote_category":0,"_uf_show_specific_survey":0,"_uf_disable_surveys":false,"jetpack_post_was_ever_published":false,"_jetpack_newsletter_access":"","_jetpack_dont_email_post_to_subs":false,"_jetpack_newsletter_tier_id":0,"_jetpack_memberships_contains_paywalled_content":false,"_jetpack_memberships_contains_paid_content":false,"footnotes":"","jetpack_publicize_message":"","jetpack_publicize_feature_enabled":true,"jetpack_social_post_already_shared":false,"jetpack_social_options":{"image_generator_settings":{"template":"highway","default_image_id":0,"font":"","enabled":false},"version":2}},"categories":[20],"tags":[],"class_list":["post-43394","post","type-post","status-publish","format-standard","has-post-thumbnail","hentry","category-especysociales"],"aioseo_notices":[],"views":19,"jetpack_publicize_connections":[],"jetpack_featured_media_url":"https:\/\/i0.wp.com\/elterritorialweb.com.ar\/web\/wp-content\/uploads\/2022\/08\/image-14.png?fit=1200%2C675","jetpack_sharing_enabled":true,"_links":{"self":[{"href":"http:\/\/elterritorialweb.com.ar\/web\/wp-json\/wp\/v2\/posts\/43394","targetHints":{"allow":["GET"]}}],"collection":[{"href":"http:\/\/elterritorialweb.com.ar\/web\/wp-json\/wp\/v2\/posts"}],"about":[{"href":"http:\/\/elterritorialweb.com.ar\/web\/wp-json\/wp\/v2\/types\/post"}],"author":[{"embeddable":true,"href":"http:\/\/elterritorialweb.com.ar\/web\/wp-json\/wp\/v2\/users\/2"}],"replies":[{"embeddable":true,"href":"http:\/\/elterritorialweb.com.ar\/web\/wp-json\/wp\/v2\/comments?post=43394"}],"version-history":[{"count":1,"href":"http:\/\/elterritorialweb.com.ar\/web\/wp-json\/wp\/v2\/posts\/43394\/revisions"}],"predecessor-version":[{"id":43398,"href":"http:\/\/elterritorialweb.com.ar\/web\/wp-json\/wp\/v2\/posts\/43394\/revisions\/43398"}],"wp:featuredmedia":[{"embeddable":true,"href":"http:\/\/elterritorialweb.com.ar\/web\/wp-json\/wp\/v2\/media\/43395"}],"wp:attachment":[{"href":"http:\/\/elterritorialweb.com.ar\/web\/wp-json\/wp\/v2\/media?parent=43394"}],"wp:term":[{"taxonomy":"category","embeddable":true,"href":"http:\/\/elterritorialweb.com.ar\/web\/wp-json\/wp\/v2\/categories?post=43394"},{"taxonomy":"post_tag","embeddable":true,"href":"http:\/\/elterritorialweb.com.ar\/web\/wp-json\/wp\/v2\/tags?post=43394"}],"curies":[{"name":"wp","href":"https:\/\/api.w.org\/{rel}","templated":true}]}}