{"id":43399,"date":"2022-08-09T19:19:29","date_gmt":"2022-08-09T19:19:29","guid":{"rendered":"http:\/\/elterritorialweb.com.ar\/web\/?p=43399"},"modified":"2022-08-09T19:29:05","modified_gmt":"2022-08-09T19:29:05","slug":"fernandez-tenemos-que-acercar-la-produccion-de-alimentos-a-cada-comunidad","status":"publish","type":"post","link":"http:\/\/elterritorialweb.com.ar\/web\/fernandez-tenemos-que-acercar-la-produccion-de-alimentos-a-cada-comunidad\/","title":{"rendered":"FERN\u00c1NDEZ: \u00abTENEMOS QUE ACERCAR LA PRODUCCI\u00d3N DE ALIMENTOS A CADA COMUNIDAD\u00bb"},"content":{"rendered":"\n<p>\u201cHoy estamos dando un paso muy importante que se va a repetir en varios municipios de la Provincia, y que quisiera llevar a todo el pa\u00eds. Tenemos que acercar la producci\u00f3n de alimentos a cada comunidad, tenemos que descentralizarla y conf\u00edo en que lo vamos a poder hacer en unidad\u201d, afirm\u00f3 el mandatario acompa\u00f1ado por la intendenta interina de Lomas de Zamora, Marina Lesci; el secretario de Comercio, Mat\u00edas Tombolini; y la presidenta del Consejo Nacional de Coordinaci\u00f3n de Pol\u00edticas Sociales, Marisol Merquel.<\/p>\n\n\n\n<figure class=\"wp-block-image size-large\"><a href=\"https:\/\/i0.wp.com\/elterritorialweb.com.ar\/web\/wp-content\/uploads\/2022\/08\/LomasZ3.jpg\"><img data-recalc-dims=\"1\" decoding=\"async\" width=\"640\" height=\"426\" data-src=\"https:\/\/i0.wp.com\/elterritorialweb.com.ar\/web\/wp-content\/uploads\/2022\/08\/LomasZ3.jpg?resize=640%2C426\" alt=\"\" class=\"wp-image-43406 lazyload\" data-srcset=\"https:\/\/i0.wp.com\/elterritorialweb.com.ar\/web\/wp-content\/uploads\/2022\/08\/LomasZ3.jpg?resize=1024%2C682 1024w, https:\/\/i0.wp.com\/elterritorialweb.com.ar\/web\/wp-content\/uploads\/2022\/08\/LomasZ3.jpg?resize=300%2C200 300w, https:\/\/i0.wp.com\/elterritorialweb.com.ar\/web\/wp-content\/uploads\/2022\/08\/LomasZ3.jpg?resize=768%2C512 768w, https:\/\/i0.wp.com\/elterritorialweb.com.ar\/web\/wp-content\/uploads\/2022\/08\/LomasZ3.jpg?resize=1536%2C1024 1536w, https:\/\/i0.wp.com\/elterritorialweb.com.ar\/web\/wp-content\/uploads\/2022\/08\/LomasZ3.jpg?w=1940 1940w, https:\/\/i0.wp.com\/elterritorialweb.com.ar\/web\/wp-content\/uploads\/2022\/08\/LomasZ3.jpg?w=1280 1280w\" data-sizes=\"(max-width: 640px) 100vw, 640px\" src=\"data:image\/svg+xml;base64,PHN2ZyB3aWR0aD0iMSIgaGVpZ2h0PSIxIiB4bWxucz0iaHR0cDovL3d3dy53My5vcmcvMjAwMC9zdmciPjwvc3ZnPg==\" style=\"--smush-placeholder-width: 640px; --smush-placeholder-aspect-ratio: 640\/426;\" \/><\/a><\/figure>\n\n\n\n<p>\u201cSi el Estado no est\u00e1 presente la sociedad es una jungla donde los m\u00e1s fuertes se comen a los m\u00e1s d\u00e9biles\u201d, formul\u00f3 el Presidente, al tiempo que afirm\u00f3: \u201cCuando trabajamos juntos tenemos la posibilidad de encontrar mejores resultados, el valor de la unidad es muy importante y no debemos perderlo nunca\u201d.<\/p>\n\n\n\n<figure class=\"wp-block-image size-large\"><a href=\"https:\/\/i0.wp.com\/elterritorialweb.com.ar\/web\/wp-content\/uploads\/2022\/08\/LomasZ9.jpg\"><img data-recalc-dims=\"1\" decoding=\"async\" width=\"640\" height=\"426\" data-src=\"https:\/\/i0.wp.com\/elterritorialweb.com.ar\/web\/wp-content\/uploads\/2022\/08\/LomasZ9.jpg?resize=640%2C426\" alt=\"\" class=\"wp-image-43401 lazyload\" data-srcset=\"https:\/\/i0.wp.com\/elterritorialweb.com.ar\/web\/wp-content\/uploads\/2022\/08\/LomasZ9.jpg?resize=1024%2C682 1024w, https:\/\/i0.wp.com\/elterritorialweb.com.ar\/web\/wp-content\/uploads\/2022\/08\/LomasZ9.jpg?resize=300%2C200 300w, https:\/\/i0.wp.com\/elterritorialweb.com.ar\/web\/wp-content\/uploads\/2022\/08\/LomasZ9.jpg?resize=768%2C512 768w, https:\/\/i0.wp.com\/elterritorialweb.com.ar\/web\/wp-content\/uploads\/2022\/08\/LomasZ9.jpg?resize=1536%2C1024 1536w, https:\/\/i0.wp.com\/elterritorialweb.com.ar\/web\/wp-content\/uploads\/2022\/08\/LomasZ9.jpg?w=1940 1940w, https:\/\/i0.wp.com\/elterritorialweb.com.ar\/web\/wp-content\/uploads\/2022\/08\/LomasZ9.jpg?w=1280 1280w\" data-sizes=\"(max-width: 640px) 100vw, 640px\" src=\"data:image\/svg+xml;base64,PHN2ZyB3aWR0aD0iMSIgaGVpZ2h0PSIxIiB4bWxucz0iaHR0cDovL3d3dy53My5vcmcvMjAwMC9zdmciPjwvc3ZnPg==\" style=\"--smush-placeholder-width: 640px; --smush-placeholder-aspect-ratio: 640\/426;\" \/><\/a><\/figure>\n\n\n\n<p>En este marco, el jefe de Estado adelant\u00f3 que \u201ccon Sergio (Massa), vamos convocar a los empresarios, a sindicatos para marcar una hoja de ruta, alinear precios y salarios por los pr\u00f3ximos 60 d\u00edas, para que los argentinos dejen de padecer la inestabilidad que hoy viven\u201d.<\/p>\n\n\n\n<figure class=\"wp-block-image size-large\"><a href=\"https:\/\/i0.wp.com\/elterritorialweb.com.ar\/web\/wp-content\/uploads\/2022\/08\/LomasZ1.jpg\"><img data-recalc-dims=\"1\" decoding=\"async\" width=\"640\" height=\"426\" data-src=\"https:\/\/i0.wp.com\/elterritorialweb.com.ar\/web\/wp-content\/uploads\/2022\/08\/LomasZ1.jpg?resize=640%2C426\" alt=\"\" class=\"wp-image-43408 lazyload\" data-srcset=\"https:\/\/i0.wp.com\/elterritorialweb.com.ar\/web\/wp-content\/uploads\/2022\/08\/LomasZ1.jpg?resize=1024%2C682 1024w, https:\/\/i0.wp.com\/elterritorialweb.com.ar\/web\/wp-content\/uploads\/2022\/08\/LomasZ1.jpg?resize=300%2C200 300w, https:\/\/i0.wp.com\/elterritorialweb.com.ar\/web\/wp-content\/uploads\/2022\/08\/LomasZ1.jpg?resize=768%2C512 768w, https:\/\/i0.wp.com\/elterritorialweb.com.ar\/web\/wp-content\/uploads\/2022\/08\/LomasZ1.jpg?resize=1536%2C1024 1536w, https:\/\/i0.wp.com\/elterritorialweb.com.ar\/web\/wp-content\/uploads\/2022\/08\/LomasZ1.jpg?w=1940 1940w, https:\/\/i0.wp.com\/elterritorialweb.com.ar\/web\/wp-content\/uploads\/2022\/08\/LomasZ1.jpg?w=1280 1280w\" data-sizes=\"(max-width: 640px) 100vw, 640px\" src=\"data:image\/svg+xml;base64,PHN2ZyB3aWR0aD0iMSIgaGVpZ2h0PSIxIiB4bWxucz0iaHR0cDovL3d3dy53My5vcmcvMjAwMC9zdmciPjwvc3ZnPg==\" style=\"--smush-placeholder-width: 640px; --smush-placeholder-aspect-ratio: 640\/426;\" \/><\/a><\/figure>\n\n\n\n<p>\u201cEs una responsabilidad de todos y de cada uno. Vamos a dar vuelta una p\u00e1gina para que la Argentina pueda aprovechar las oportunidades del futuro. El mundo va a demandar alimentos en los pr\u00f3ximos a\u00f1os y la Argentina puede ser una gran productora de alimentos\u201d, se\u00f1al\u00f3.<\/p>\n\n\n\n<p>La propuesta incluir\u00e1 un listado de productos cuyo costo se ubicar\u00e1 por debajo de los contemplados en el programa Precios Cuidados, y en promedio se podr\u00e1n adquirir a mitad del precio de venta de las grandes cadenas de supermercados.<\/p>\n\n\n\n<figure class=\"wp-block-image size-large\"><a href=\"https:\/\/i0.wp.com\/elterritorialweb.com.ar\/web\/wp-content\/uploads\/2022\/08\/LomasZ2.jpg\"><img data-recalc-dims=\"1\" decoding=\"async\" width=\"640\" height=\"426\" data-src=\"https:\/\/i0.wp.com\/elterritorialweb.com.ar\/web\/wp-content\/uploads\/2022\/08\/LomasZ2.jpg?resize=640%2C426\" alt=\"\" class=\"wp-image-43407 lazyload\" data-srcset=\"https:\/\/i0.wp.com\/elterritorialweb.com.ar\/web\/wp-content\/uploads\/2022\/08\/LomasZ2.jpg?resize=1024%2C682 1024w, https:\/\/i0.wp.com\/elterritorialweb.com.ar\/web\/wp-content\/uploads\/2022\/08\/LomasZ2.jpg?resize=300%2C200 300w, https:\/\/i0.wp.com\/elterritorialweb.com.ar\/web\/wp-content\/uploads\/2022\/08\/LomasZ2.jpg?resize=768%2C512 768w, https:\/\/i0.wp.com\/elterritorialweb.com.ar\/web\/wp-content\/uploads\/2022\/08\/LomasZ2.jpg?resize=1536%2C1024 1536w, https:\/\/i0.wp.com\/elterritorialweb.com.ar\/web\/wp-content\/uploads\/2022\/08\/LomasZ2.jpg?w=1940 1940w, https:\/\/i0.wp.com\/elterritorialweb.com.ar\/web\/wp-content\/uploads\/2022\/08\/LomasZ2.jpg?w=1280 1280w\" data-sizes=\"(max-width: 640px) 100vw, 640px\" src=\"data:image\/svg+xml;base64,PHN2ZyB3aWR0aD0iMSIgaGVpZ2h0PSIxIiB4bWxucz0iaHR0cDovL3d3dy53My5vcmcvMjAwMC9zdmciPjwvc3ZnPg==\" style=\"--smush-placeholder-width: 640px; --smush-placeholder-aspect-ratio: 640\/426;\" \/><\/a><\/figure>\n\n\n\n<p>El proyecto, que se realiz\u00f3 a trav\u00e9s de una inversi\u00f3n conjunta de los gobiernos nacional y provincial, mediante los programas Mercados MultiplicAR y Mercados Bonaerenses, beneficiar\u00e1 a m\u00e1s de 800 mil personas e incluir\u00e1 servicios de carnicer\u00eda, verduler\u00eda, fiambrer\u00eda, poller\u00eda, pescader\u00eda, panader\u00eda, art\u00edculos de limpieza y productos de elaboraci\u00f3n local.<\/p>\n\n\n\n<p>Por su parte, el gobernador Axel Kicillof precis\u00f3 que \u201cdonde el mercado no llega tiene que estar el Estado y donde el mercado no ve rentabilidad y ganancias hay necesidades y derechos\u201d, al tiempo que subray\u00f3 que \u201cla virtud de estos mercados es que juntan directamente al que produce y al que consume, eliminan eslabones, costos, especulaci\u00f3n y precios artificiales\u201d.<\/p>\n\n\n\n<figure class=\"wp-block-image size-large\"><a href=\"https:\/\/i0.wp.com\/elterritorialweb.com.ar\/web\/wp-content\/uploads\/2022\/08\/LomasZ5.jpg\"><img data-recalc-dims=\"1\" decoding=\"async\" width=\"640\" height=\"426\" data-src=\"https:\/\/i0.wp.com\/elterritorialweb.com.ar\/web\/wp-content\/uploads\/2022\/08\/LomasZ5.jpg?resize=640%2C426\" alt=\"\" class=\"wp-image-43405 lazyload\" data-srcset=\"https:\/\/i0.wp.com\/elterritorialweb.com.ar\/web\/wp-content\/uploads\/2022\/08\/LomasZ5.jpg?resize=1024%2C682 1024w, https:\/\/i0.wp.com\/elterritorialweb.com.ar\/web\/wp-content\/uploads\/2022\/08\/LomasZ5.jpg?resize=300%2C200 300w, https:\/\/i0.wp.com\/elterritorialweb.com.ar\/web\/wp-content\/uploads\/2022\/08\/LomasZ5.jpg?resize=768%2C512 768w, https:\/\/i0.wp.com\/elterritorialweb.com.ar\/web\/wp-content\/uploads\/2022\/08\/LomasZ5.jpg?resize=1536%2C1024 1536w, https:\/\/i0.wp.com\/elterritorialweb.com.ar\/web\/wp-content\/uploads\/2022\/08\/LomasZ5.jpg?w=1940 1940w, https:\/\/i0.wp.com\/elterritorialweb.com.ar\/web\/wp-content\/uploads\/2022\/08\/LomasZ5.jpg?w=1280 1280w\" data-sizes=\"(max-width: 640px) 100vw, 640px\" src=\"data:image\/svg+xml;base64,PHN2ZyB3aWR0aD0iMSIgaGVpZ2h0PSIxIiB4bWxucz0iaHR0cDovL3d3dy53My5vcmcvMjAwMC9zdmciPjwvc3ZnPg==\" style=\"--smush-placeholder-width: 640px; --smush-placeholder-aspect-ratio: 640\/426;\" \/><\/a><\/figure>\n\n\n\n<p>En este marco, reafirm\u00f3 su \u201ccompromiso y trabajo para acompa\u00f1ar las pol\u00edticas nacionales y para agregar estos instrumentos que permiten abaratar la mercader\u00eda y pagarle el precio justo al productor\u201d.<\/p>\n\n\n\n<p>Sobre la medida, que beneficiar\u00e1 a las y los vecinos de Ingeniero Budge, Villa Fiorito, Santa Catalina, Villa Centenario, Santa Marta y Parque Bar\u00f3n, el jefe de Gabinete bonaerense se\u00f1al\u00f3 que \u201cbajar los precios es un contrato que tenemos con cada argentino y argentina. Por eso hoy estamos inaugurando el primer mercado en Lomas de Zamora y firmando los pr\u00f3ximos diez\u201d.<\/p>\n\n\n\n<figure class=\"wp-block-image size-large\"><a href=\"https:\/\/i0.wp.com\/elterritorialweb.com.ar\/web\/wp-content\/uploads\/2022\/08\/LomasZ7.jpg\"><img data-recalc-dims=\"1\" decoding=\"async\" width=\"640\" height=\"426\" data-src=\"https:\/\/i0.wp.com\/elterritorialweb.com.ar\/web\/wp-content\/uploads\/2022\/08\/LomasZ7.jpg?resize=640%2C426\" alt=\"\" class=\"wp-image-43403 lazyload\" data-srcset=\"https:\/\/i0.wp.com\/elterritorialweb.com.ar\/web\/wp-content\/uploads\/2022\/08\/LomasZ7.jpg?resize=1024%2C682 1024w, https:\/\/i0.wp.com\/elterritorialweb.com.ar\/web\/wp-content\/uploads\/2022\/08\/LomasZ7.jpg?resize=300%2C200 300w, https:\/\/i0.wp.com\/elterritorialweb.com.ar\/web\/wp-content\/uploads\/2022\/08\/LomasZ7.jpg?resize=768%2C512 768w, https:\/\/i0.wp.com\/elterritorialweb.com.ar\/web\/wp-content\/uploads\/2022\/08\/LomasZ7.jpg?resize=1536%2C1024 1536w, https:\/\/i0.wp.com\/elterritorialweb.com.ar\/web\/wp-content\/uploads\/2022\/08\/LomasZ7.jpg?w=1940 1940w, https:\/\/i0.wp.com\/elterritorialweb.com.ar\/web\/wp-content\/uploads\/2022\/08\/LomasZ7.jpg?w=1280 1280w\" data-sizes=\"(max-width: 640px) 100vw, 640px\" src=\"data:image\/svg+xml;base64,PHN2ZyB3aWR0aD0iMSIgaGVpZ2h0PSIxIiB4bWxucz0iaHR0cDovL3d3dy53My5vcmcvMjAwMC9zdmciPjwvc3ZnPg==\" style=\"--smush-placeholder-width: 640px; --smush-placeholder-aspect-ratio: 640\/426;\" \/><\/a><\/figure>\n\n\n\n<p>A su vez, Tombolini indic\u00f3 que \u201cla idea del comercio justo es cuidar el bolsillo de los argentinos y las argentinas\u00bb, y celebr\u00f3 que los intendentes e intendentas \u00abse animen a dar la pelea y que presenten estas alternativas para competir contra aquellos que han querido abusar de los precios en los tiempos turbulentos\u00bb.<\/p>\n\n\n\n<p>Durante la actividad, firmaron el acta de intenci\u00f3n del programa MultiplicAR el gobernador Kicillof, la presidenta del Consejo Nacional de Coordinaci\u00f3n de Pol\u00edticas Sociales, Merquel; y las intendentas de Lomas de Zamora, Marina Lesci; Merlo, Karina Men\u00e9ndez; Malvinas Argentinas, Noelia Correa; y Quilmes, Mayra Mendoza.<\/p>\n\n\n\n<figure class=\"wp-block-image size-large\"><a href=\"https:\/\/i0.wp.com\/elterritorialweb.com.ar\/web\/wp-content\/uploads\/2022\/08\/LomasZ8.jpg\"><img data-recalc-dims=\"1\" decoding=\"async\" width=\"640\" height=\"426\" data-src=\"https:\/\/i0.wp.com\/elterritorialweb.com.ar\/web\/wp-content\/uploads\/2022\/08\/LomasZ8.jpg?resize=640%2C426\" alt=\"\" class=\"wp-image-43402 lazyload\" data-srcset=\"https:\/\/i0.wp.com\/elterritorialweb.com.ar\/web\/wp-content\/uploads\/2022\/08\/LomasZ8.jpg?resize=1024%2C682 1024w, https:\/\/i0.wp.com\/elterritorialweb.com.ar\/web\/wp-content\/uploads\/2022\/08\/LomasZ8.jpg?resize=300%2C200 300w, https:\/\/i0.wp.com\/elterritorialweb.com.ar\/web\/wp-content\/uploads\/2022\/08\/LomasZ8.jpg?resize=768%2C512 768w, https:\/\/i0.wp.com\/elterritorialweb.com.ar\/web\/wp-content\/uploads\/2022\/08\/LomasZ8.jpg?resize=1536%2C1024 1536w, https:\/\/i0.wp.com\/elterritorialweb.com.ar\/web\/wp-content\/uploads\/2022\/08\/LomasZ8.jpg?w=1940 1940w, https:\/\/i0.wp.com\/elterritorialweb.com.ar\/web\/wp-content\/uploads\/2022\/08\/LomasZ8.jpg?w=1280 1280w\" data-sizes=\"(max-width: 640px) 100vw, 640px\" src=\"data:image\/svg+xml;base64,PHN2ZyB3aWR0aD0iMSIgaGVpZ2h0PSIxIiB4bWxucz0iaHR0cDovL3d3dy53My5vcmcvMjAwMC9zdmciPjwvc3ZnPg==\" style=\"--smush-placeholder-width: 640px; --smush-placeholder-aspect-ratio: 640\/426;\" \/><\/a><\/figure>\n\n\n\n<p>Tambi\u00e9n rubricaron el acuerdo los intendentes de Almirante Brown, Juan Jos\u00e9 Fabiani; San Mart\u00edn, Fernando Moreira; Escobar, Carlos Ramil; Avellaneda, Alejo Chornobroff; Florencio Varela, Andr\u00e9s Watson; Mor\u00f3n, Lucas Ghi; y Ensenada, Mario Secco.<\/p>\n\n\n\n<p>Adem\u00e1s, acompa\u00f1aron al mandatario la portavoz presidencial, Gabriela Cerruti; los ministros de Obras P\u00fablicas, Gabriel Katopodis; y de Interior, Eduardo de Pedro; el secretario General de la Presidencia, Julio Vitobello; la diputada nacional, Victoria Tolosa Paz; y la secretaria de Desarrollo Social de Lomas de Zamora, Cristina Guti\u00e9rrez.<\/p>\n","protected":false},"excerpt":{"rendered":"<p>El presidente Alberto Fern\u00e1ndez inaugur\u00f3 este mediod\u00eda, junto al gobernador de Buenos Aires, Axel Kicillof, y el jefe de Gabinete bonaerense, Mart\u00edn Insaurralde, el Mercado Lomas en el partido de Lomas de Zamora, un espacio que buscar\u00e1 acercar a las vecinas y vecinos productos de calidad a precios accesibles.<\/p>\n","protected":false},"author":2,"featured_media":43409,"comment_status":"open","ping_status":"open","sticky":false,"template":"","format":"standard","meta":{"om_disable_all_campaigns":false,"_monsterinsights_skip_tracking":false,"_monsterinsights_sitenote_active":false,"_monsterinsights_sitenote_note":"","_monsterinsights_sitenote_category":0,"_uf_show_specific_survey":0,"_uf_disable_surveys":false,"jetpack_post_was_ever_published":false,"_jetpack_newsletter_access":"","_jetpack_dont_email_post_to_subs":false,"_jetpack_newsletter_tier_id":0,"_jetpack_memberships_contains_paywalled_content":false,"_jetpack_memberships_contains_paid_content":false,"footnotes":"","jetpack_publicize_message":"","jetpack_publicize_feature_enabled":true,"jetpack_social_post_already_shared":false,"jetpack_social_options":{"image_generator_settings":{"template":"highway","default_image_id":0,"font":"","enabled":false},"version":2}},"categories":[4,18],"tags":[],"class_list":["post-43399","post","type-post","status-publish","format-standard","has-post-thumbnail","hentry","category-destacadas","category-politica"],"aioseo_notices":[],"views":6,"jetpack_publicize_connections":[],"jetpack_featured_media_url":"https:\/\/i0.wp.com\/elterritorialweb.com.ar\/web\/wp-content\/uploads\/2022\/08\/LomasZ4.jpg?fit=1940%2C1293","jetpack_sharing_enabled":true,"_links":{"self":[{"href":"http:\/\/elterritorialweb.com.ar\/web\/wp-json\/wp\/v2\/posts\/43399","targetHints":{"allow":["GET"]}}],"collection":[{"href":"http:\/\/elterritorialweb.com.ar\/web\/wp-json\/wp\/v2\/posts"}],"about":[{"href":"http:\/\/elterritorialweb.com.ar\/web\/wp-json\/wp\/v2\/types\/post"}],"author":[{"embeddable":true,"href":"http:\/\/elterritorialweb.com.ar\/web\/wp-json\/wp\/v2\/users\/2"}],"replies":[{"embeddable":true,"href":"http:\/\/elterritorialweb.com.ar\/web\/wp-json\/wp\/v2\/comments?post=43399"}],"version-history":[{"count":1,"href":"http:\/\/elterritorialweb.com.ar\/web\/wp-json\/wp\/v2\/posts\/43399\/revisions"}],"predecessor-version":[{"id":43410,"href":"http:\/\/elterritorialweb.com.ar\/web\/wp-json\/wp\/v2\/posts\/43399\/revisions\/43410"}],"wp:featuredmedia":[{"embeddable":true,"href":"http:\/\/elterritorialweb.com.ar\/web\/wp-json\/wp\/v2\/media\/43409"}],"wp:attachment":[{"href":"http:\/\/elterritorialweb.com.ar\/web\/wp-json\/wp\/v2\/media?parent=43399"}],"wp:term":[{"taxonomy":"category","embeddable":true,"href":"http:\/\/elterritorialweb.com.ar\/web\/wp-json\/wp\/v2\/categories?post=43399"},{"taxonomy":"post_tag","embeddable":true,"href":"http:\/\/elterritorialweb.com.ar\/web\/wp-json\/wp\/v2\/tags?post=43399"}],"curies":[{"name":"wp","href":"https:\/\/api.w.org\/{rel}","templated":true}]}}