{"id":43423,"date":"2022-08-09T20:46:33","date_gmt":"2022-08-09T20:46:33","guid":{"rendered":"http:\/\/elterritorialweb.com.ar\/web\/?p=43423"},"modified":"2022-08-09T21:03:33","modified_gmt":"2022-08-09T21:03:33","slug":"pinto-inician-la-pavimentacion-de-treinta-cuadras-de-la-ciudad","status":"publish","type":"post","link":"http:\/\/elterritorialweb.com.ar\/web\/pinto-inician-la-pavimentacion-de-treinta-cuadras-de-la-ciudad\/","title":{"rendered":"PINTO: INICIAN LA PAVIMENTACI\u00d3N DE TREINTA CUADRAS DE LA CIUDAD"},"content":{"rendered":"\n<p>Con ello se da por iniciada la segunda etapa del proyecto que en total contempla la pavimentaci\u00f3n de cincuenta cuadras.<\/p>\n\n\n\n<p>El <a><\/a>intendente Jorge Leguizam\u00f3n manifest\u00f3 que \u201cya est\u00e1 en marcha la segunda etapa del plan de pavimentaci\u00f3n que contempla treinta cuadras que se sumar\u00e1n a las veinte que ya est\u00e1n hechas y que los pinte\u00f1os disfrutamos a diario\u201d.<\/p>\n\n\n\n<figure class=\"wp-block-image size-large\"><a href=\"https:\/\/i0.wp.com\/elterritorialweb.com.ar\/web\/wp-content\/uploads\/2022\/08\/PAVIMENTO-PINTO-2.jpg\"><img data-recalc-dims=\"1\" decoding=\"async\" width=\"640\" height=\"335\" data-src=\"https:\/\/i0.wp.com\/elterritorialweb.com.ar\/web\/wp-content\/uploads\/2022\/08\/PAVIMENTO-PINTO-2.jpg?resize=640%2C335\" alt=\"\" class=\"wp-image-43425 lazyload\" data-srcset=\"https:\/\/i0.wp.com\/elterritorialweb.com.ar\/web\/wp-content\/uploads\/2022\/08\/PAVIMENTO-PINTO-2.jpg?resize=1024%2C536 1024w, https:\/\/i0.wp.com\/elterritorialweb.com.ar\/web\/wp-content\/uploads\/2022\/08\/PAVIMENTO-PINTO-2.jpg?resize=300%2C157 300w, https:\/\/i0.wp.com\/elterritorialweb.com.ar\/web\/wp-content\/uploads\/2022\/08\/PAVIMENTO-PINTO-2.jpg?resize=768%2C402 768w, https:\/\/i0.wp.com\/elterritorialweb.com.ar\/web\/wp-content\/uploads\/2022\/08\/PAVIMENTO-PINTO-2.jpg?w=1200 1200w\" data-sizes=\"(max-width: 640px) 100vw, 640px\" src=\"data:image\/svg+xml;base64,PHN2ZyB3aWR0aD0iMSIgaGVpZ2h0PSIxIiB4bWxucz0iaHR0cDovL3d3dy53My5vcmcvMjAwMC9zdmciPjwvc3ZnPg==\" style=\"--smush-placeholder-width: 640px; --smush-placeholder-aspect-ratio: 640\/335;\" \/><\/a><\/figure>\n\n\n\n<p>\u201cEsto lo hab\u00edamos mencionado en la plataforma de campa\u00f1a para nuestro segundo mandato y apenas unas horas despu\u00e9s de las elecciones hemos dado inicio. Nos pone muy contentos como equipo y nos deja muy tranquilos porque es otra propuesta que cumplimos\u201d, dijo Leguizam\u00f3n.<\/p>\n\n\n\n<p>Agreg\u00f3 adem\u00e1s que \u201cel apoyo que recibimos del Gobernador Gerardo Zamora es fundamental para los pinte\u00f1os y para que estas obras de gran impacto en vida de los vecinos tengan continuidad\u201d, dijo el funcionario.<\/p>\n\n\n\n<figure class=\"wp-block-image size-large\"><a href=\"https:\/\/i0.wp.com\/elterritorialweb.com.ar\/web\/wp-content\/uploads\/2022\/08\/PAVIMENTO-PINTO.jpg\"><img data-recalc-dims=\"1\" decoding=\"async\" width=\"640\" height=\"335\" data-src=\"https:\/\/i0.wp.com\/elterritorialweb.com.ar\/web\/wp-content\/uploads\/2022\/08\/PAVIMENTO-PINTO.jpg?resize=640%2C335\" alt=\"\" class=\"wp-image-43426 lazyload\" data-srcset=\"https:\/\/i0.wp.com\/elterritorialweb.com.ar\/web\/wp-content\/uploads\/2022\/08\/PAVIMENTO-PINTO.jpg?resize=1024%2C536 1024w, https:\/\/i0.wp.com\/elterritorialweb.com.ar\/web\/wp-content\/uploads\/2022\/08\/PAVIMENTO-PINTO.jpg?resize=300%2C157 300w, https:\/\/i0.wp.com\/elterritorialweb.com.ar\/web\/wp-content\/uploads\/2022\/08\/PAVIMENTO-PINTO.jpg?resize=768%2C402 768w, https:\/\/i0.wp.com\/elterritorialweb.com.ar\/web\/wp-content\/uploads\/2022\/08\/PAVIMENTO-PINTO.jpg?w=1200 1200w\" data-sizes=\"(max-width: 640px) 100vw, 640px\" src=\"data:image\/svg+xml;base64,PHN2ZyB3aWR0aD0iMSIgaGVpZ2h0PSIxIiB4bWxucz0iaHR0cDovL3d3dy53My5vcmcvMjAwMC9zdmciPjwvc3ZnPg==\" style=\"--smush-placeholder-width: 640px; --smush-placeholder-aspect-ratio: 640\/335;\" \/><\/a><\/figure>\n\n\n\n<p>Los trabajos comenzaron en avenida Ram\u00f3n Carrillo y C\u00f3rdoba y luego llegar\u00e1n a avenida del Libertador, Rivadavia, Gorriti, San Juan, Santiago del Estero, Uriarte, Bustos Navarros, 25 de Mayo, entre otras.<\/p>\n","protected":false},"excerpt":{"rendered":"<p>Esta semana se reactiv\u00f3 las obras del plan de pavimentaci\u00f3n de avenidas y calles de la ciudad que ejecuta el Gobierno de la provincia.<\/p>\n","protected":false},"author":2,"featured_media":43424,"comment_status":"open","ping_status":"open","sticky":false,"template":"","format":"standard","meta":{"om_disable_all_campaigns":false,"_monsterinsights_skip_tracking":false,"_monsterinsights_sitenote_active":false,"_monsterinsights_sitenote_note":"","_monsterinsights_sitenote_category":0,"_uf_show_specific_survey":0,"_uf_disable_surveys":false,"jetpack_post_was_ever_published":false,"_jetpack_newsletter_access":"","_jetpack_dont_email_post_to_subs":false,"_jetpack_newsletter_tier_id":0,"_jetpack_memberships_contains_paywalled_content":false,"_jetpack_memberships_contains_paid_content":false,"footnotes":"","jetpack_publicize_message":"","jetpack_publicize_feature_enabled":true,"jetpack_social_post_already_shared":false,"jetpack_social_options":{"image_generator_settings":{"template":"highway","default_image_id":0,"font":"","enabled":false},"version":2}},"categories":[21],"tags":[],"class_list":["post-43423","post","type-post","status-publish","format-standard","has-post-thumbnail","hentry","category-locales"],"aioseo_notices":[],"views":7,"jetpack_publicize_connections":[],"jetpack_featured_media_url":"https:\/\/i0.wp.com\/elterritorialweb.com.ar\/web\/wp-content\/uploads\/2022\/08\/PAVIMENTO-PINTO-PORTADA.jpg?fit=1200%2C628","jetpack_sharing_enabled":true,"_links":{"self":[{"href":"http:\/\/elterritorialweb.com.ar\/web\/wp-json\/wp\/v2\/posts\/43423","targetHints":{"allow":["GET"]}}],"collection":[{"href":"http:\/\/elterritorialweb.com.ar\/web\/wp-json\/wp\/v2\/posts"}],"about":[{"href":"http:\/\/elterritorialweb.com.ar\/web\/wp-json\/wp\/v2\/types\/post"}],"author":[{"embeddable":true,"href":"http:\/\/elterritorialweb.com.ar\/web\/wp-json\/wp\/v2\/users\/2"}],"replies":[{"embeddable":true,"href":"http:\/\/elterritorialweb.com.ar\/web\/wp-json\/wp\/v2\/comments?post=43423"}],"version-history":[{"count":2,"href":"http:\/\/elterritorialweb.com.ar\/web\/wp-json\/wp\/v2\/posts\/43423\/revisions"}],"predecessor-version":[{"id":43429,"href":"http:\/\/elterritorialweb.com.ar\/web\/wp-json\/wp\/v2\/posts\/43423\/revisions\/43429"}],"wp:featuredmedia":[{"embeddable":true,"href":"http:\/\/elterritorialweb.com.ar\/web\/wp-json\/wp\/v2\/media\/43424"}],"wp:attachment":[{"href":"http:\/\/elterritorialweb.com.ar\/web\/wp-json\/wp\/v2\/media?parent=43423"}],"wp:term":[{"taxonomy":"category","embeddable":true,"href":"http:\/\/elterritorialweb.com.ar\/web\/wp-json\/wp\/v2\/categories?post=43423"},{"taxonomy":"post_tag","embeddable":true,"href":"http:\/\/elterritorialweb.com.ar\/web\/wp-json\/wp\/v2\/tags?post=43423"}],"curies":[{"name":"wp","href":"https:\/\/api.w.org\/{rel}","templated":true}]}}