{"id":43430,"date":"2022-08-09T21:20:43","date_gmt":"2022-08-09T21:20:43","guid":{"rendered":"http:\/\/elterritorialweb.com.ar\/web\/?p=43430"},"modified":"2022-08-09T21:40:05","modified_gmt":"2022-08-09T21:40:05","slug":"la-industria-crecio-69-interanual-en-junio-en-argentina","status":"publish","type":"post","link":"http:\/\/elterritorialweb.com.ar\/web\/la-industria-crecio-69-interanual-en-junio-en-argentina\/","title":{"rendered":"LA INDUSTRIA CRECI\u00d3 6,9% INTERANUAL EN JUNIO EN ARGENTINA"},"content":{"rendered":"\n<p>La actividad industrial creci\u00f3 6,9% durante junio en relaci\u00f3n a igual mes del a\u00f1o pasado, y 2,6% en relaci\u00f3n a mayo, inform\u00f3 este martes el Instituto Nacional de Estad\u00edstica y Censos (Indec).<\/p>\n\n\n\n<p>En tanto, el sector de la construcci\u00f3n durante junio aument\u00f3 7,2% interanual, pero retrocedi\u00f3 1,8% en relaci\u00f3n a mayo, detall\u00f3 el organismo.<\/p>\n\n\n\n<p>De esta manera, en el primer semestre del a\u00f1o el sector fabril acumul\u00f3 un alza del 5,9% y el de la construcci\u00f3n del 6,5%.<\/p>\n\n\n\n<figure class=\"wp-block-embed is-type-rich is-provider-twitter wp-block-embed-twitter\"><div class=\"wp-block-embed__wrapper\">\n<blockquote class=\"twitter-tweet\" data-width=\"550\" data-dnt=\"true\"><p lang=\"es\" dir=\"ltr\"><a href=\"https:\/\/twitter.com\/hashtag\/DatoINDEC?src=hash&amp;ref_src=twsrc%5Etfw\">#DatoINDEC<\/a><br>La industria creci\u00f3 6,9% interanual en junio de 2022 y 2,6% respecto del mes previo <a href=\"https:\/\/t.co\/rZYeGZOOv3\">https:\/\/t.co\/rZYeGZOOv3<\/a> <a href=\"https:\/\/t.co\/G9FWaaY5JK\">pic.twitter.com\/G9FWaaY5JK<\/a><\/p>&mdash; INDEC Argentina (@INDECArgentina) <a href=\"https:\/\/twitter.com\/INDECArgentina\/status\/1557080015677816832?ref_src=twsrc%5Etfw\">August 9, 2022<\/a><\/blockquote><script async src=\"https:\/\/platform.twitter.com\/widgets.js\" charset=\"utf-8\"><\/script>\n<\/div><\/figure>\n\n\n\n<p>En junio, catorce de las diecis\u00e9is divisiones de la industria presentaron subas interanuales. En orden de su incidencia en el nivel general, se registraron incrementos en \u00abPrendas de vestir, cuero y calzado\u00bb, 37,6%; \u00abMaquinaria y equipo\u00bb, 18,3%; \u00abOtros equipos, aparatos e instrumentos\u00bb, 28,4%.<\/p>\n\n\n\n<p>Tambi\u00e9n presentaron subas \u00abIndustrias met\u00e1licas b\u00e1sicas\u00bb, 8,9%; \u00abAlimentos y bebidas\u00bb, 1,9%; \u00abProductos minerales no met\u00e1licos\u00bb, 10%; \u00abVeh\u00edculos automotores\u00bb, 11,2%; \u00abSustancias y productos qu\u00edmicos\u00bb, 3,3%; \u00abRefinaci\u00f3n del petr\u00f3leo\u00bb, 12,8%; \u00abMuebles y colchones, y otras industrias manufactureras\u00bb, 7,7%;<\/p>\n\n\n\n<p>Adem\u00e1s, se anotaron aumentos en rubros como Productos de caucho y pl\u00e1stico\u00bb, 3%; \u00abMadera, papel, edici\u00f3n e impresi\u00f3n\u00bb, 1,3%; \u00abOtro equipo de transporte\u00bb, 11,8%; y \u00abProductos textiles\u00bb, 0,2%.<\/p>\n\n\n\n<p>Por su parte, mostraron ca\u00eddas las divisiones correspondientes a \u00abProductos de metal\u00bb, 6,4%; y \u00abTabaco\u00bb; 17,5%.<\/p>\n\n\n\n<figure class=\"wp-block-embed is-type-rich is-provider-twitter wp-block-embed-twitter\"><div class=\"wp-block-embed__wrapper\">\n<blockquote class=\"twitter-tweet\" data-width=\"550\" data-dnt=\"true\"><p lang=\"es\" dir=\"ltr\"><a href=\"https:\/\/twitter.com\/hashtag\/DatoINDEC?src=hash&amp;ref_src=twsrc%5Etfw\">#DatoINDEC<\/a><br>La construcci\u00f3n subi\u00f3 7,2% interanual en junio de 2022 y se retrajo 1,8% respecto del mes previo <a href=\"https:\/\/t.co\/fID09BarPk\">https:\/\/t.co\/fID09BarPk<\/a> <a href=\"https:\/\/t.co\/80RHdbgDdN\">pic.twitter.com\/80RHdbgDdN<\/a><\/p>&mdash; INDEC Argentina (@INDECArgentina) <a href=\"https:\/\/twitter.com\/INDECArgentina\/status\/1557079515972702208?ref_src=twsrc%5Etfw\">August 9, 2022<\/a><\/blockquote><script async src=\"https:\/\/platform.twitter.com\/widgets.js\" charset=\"utf-8\"><\/script>\n<\/div><\/figure>\n\n\n\n<p>En cuanto a los insumos para la construcci\u00f3n en junio mostraron con relaci\u00f3n a igual mes del a\u00f1o anterior subas de 24,5% en hormig\u00f3n elaborado; 22,3% en placas de yeso; 20,6% en el \u00abresto de los insumos\u00bb que incluye grifer\u00eda, tubos de acero sin costura y vidrio.<\/p>\n\n\n\n<p>Tambi\u00e9n cerraron con subas del 15,7% en hierro redondo y aceros; 14,8% en cemento portland; 10,3% en art\u00edculos sanitarios de cer\u00e1mica; 9,3% en pinturas; 8,1% en pisos y revestimientos cer\u00e1micos; 8 % en yeso y 2,5% en cales. Mientras tanto se observan bajas de 8,2% en ladrillos huecos; de 4% en asfalto; y de 1,9% en mosaicos gran\u00edticos y calc\u00e1reos.<\/p>\n","protected":false},"excerpt":{"rendered":"<p>Los datos proporcionados por el Instituto Nacional de Estad\u00edstica y Censos corresponden a la comparaci\u00f3n interanual de ambos \u00edndices. En el primer semestre del a\u00f1o el sector fabril acumul\u00f3 un alza del 5,9% y el de la construcci\u00f3n del 6,5%.<\/p>\n","protected":false},"author":2,"featured_media":43431,"comment_status":"open","ping_status":"open","sticky":false,"template":"","format":"standard","meta":{"om_disable_all_campaigns":false,"_monsterinsights_skip_tracking":false,"_monsterinsights_sitenote_active":false,"_monsterinsights_sitenote_note":"","_monsterinsights_sitenote_category":0,"_uf_show_specific_survey":0,"_uf_disable_surveys":false,"jetpack_post_was_ever_published":false,"_jetpack_newsletter_access":"","_jetpack_dont_email_post_to_subs":false,"_jetpack_newsletter_tier_id":0,"_jetpack_memberships_contains_paywalled_content":false,"_jetpack_memberships_contains_paid_content":false,"footnotes":"","jetpack_publicize_message":"","jetpack_publicize_feature_enabled":true,"jetpack_social_post_already_shared":false,"jetpack_social_options":{"image_generator_settings":{"template":"highway","default_image_id":0,"font":"","enabled":false},"version":2}},"categories":[4,2],"tags":[],"class_list":["post-43430","post","type-post","status-publish","format-standard","has-post-thumbnail","hentry","category-destacadas","category-economia"],"aioseo_notices":[],"views":6,"jetpack_publicize_connections":[],"jetpack_featured_media_url":"https:\/\/i0.wp.com\/elterritorialweb.com.ar\/web\/wp-content\/uploads\/2022\/08\/INDUSTRIA-ARGENTINA.jpg?fit=1200%2C675","jetpack_sharing_enabled":true,"_links":{"self":[{"href":"http:\/\/elterritorialweb.com.ar\/web\/wp-json\/wp\/v2\/posts\/43430","targetHints":{"allow":["GET"]}}],"collection":[{"href":"http:\/\/elterritorialweb.com.ar\/web\/wp-json\/wp\/v2\/posts"}],"about":[{"href":"http:\/\/elterritorialweb.com.ar\/web\/wp-json\/wp\/v2\/types\/post"}],"author":[{"embeddable":true,"href":"http:\/\/elterritorialweb.com.ar\/web\/wp-json\/wp\/v2\/users\/2"}],"replies":[{"embeddable":true,"href":"http:\/\/elterritorialweb.com.ar\/web\/wp-json\/wp\/v2\/comments?post=43430"}],"version-history":[{"count":1,"href":"http:\/\/elterritorialweb.com.ar\/web\/wp-json\/wp\/v2\/posts\/43430\/revisions"}],"predecessor-version":[{"id":43432,"href":"http:\/\/elterritorialweb.com.ar\/web\/wp-json\/wp\/v2\/posts\/43430\/revisions\/43432"}],"wp:featuredmedia":[{"embeddable":true,"href":"http:\/\/elterritorialweb.com.ar\/web\/wp-json\/wp\/v2\/media\/43431"}],"wp:attachment":[{"href":"http:\/\/elterritorialweb.com.ar\/web\/wp-json\/wp\/v2\/media?parent=43430"}],"wp:term":[{"taxonomy":"category","embeddable":true,"href":"http:\/\/elterritorialweb.com.ar\/web\/wp-json\/wp\/v2\/categories?post=43430"},{"taxonomy":"post_tag","embeddable":true,"href":"http:\/\/elterritorialweb.com.ar\/web\/wp-json\/wp\/v2\/tags?post=43430"}],"curies":[{"name":"wp","href":"https:\/\/api.w.org\/{rel}","templated":true}]}}