{"id":43563,"date":"2022-08-11T18:38:30","date_gmt":"2022-08-11T18:38:30","guid":{"rendered":"http:\/\/elterritorialweb.com.ar\/web\/?p=43563"},"modified":"2022-08-11T22:09:11","modified_gmt":"2022-08-11T22:09:11","slug":"43563-2","status":"publish","type":"post","link":"http:\/\/elterritorialweb.com.ar\/web\/43563-2\/","title":{"rendered":"ZAMORA INTERES\u00d3 A UNA EMPRESA BRASILE\u00d1A PARA INSTALAR UNA PLANTA DE PRODUCCI\u00d3N EN SANTIAGO DEL ESTERO"},"content":{"rendered":"\n<p>Tambi\u00e9n participaron del encuentro mantenido en ciudad de Buenos Aires el subsecretario de Industria de la provincia, Llamil Abdala, y otros directivos de la empresa dedicada a la producci\u00f3n y elaboraci\u00f3n de pinturas de alta tecnolog\u00eda que actualmente tiene presencia en 12 pa\u00edses de Am\u00e9rica Latina, con una extensa red de distribuci\u00f3n y ventas en Argentina para el segmento automotriz, de mobiliarios y producci\u00f3n en general.<br>En esta oportunidad tambi\u00e9n se plante\u00f3 la posibilidad de que el gobernador disfrute este domingo junto con los directivos de la empresa del espect\u00e1culo que ofrecer\u00e1 la Porsche Cup Brasil en el Aut\u00f3dromo Internacional de Las Termas de R\u00edo Hondo, evento que tiene a Tintas Farben SA como uno de sus patrocinadores.<\/p>\n","protected":false},"excerpt":{"rendered":"<p>El gobernador Gerardo Zamora mantuvo este jueves una reuni\u00f3n con Edmilson Zanatta, CEO de la firma brasile\u00f1a Tintas Farben SA, a quien dio a conocer los beneficios de la Ley de Promoci\u00f3n Industrial de Santiago del Estero con el objetivo de captar el inter\u00e9s necesario para la instalaci\u00f3n en la provincia de la primera planta de producci\u00f3n de esta firma en el pa\u00eds.<\/p>\n","protected":false},"author":2,"featured_media":43575,"comment_status":"open","ping_status":"open","sticky":false,"template":"","format":"standard","meta":{"om_disable_all_campaigns":false,"_monsterinsights_skip_tracking":false,"_monsterinsights_sitenote_active":false,"_monsterinsights_sitenote_note":"","_monsterinsights_sitenote_category":0,"_uf_show_specific_survey":0,"_uf_disable_surveys":false,"jetpack_post_was_ever_published":false,"_jetpack_newsletter_access":"","_jetpack_dont_email_post_to_subs":false,"_jetpack_newsletter_tier_id":0,"_jetpack_memberships_contains_paywalled_content":false,"_jetpack_memberships_contains_paid_content":false,"footnotes":"","jetpack_publicize_message":"","jetpack_publicize_feature_enabled":true,"jetpack_social_post_already_shared":false,"jetpack_social_options":{"image_generator_settings":{"template":"highway","default_image_id":0,"font":"","enabled":false},"version":2}},"categories":[21],"tags":[],"class_list":["post-43563","post","type-post","status-publish","format-standard","has-post-thumbnail","hentry","category-locales"],"aioseo_notices":[],"views":13,"jetpack_publicize_connections":[],"jetpack_featured_media_url":"https:\/\/i0.wp.com\/elterritorialweb.com.ar\/web\/wp-content\/uploads\/2022\/08\/empresa-1-1.jpeg?fit=894%2C747","jetpack_sharing_enabled":true,"_links":{"self":[{"href":"http:\/\/elterritorialweb.com.ar\/web\/wp-json\/wp\/v2\/posts\/43563","targetHints":{"allow":["GET"]}}],"collection":[{"href":"http:\/\/elterritorialweb.com.ar\/web\/wp-json\/wp\/v2\/posts"}],"about":[{"href":"http:\/\/elterritorialweb.com.ar\/web\/wp-json\/wp\/v2\/types\/post"}],"author":[{"embeddable":true,"href":"http:\/\/elterritorialweb.com.ar\/web\/wp-json\/wp\/v2\/users\/2"}],"replies":[{"embeddable":true,"href":"http:\/\/elterritorialweb.com.ar\/web\/wp-json\/wp\/v2\/comments?post=43563"}],"version-history":[{"count":5,"href":"http:\/\/elterritorialweb.com.ar\/web\/wp-json\/wp\/v2\/posts\/43563\/revisions"}],"predecessor-version":[{"id":43577,"href":"http:\/\/elterritorialweb.com.ar\/web\/wp-json\/wp\/v2\/posts\/43563\/revisions\/43577"}],"wp:featuredmedia":[{"embeddable":true,"href":"http:\/\/elterritorialweb.com.ar\/web\/wp-json\/wp\/v2\/media\/43575"}],"wp:attachment":[{"href":"http:\/\/elterritorialweb.com.ar\/web\/wp-json\/wp\/v2\/media?parent=43563"}],"wp:term":[{"taxonomy":"category","embeddable":true,"href":"http:\/\/elterritorialweb.com.ar\/web\/wp-json\/wp\/v2\/categories?post=43563"},{"taxonomy":"post_tag","embeddable":true,"href":"http:\/\/elterritorialweb.com.ar\/web\/wp-json\/wp\/v2\/tags?post=43563"}],"curies":[{"name":"wp","href":"https:\/\/api.w.org\/{rel}","templated":true}]}}